{"id":71535,"date":"2022-11-29T00:01:35","date_gmt":"2022-11-29T00:01:35","guid":{"rendered":"https:\/\/jorgezanoni.com.br\/2019\/?p=71535"},"modified":"2022-11-29T00:01:35","modified_gmt":"2022-11-29T00:01:35","slug":"curso-enfermeiro-empreendedor-e-possivel","status":"publish","type":"post","link":"https:\/\/jorgezanoni.com.br\/2019\/curso-enfermeiro-empreendedor-e-possivel\/","title":{"rendered":"Curso: Enfermeiro empreendedor! \u00c9 poss\u00edvel?!"},"content":{"rendered":"<p style=\"text-align: justify;\"><span style=\"font-size: large;\"><i><strong>O curso \u00e9 on-line e est\u00e1 aberto a todos os interessados<\/strong>.<\/i><\/span><\/p>\n<p><span style=\"font-size: large;\">No dia 29 de novembro, \u00e0s 19h30, a Unifadra Dracena vai realizar o curso &#8220;Enfermeiro empreendedor! \u00c9 poss\u00edvel?!&#8221;. A participa\u00e7\u00e3o \u00e9 gratuita e aberta ao p\u00fablico.<\/span><\/p>\n<p><span style=\"font-size: large;\">As enfermeiras empreendedoras Lilian Carla Ferrari Sossai Panicio e Zenilda Marques Nu\u00f1ez v\u00e3o contar um pouco sobre suas trajet\u00f3rias e experi\u00eancias, comentando as diversas possibilidades do mercado de trabalho e a atua\u00e7\u00e3o do enfermeiro empreendedor.<\/span><\/p>\n<p><span style=\"font-size: large;\">&#8220;Muita gente s\u00f3 pensa no enfermeiro atuando em hospitais e no cuidado aos doentes, mas h\u00e1 in\u00fameras possibilidades a serem exploradas por enfermeiros. Vamos indicar algumas delas durante nosso curso, ressaltando aquelas oportunidades em que ele pode empreender e criar um servi\u00e7o diferenciado&#8221;, aponta Lilian Sossai, atual coordenadora do curso de Enfermagem da Unifadra.<\/span><\/p>\n<p><b><span style=\"font-size: large;\">Curso: Enfermeiro empreendedor! \u00c9 poss\u00edvel?!<\/span><br \/>\n<\/b><span style=\"font-size: large;\"><b>Quando<\/b>: 29 de novembro, \u00e0s 19h30 (dura\u00e7\u00e3o: 1h)<\/span><br \/>\n<span style=\"font-size: large;\"><b>Inscri\u00e7\u00f5es gratuitas<\/b>:\u00a0<a href=\"http:\/\/linktr.ee\/unifadra\" target=\"_blank\" rel=\"noopener noreferrer\">linktr.ee\/unifadra<\/a><\/span><\/p>\n","protected":false},"excerpt":{"rendered":"<p>O curso \u00e9 on-line e est\u00e1 aberto a todos os interessados. No dia 29 de novembro, \u00e0s 19h30, a Unifadra Dracena vai realizar o curso &#8220;Enfermeiro empreendedor! \u00c9 poss\u00edvel?!&#8221;. A participa\u00e7\u00e3o \u00e9 gratuita e aberta ao p\u00fablico. As enfermeiras empreendedoras Lilian Carla Ferrari Sossai Panicio e Zenilda Marques Nu\u00f1ez v\u00e3o contar um pouco sobre suas [&hellip;]<\/p>\n","protected":false},"author":1,"featured_media":71536,"comment_status":"closed","ping_status":"open","sticky":false,"template":"","format":"standard","meta":{"footnotes":""},"categories":[110,122],"tags":[],"class_list":["post-71535","post","type-post","status-publish","format-standard","has-post-thumbnail","hentry","category-noticiasdestaque","category-saudeeducacaoeconcurso"],"_links":{"self":[{"href":"https:\/\/jorgezanoni.com.br\/2019\/wp-json\/wp\/v2\/posts\/71535","targetHints":{"allow":["GET"]}}],"collection":[{"href":"https:\/\/jorgezanoni.com.br\/2019\/wp-json\/wp\/v2\/posts"}],"about":[{"href":"https:\/\/jorgezanoni.com.br\/2019\/wp-json\/wp\/v2\/types\/post"}],"author":[{"embeddable":true,"href":"https:\/\/jorgezanoni.com.br\/2019\/wp-json\/wp\/v2\/users\/1"}],"replies":[{"embeddable":true,"href":"https:\/\/jorgezanoni.com.br\/2019\/wp-json\/wp\/v2\/comments?post=71535"}],"version-history":[{"count":1,"href":"https:\/\/jorgezanoni.com.br\/2019\/wp-json\/wp\/v2\/posts\/71535\/revisions"}],"predecessor-version":[{"id":71537,"href":"https:\/\/jorgezanoni.com.br\/2019\/wp-json\/wp\/v2\/posts\/71535\/revisions\/71537"}],"wp:featuredmedia":[{"embeddable":true,"href":"https:\/\/jorgezanoni.com.br\/2019\/wp-json\/wp\/v2\/media\/71536"}],"wp:attachment":[{"href":"https:\/\/jorgezanoni.com.br\/2019\/wp-json\/wp\/v2\/media?parent=71535"}],"wp:term":[{"taxonomy":"category","embeddable":true,"href":"https:\/\/jorgezanoni.com.br\/2019\/wp-json\/wp\/v2\/categories?post=71535"},{"taxonomy":"post_tag","embeddable":true,"href":"https:\/\/jorgezanoni.com.br\/2019\/wp-json\/wp\/v2\/tags?post=71535"}],"curies":[{"name":"wp","href":"https:\/\/api.w.org\/{rel}","templated":true}]}}