{"id":71526,"date":"2022-11-28T23:19:39","date_gmt":"2022-11-28T23:19:39","guid":{"rendered":"https:\/\/jorgezanoni.com.br\/2019\/?p=71526"},"modified":"2022-11-29T12:20:23","modified_gmt":"2022-11-29T12:20:23","slug":"possivel-briga-no-transito-acaba-em-acidente-com-vitima-em-dracena","status":"publish","type":"post","link":"https:\/\/jorgezanoni.com.br\/2019\/possivel-briga-no-transito-acaba-em-acidente-com-vitima-em-dracena\/","title":{"rendered":"Poss\u00edvel briga no tr\u00e2nsito acaba em acidente com v\u00edtima em Dracena"},"content":{"rendered":"<p style=\"text-align: justify;\"><strong>Acidente aconteceu no in\u00edcio da noite desta segunda-feira (28) na Avenida Presidente Vargas em Dracena.<\/strong><\/p>\n<p style=\"text-align: justify;\">Segundo informa\u00e7\u00f5es obtidas no local pela reportagem do Sie JZ, um ve\u00edculo Ford Fusion Branco, estava sendo perseguido por outro ve\u00edculo tamb\u00e9m Ford Fusion Preto, e quando faziam o sentido centro-bairro pela Rua S\u00e3o Paulo, ao cruzarem a Avenida Presidente Vargas, o carro branco colidiu com um ve\u00edculo HB 20 branco, placas de Dracena, dirigido por uma mulher de 49 anos que estava acompanhada da filha de 19 anos.<\/p>\n<p style=\"text-align: justify;\">Com o impacto, a condutora do HB 20 teve ferimentos em um dos punhos e precisou de socorro no Pronto Atendimento Municipal.<\/p>\n<p style=\"text-align: justify;\">Os dois ve\u00edculos Fusion eram dirigidos por mulheres, sendo que houve discuss\u00e3o e as mesmas abandonaram o local do acidente.<\/p>\n<p style=\"text-align: justify;\">A Pol\u00edcia Militar que j\u00e1 tem dados das duas condutoras dos ve\u00edculos Fusion esteve no local dos fatos e na resid\u00eancia das mulheres para confec\u00e7\u00e3o do B.O.<\/p>\n<p style=\"text-align: justify;\">A Per\u00edcia T\u00e9cnica vai apurar as reais causas do acidente.<\/p>\n<p><img loading=\"lazy\" decoding=\"async\" class=\"alignnone size-full wp-image-71527\" src=\"https:\/\/jorgezanoni.com.br\/2019\/wp-content\/uploads\/2022\/11\/IMG_2775-2.jpg\" alt=\"\" width=\"615\" height=\"525\" srcset=\"https:\/\/jorgezanoni.com.br\/2019\/wp-content\/uploads\/2022\/11\/IMG_2775-2.jpg 615w, https:\/\/jorgezanoni.com.br\/2019\/wp-content\/uploads\/2022\/11\/IMG_2775-2-300x256.jpg 300w, https:\/\/jorgezanoni.com.br\/2019\/wp-content\/uploads\/2022\/11\/IMG_2775-2-492x420.jpg 492w\" sizes=\"auto, (max-width: 615px) 100vw, 615px\" \/> <img loading=\"lazy\" decoding=\"async\" class=\"alignnone size-full wp-image-71528\" src=\"https:\/\/jorgezanoni.com.br\/2019\/wp-content\/uploads\/2022\/11\/IMG_2776-2.jpg\" alt=\"\" width=\"696\" height=\"485\" srcset=\"https:\/\/jorgezanoni.com.br\/2019\/wp-content\/uploads\/2022\/11\/IMG_2776-2.jpg 696w, https:\/\/jorgezanoni.com.br\/2019\/wp-content\/uploads\/2022\/11\/IMG_2776-2-300x209.jpg 300w, https:\/\/jorgezanoni.com.br\/2019\/wp-content\/uploads\/2022\/11\/IMG_2776-2-100x70.jpg 100w, https:\/\/jorgezanoni.com.br\/2019\/wp-content\/uploads\/2022\/11\/IMG_2776-2-603x420.jpg 603w\" sizes=\"auto, (max-width: 696px) 100vw, 696px\" \/><\/p>\n<p style=\"text-align: justify;\">Jorge Zanoni<\/p>\n","protected":false},"excerpt":{"rendered":"<p>Acidente aconteceu no in\u00edcio da noite desta segunda-feira (28) na Avenida Presidente Vargas em Dracena. Segundo informa\u00e7\u00f5es obtidas no local pela reportagem do Sie JZ, um ve\u00edculo Ford Fusion Branco, estava sendo perseguido por outro ve\u00edculo tamb\u00e9m Ford Fusion Preto, e quando faziam o sentido centro-bairro pela Rua S\u00e3o Paulo, ao cruzarem a Avenida Presidente [&hellip;]<\/p>\n","protected":false},"author":1,"featured_media":71529,"comment_status":"closed","ping_status":"open","sticky":false,"template":"","format":"standard","meta":{"footnotes":""},"categories":[170,110],"tags":[],"class_list":["post-71526","post","type-post","status-publish","format-standard","has-post-thumbnail","hentry","category-acidentes","category-noticiasdestaque"],"_links":{"self":[{"href":"https:\/\/jorgezanoni.com.br\/2019\/wp-json\/wp\/v2\/posts\/71526","targetHints":{"allow":["GET"]}}],"collection":[{"href":"https:\/\/jorgezanoni.com.br\/2019\/wp-json\/wp\/v2\/posts"}],"about":[{"href":"https:\/\/jorgezanoni.com.br\/2019\/wp-json\/wp\/v2\/types\/post"}],"author":[{"embeddable":true,"href":"https:\/\/jorgezanoni.com.br\/2019\/wp-json\/wp\/v2\/users\/1"}],"replies":[{"embeddable":true,"href":"https:\/\/jorgezanoni.com.br\/2019\/wp-json\/wp\/v2\/comments?post=71526"}],"version-history":[{"count":3,"href":"https:\/\/jorgezanoni.com.br\/2019\/wp-json\/wp\/v2\/posts\/71526\/revisions"}],"predecessor-version":[{"id":71552,"href":"https:\/\/jorgezanoni.com.br\/2019\/wp-json\/wp\/v2\/posts\/71526\/revisions\/71552"}],"wp:featuredmedia":[{"embeddable":true,"href":"https:\/\/jorgezanoni.com.br\/2019\/wp-json\/wp\/v2\/media\/71529"}],"wp:attachment":[{"href":"https:\/\/jorgezanoni.com.br\/2019\/wp-json\/wp\/v2\/media?parent=71526"}],"wp:term":[{"taxonomy":"category","embeddable":true,"href":"https:\/\/jorgezanoni.com.br\/2019\/wp-json\/wp\/v2\/categories?post=71526"},{"taxonomy":"post_tag","embeddable":true,"href":"https:\/\/jorgezanoni.com.br\/2019\/wp-json\/wp\/v2\/tags?post=71526"}],"curies":[{"name":"wp","href":"https:\/\/api.w.org\/{rel}","templated":true}]}}