{"id":71517,"date":"2022-11-28T14:14:31","date_gmt":"2022-11-28T14:14:31","guid":{"rendered":"https:\/\/jorgezanoni.com.br\/2019\/?p=71517"},"modified":"2022-11-28T14:15:49","modified_gmt":"2022-11-28T14:15:49","slug":"homem-e-encontrado-morto-em-estabelecimento-comercial-em-dracena","status":"publish","type":"post","link":"https:\/\/jorgezanoni.com.br\/2019\/homem-e-encontrado-morto-em-estabelecimento-comercial-em-dracena\/","title":{"rendered":"Homem \u00e9 encontrado morto em estabelecimento comercial em Dracena"},"content":{"rendered":"<p><strong>Tiago de Jesus de 40 anos foi reconhecido por familiares e amigos.<\/strong><\/p>\n<p style=\"text-align: justify;\">Na manh\u00e3 desta segunda-feira (28), foi encontrado sem vida, o corpo de Tiago de Jesus de 40 anos, na \u00e1rea externa coberta de um bar localizado na Avenida Alcides Chacon Couto, proximidades da entrada da Fapidra.<\/p>\n<p style=\"text-align: justify;\">Segundo informa\u00e7\u00f5es preliminares obtidas no local pela reportagem do Site JZ, a poss\u00edvel causa pode ter sido um infarto.<\/p>\n<p style=\"text-align: justify;\">Tiago deixa m\u00e3e, filho, irm\u00e3os, demais familiares e amigos.<\/p>\n<p style=\"text-align: justify;\">A Funen\u00e1ria do Mois\u00e9s providenciou a remo\u00e7\u00e3o do corpo. As Pol\u00edcias Militar e T\u00e9cnica, estiveram no local para as provid\u00eancias dos tr\u00e2mites legais.<\/p>\n<p><img loading=\"lazy\" decoding=\"async\" class=\"alignnone size-full wp-image-71518\" src=\"https:\/\/jorgezanoni.com.br\/2019\/wp-content\/uploads\/2022\/11\/IMG_2731-Pequeno.jpg\" alt=\"\" width=\"640\" height=\"480\" srcset=\"https:\/\/jorgezanoni.com.br\/2019\/wp-content\/uploads\/2022\/11\/IMG_2731-Pequeno.jpg 640w, https:\/\/jorgezanoni.com.br\/2019\/wp-content\/uploads\/2022\/11\/IMG_2731-Pequeno-300x225.jpg 300w, https:\/\/jorgezanoni.com.br\/2019\/wp-content\/uploads\/2022\/11\/IMG_2731-Pequeno-80x60.jpg 80w, https:\/\/jorgezanoni.com.br\/2019\/wp-content\/uploads\/2022\/11\/IMG_2731-Pequeno-265x198.jpg 265w, https:\/\/jorgezanoni.com.br\/2019\/wp-content\/uploads\/2022\/11\/IMG_2731-Pequeno-560x420.jpg 560w\" sizes=\"auto, (max-width: 640px) 100vw, 640px\" \/> <img loading=\"lazy\" decoding=\"async\" class=\"alignnone size-full wp-image-71521\" src=\"https:\/\/jorgezanoni.com.br\/2019\/wp-content\/uploads\/2022\/11\/IMG_2734-Pequeno.jpg\" alt=\"\" width=\"640\" height=\"480\" srcset=\"https:\/\/jorgezanoni.com.br\/2019\/wp-content\/uploads\/2022\/11\/IMG_2734-Pequeno.jpg 640w, https:\/\/jorgezanoni.com.br\/2019\/wp-content\/uploads\/2022\/11\/IMG_2734-Pequeno-300x225.jpg 300w, https:\/\/jorgezanoni.com.br\/2019\/wp-content\/uploads\/2022\/11\/IMG_2734-Pequeno-80x60.jpg 80w, https:\/\/jorgezanoni.com.br\/2019\/wp-content\/uploads\/2022\/11\/IMG_2734-Pequeno-265x198.jpg 265w, https:\/\/jorgezanoni.com.br\/2019\/wp-content\/uploads\/2022\/11\/IMG_2734-Pequeno-560x420.jpg 560w\" sizes=\"auto, (max-width: 640px) 100vw, 640px\" \/> <img loading=\"lazy\" decoding=\"async\" class=\"alignnone size-full wp-image-71522\" src=\"https:\/\/jorgezanoni.com.br\/2019\/wp-content\/uploads\/2022\/11\/IMG_2735-Pequeno.jpg\" alt=\"\" width=\"640\" height=\"480\" srcset=\"https:\/\/jorgezanoni.com.br\/2019\/wp-content\/uploads\/2022\/11\/IMG_2735-Pequeno.jpg 640w, https:\/\/jorgezanoni.com.br\/2019\/wp-content\/uploads\/2022\/11\/IMG_2735-Pequeno-300x225.jpg 300w, https:\/\/jorgezanoni.com.br\/2019\/wp-content\/uploads\/2022\/11\/IMG_2735-Pequeno-80x60.jpg 80w, https:\/\/jorgezanoni.com.br\/2019\/wp-content\/uploads\/2022\/11\/IMG_2735-Pequeno-265x198.jpg 265w, https:\/\/jorgezanoni.com.br\/2019\/wp-content\/uploads\/2022\/11\/IMG_2735-Pequeno-560x420.jpg 560w\" sizes=\"auto, (max-width: 640px) 100vw, 640px\" \/><\/p>\n<p style=\"text-align: justify;\">Jorge Zanoni<\/p>\n","protected":false},"excerpt":{"rendered":"<p>Tiago de Jesus de 40 anos foi reconhecido por familiares e amigos. Na manh\u00e3 desta segunda-feira (28), foi encontrado sem vida, o corpo de Tiago de Jesus de 40 anos, na \u00e1rea externa coberta de um bar localizado na Avenida Alcides Chacon Couto, proximidades da entrada da Fapidra. Segundo informa\u00e7\u00f5es preliminares obtidas no local pela [&hellip;]<\/p>\n","protected":false},"author":1,"featured_media":71519,"comment_status":"closed","ping_status":"open","sticky":false,"template":"","format":"standard","meta":{"footnotes":""},"categories":[110,2],"tags":[],"class_list":["post-71517","post","type-post","status-publish","format-standard","has-post-thumbnail","hentry","category-noticiasdestaque","category-policial"],"_links":{"self":[{"href":"https:\/\/jorgezanoni.com.br\/2019\/wp-json\/wp\/v2\/posts\/71517","targetHints":{"allow":["GET"]}}],"collection":[{"href":"https:\/\/jorgezanoni.com.br\/2019\/wp-json\/wp\/v2\/posts"}],"about":[{"href":"https:\/\/jorgezanoni.com.br\/2019\/wp-json\/wp\/v2\/types\/post"}],"author":[{"embeddable":true,"href":"https:\/\/jorgezanoni.com.br\/2019\/wp-json\/wp\/v2\/users\/1"}],"replies":[{"embeddable":true,"href":"https:\/\/jorgezanoni.com.br\/2019\/wp-json\/wp\/v2\/comments?post=71517"}],"version-history":[{"count":3,"href":"https:\/\/jorgezanoni.com.br\/2019\/wp-json\/wp\/v2\/posts\/71517\/revisions"}],"predecessor-version":[{"id":71525,"href":"https:\/\/jorgezanoni.com.br\/2019\/wp-json\/wp\/v2\/posts\/71517\/revisions\/71525"}],"wp:featuredmedia":[{"embeddable":true,"href":"https:\/\/jorgezanoni.com.br\/2019\/wp-json\/wp\/v2\/media\/71519"}],"wp:attachment":[{"href":"https:\/\/jorgezanoni.com.br\/2019\/wp-json\/wp\/v2\/media?parent=71517"}],"wp:term":[{"taxonomy":"category","embeddable":true,"href":"https:\/\/jorgezanoni.com.br\/2019\/wp-json\/wp\/v2\/categories?post=71517"},{"taxonomy":"post_tag","embeddable":true,"href":"https:\/\/jorgezanoni.com.br\/2019\/wp-json\/wp\/v2\/tags?post=71517"}],"curies":[{"name":"wp","href":"https:\/\/api.w.org\/{rel}","templated":true}]}}