{"id":7151,"date":"2019-09-24T16:02:43","date_gmt":"2019-09-24T16:02:43","guid":{"rendered":"https:\/\/jorgezanoni.com.br\/2019\/?p=7151"},"modified":"2019-09-24T16:02:43","modified_gmt":"2019-09-24T16:02:43","slug":"mp-abre-inquerito-civil-para-apurar-conduta-do-prefeito-juliano-bertolini-de-correligionario-e-de-duas-empresas","status":"publish","type":"post","link":"https:\/\/jorgezanoni.com.br\/2019\/mp-abre-inquerito-civil-para-apurar-conduta-do-prefeito-juliano-bertolini-de-correligionario-e-de-duas-empresas\/","title":{"rendered":"MP abre Inqu\u00e9rito Civil para apurar conduta do Prefeito Juliano Bertolini, de correligion\u00e1rio e de duas empresas"},"content":{"rendered":"<p style=\"text-align: justify;\">O Minist\u00e9rio P\u00fablico desta Comarca por meio do Promotor de Justi\u00e7a local, Ruy Bodini, instaurou inqu\u00e9rito civil a fim de apurar poss\u00edvel dano ao patrim\u00f4nio p\u00fablico cometido pelo Prefeito de Dracena, o Sr. Juliano Bertolini, al\u00e9m do Sr. Vanderlei Isael Biazini e mais duas empresas: B&amp;S Gest\u00e3o P\u00fablica S\/S Ltda e Fiorilli Software Ltda.<br \/>\nA not\u00edcia de fato possivelment<span class=\"text_exposed_show\">e lesivo ao er\u00e1rio p\u00fablico \u00e9 de autoria da ONG Vigilantes da Gest\u00e3o que tem sede em Curitiba\/PR e atua em todo territ\u00f3rio nacional no combate ao mau uso dos recursos p\u00fablicos. O inqu\u00e9rito civil consiste na (1) apura\u00e7\u00e3o da contrata\u00e7\u00e3o sem necessidade de ambas as empresas para presta\u00e7\u00e3o de servi\u00e7os supostamente ordin\u00e1rios e cont\u00ednuos da Administra\u00e7\u00e3o P\u00fablica, (2) poss\u00edveis irregularidades nos procedimentos licitat\u00f3rios e (3) ind\u00edcios de direcionamento nos certames.<br \/>\nA Promotoria destacou que o eventual direcionamento que culminou com a contrata\u00e7\u00e3o de ambas as empresas, tem como um dos s\u00f3cios de uma das empresas, o Sr. Vanderlei Isael Biazini, ent\u00e3o correligion\u00e1rio pol\u00edtico do atual Prefeito Municipal de Dracena e defensor em processo judicial em curso na comarca de Dracena.<br \/>\nSegundo o Promotor, em obedi\u00eancia \u00e0 Constitui\u00e7\u00e3o Federal que destaca a observa\u00e7\u00e3o dos princ\u00edpios da legalidade, impessoalidade, moralidade, publicidade e efici\u00eancia, \u00e9 de interesse do Minist\u00e9rio Publico a apura\u00e7\u00e3o dos fatos para posteriormente tomar eventuais provid\u00eancias em \u00e2mbito judicial ou extrajudicial.<br \/>\nOs fatos noticiados t\u00eam como tema improbidade administrativa ocasionando preju\u00edzo ao er\u00e1rio e viola\u00e7\u00e3o a princ\u00edpios. Os atos de improbidade administrativa podem importar na suspens\u00e3o dos direitos pol\u00edticos, a perda da fun\u00e7\u00e3o p\u00fablica, a indisponibilidade dos bens e o ressarcimento ao er\u00e1rio, na forma e grada\u00e7\u00e3o previstas em lei, sem preju\u00edzo da a\u00e7\u00e3o penal cab\u00edvel.<\/span><\/p>\n<p style=\"text-align: justify;\">Fonte: https:\/\/jornalinterativo.net\/2016\/mp-abre-inquerito-civil-para-apurar-conduta-do-prefeito-juliano-bertolini-de-correligionario-e-de-duas-empresas\/<\/p>\n","protected":false},"excerpt":{"rendered":"<p>O Minist\u00e9rio P\u00fablico desta Comarca por meio do Promotor de Justi\u00e7a local, Ruy Bodini, instaurou inqu\u00e9rito civil a fim de apurar poss\u00edvel dano ao patrim\u00f4nio p\u00fablico cometido pelo Prefeito de Dracena, o Sr. Juliano Bertolini, al\u00e9m do Sr. Vanderlei Isael Biazini e mais duas empresas: B&amp;S Gest\u00e3o P\u00fablica S\/S Ltda e Fiorilli Software Ltda. A [&hellip;]<\/p>\n","protected":false},"author":1,"featured_media":7152,"comment_status":"closed","ping_status":"open","sticky":false,"template":"","format":"standard","meta":{"footnotes":""},"categories":[120,110],"tags":[],"class_list":["post-7151","post","type-post","status-publish","format-standard","has-post-thumbnail","hentry","category-justicahabitacaotecnologia","category-noticiasdestaque"],"_links":{"self":[{"href":"https:\/\/jorgezanoni.com.br\/2019\/wp-json\/wp\/v2\/posts\/7151","targetHints":{"allow":["GET"]}}],"collection":[{"href":"https:\/\/jorgezanoni.com.br\/2019\/wp-json\/wp\/v2\/posts"}],"about":[{"href":"https:\/\/jorgezanoni.com.br\/2019\/wp-json\/wp\/v2\/types\/post"}],"author":[{"embeddable":true,"href":"https:\/\/jorgezanoni.com.br\/2019\/wp-json\/wp\/v2\/users\/1"}],"replies":[{"embeddable":true,"href":"https:\/\/jorgezanoni.com.br\/2019\/wp-json\/wp\/v2\/comments?post=7151"}],"version-history":[{"count":0,"href":"https:\/\/jorgezanoni.com.br\/2019\/wp-json\/wp\/v2\/posts\/7151\/revisions"}],"wp:featuredmedia":[{"embeddable":true,"href":"https:\/\/jorgezanoni.com.br\/2019\/wp-json\/wp\/v2\/media\/7152"}],"wp:attachment":[{"href":"https:\/\/jorgezanoni.com.br\/2019\/wp-json\/wp\/v2\/media?parent=7151"}],"wp:term":[{"taxonomy":"category","embeddable":true,"href":"https:\/\/jorgezanoni.com.br\/2019\/wp-json\/wp\/v2\/categories?post=7151"},{"taxonomy":"post_tag","embeddable":true,"href":"https:\/\/jorgezanoni.com.br\/2019\/wp-json\/wp\/v2\/tags?post=7151"}],"curies":[{"name":"wp","href":"https:\/\/api.w.org\/{rel}","templated":true}]}}