{"id":7147,"date":"2019-09-24T15:51:07","date_gmt":"2019-09-24T15:51:07","guid":{"rendered":"https:\/\/jorgezanoni.com.br\/2019\/?p=7147"},"modified":"2019-09-24T15:51:07","modified_gmt":"2019-09-24T15:51:07","slug":"feira-das-profissoes-fundec-investe-em-nova-estrutura-e-convida-comunidade","status":"publish","type":"post","link":"https:\/\/jorgezanoni.com.br\/2019\/feira-das-profissoes-fundec-investe-em-nova-estrutura-e-convida-comunidade\/","title":{"rendered":"FEIRA DAS PROFISS\u00d5ES: Fundec investe em nova estrutura e convida comunidade"},"content":{"rendered":"<p style=\"font-weight: 400; text-align: justify;\"><strong><em>Unifadra e CEP\/UME ter\u00e3o estandes dos cursos para ajudar o visitante na escolha da profiss\u00e3o.<\/em><\/strong><\/p>\n<p style=\"font-weight: 400;\"><img loading=\"lazy\" decoding=\"async\" class=\"alignnone size-full wp-image-7148\" src=\"https:\/\/jorgezanoni.com.br\/2019\/wp-content\/uploads\/2019\/09\/feira.jpg\" alt=\"\" width=\"960\" height=\"720\" srcset=\"https:\/\/jorgezanoni.com.br\/2019\/wp-content\/uploads\/2019\/09\/feira.jpg 960w, https:\/\/jorgezanoni.com.br\/2019\/wp-content\/uploads\/2019\/09\/feira-300x225.jpg 300w, https:\/\/jorgezanoni.com.br\/2019\/wp-content\/uploads\/2019\/09\/feira-768x576.jpg 768w, https:\/\/jorgezanoni.com.br\/2019\/wp-content\/uploads\/2019\/09\/feira-80x60.jpg 80w, https:\/\/jorgezanoni.com.br\/2019\/wp-content\/uploads\/2019\/09\/feira-265x198.jpg 265w, https:\/\/jorgezanoni.com.br\/2019\/wp-content\/uploads\/2019\/09\/feira-696x522.jpg 696w, https:\/\/jorgezanoni.com.br\/2019\/wp-content\/uploads\/2019\/09\/feira-560x420.jpg 560w\" sizes=\"auto, (max-width: 960px) 100vw, 960px\" \/><\/p>\n<p style=\"font-weight: 400; text-align: justify;\">O momento de escolher a sua profiss\u00e3o \u00e9 sempre cheio de d\u00favidas e pede uma pesquisa das informa\u00e7\u00f5es sobre mercado de trabalho, \u00e1reas de atua\u00e7\u00e3o e disciplinas do curso. Pensando nisso, a Fundec realizar\u00e1 a sua Feira das Profiss\u00f5es nos dias 8 e 9 de outubro, no Gin\u00e1sio Galen\u00e3o, com uma nova estrutura e cheia de novidades.<\/p>\n<p style=\"font-weight: 400; text-align: justify;\">A EDUCA\u00c7\u00c3O MUDA O MUNDO \u00e9 o tema de 2019 da Feira das Profiss\u00f5es. A Fundec investiu em uma feira moderna, com apresenta\u00e7\u00f5es de seus cursos t\u00e9cnicos e superiores, demonstra\u00e7\u00f5es das pr\u00e1ticas profissionais, informa\u00e7\u00f5es e entretenimento para os visitantes.<\/p>\n<p style=\"font-weight: 400; text-align: justify;\">O evento \u00e9 gratuito e aberto ao p\u00fablico. Os hor\u00e1rios de visita\u00e7\u00e3o s\u00e3o: dia 08\/10 (ter\u00e7a-feira) \u2013 das 8h \u00e0s 11h e das 19h \u00e0s 22h; e dia 09\/10 (quarta-feira) das 8h \u00e0s 11h. Grupos grandes de escolas dever\u00e3o agendar a visita guiada pelo telefone (18) 3821-9017, com Luana Felippe.<\/p>\n<p style=\"font-weight: 400; text-align: justify;\"><strong>Carolina Colnago<\/strong><\/p>\n<p style=\"font-weight: 400; text-align: justify;\">Assessora de Comunica\u00e7\u00e3o da Fundec &#8211; Jornalista<\/p>\n<p style=\"text-align: justify;\">Foto: Nova estrutura que ser\u00e1 utilizada na Feira de Profiss\u00f5es da Fundec.<\/p>\n","protected":false},"excerpt":{"rendered":"<p>Unifadra e CEP\/UME ter\u00e3o estandes dos cursos para ajudar o visitante na escolha da profiss\u00e3o. O momento de escolher a sua profiss\u00e3o \u00e9 sempre cheio de d\u00favidas e pede uma pesquisa das informa\u00e7\u00f5es sobre mercado de trabalho, \u00e1reas de atua\u00e7\u00e3o e disciplinas do curso. Pensando nisso, a Fundec realizar\u00e1 a sua Feira das Profiss\u00f5es nos [&hellip;]<\/p>\n","protected":false},"author":1,"featured_media":7149,"comment_status":"closed","ping_status":"open","sticky":false,"template":"","format":"standard","meta":{"footnotes":""},"categories":[110,122],"tags":[],"class_list":["post-7147","post","type-post","status-publish","format-standard","has-post-thumbnail","hentry","category-noticiasdestaque","category-saudeeducacaoeconcurso"],"_links":{"self":[{"href":"https:\/\/jorgezanoni.com.br\/2019\/wp-json\/wp\/v2\/posts\/7147","targetHints":{"allow":["GET"]}}],"collection":[{"href":"https:\/\/jorgezanoni.com.br\/2019\/wp-json\/wp\/v2\/posts"}],"about":[{"href":"https:\/\/jorgezanoni.com.br\/2019\/wp-json\/wp\/v2\/types\/post"}],"author":[{"embeddable":true,"href":"https:\/\/jorgezanoni.com.br\/2019\/wp-json\/wp\/v2\/users\/1"}],"replies":[{"embeddable":true,"href":"https:\/\/jorgezanoni.com.br\/2019\/wp-json\/wp\/v2\/comments?post=7147"}],"version-history":[{"count":0,"href":"https:\/\/jorgezanoni.com.br\/2019\/wp-json\/wp\/v2\/posts\/7147\/revisions"}],"wp:featuredmedia":[{"embeddable":true,"href":"https:\/\/jorgezanoni.com.br\/2019\/wp-json\/wp\/v2\/media\/7149"}],"wp:attachment":[{"href":"https:\/\/jorgezanoni.com.br\/2019\/wp-json\/wp\/v2\/media?parent=7147"}],"wp:term":[{"taxonomy":"category","embeddable":true,"href":"https:\/\/jorgezanoni.com.br\/2019\/wp-json\/wp\/v2\/categories?post=7147"},{"taxonomy":"post_tag","embeddable":true,"href":"https:\/\/jorgezanoni.com.br\/2019\/wp-json\/wp\/v2\/tags?post=7147"}],"curies":[{"name":"wp","href":"https:\/\/api.w.org\/{rel}","templated":true}]}}