{"id":71443,"date":"2022-11-24T16:14:42","date_gmt":"2022-11-24T16:14:42","guid":{"rendered":"https:\/\/jorgezanoni.com.br\/2019\/?p=71443"},"modified":"2022-11-24T16:15:36","modified_gmt":"2022-11-24T16:15:36","slug":"pedreiro-morre-apos-cair-de-estrutura-de-cerca-de-4-metros-enquanto-fazia-reforma-de-estabelecimento-em-junqueiropolis","status":"publish","type":"post","link":"https:\/\/jorgezanoni.com.br\/2019\/pedreiro-morre-apos-cair-de-estrutura-de-cerca-de-4-metros-enquanto-fazia-reforma-de-estabelecimento-em-junqueiropolis\/","title":{"rendered":"Pedreiro morre ap\u00f3s cair de estrutura de cerca de 4 metros, enquanto fazia reforma de estabelecimento, em Junqueir\u00f3polis"},"content":{"rendered":"<div class=\"title\" data-block-type=\"title\" data-block-id=\"0\">\n<h1 class=\"content-head__title\" style=\"text-align: justify;\"><strong><span style=\"font-size: 27px;\">O trabalhador, de 58 anos, foi socorrido para a Santa Casa de Miseric\u00f3rdia, pelo Corpo de Bombeiros, mas n\u00e3o resistiu aos ferimentos e chegou sem vida ao local.<\/span><\/strong><\/h1>\n<div class=\"content-media-container glb-skeleton-box\" style=\"text-align: justify;\">\n<figure class=\"content-media-figure\"><img decoding=\"async\" class=\"i-amphtml-fill-content i-amphtml-replaced-content\" src=\"https:\/\/s2.glbimg.com\/cLvRp9qcbH2Ja_1D8l-i6nK_gO4=\/0x0:1024x768\/984x0\/smart\/filters:strip_icc()\/i.s3.glbimg.com\/v1\/AUTH_59edd422c0c84a879bd37670ae4f538a\/internal_photos\/bs\/2022\/A\/U\/vVVYYCRruocPAD986BPA\/t285fl637f7463e50f2.jpeg\" sizes=\"(max-width: 1366px) 648px, 100vw\" srcset=\"https:\/\/s2.glbimg.com\/szUap_j5a-2vqUdhuM29cJT3SLU=\/0x0:1024x768\/1000x0\/smart\/filters:strip_icc()\/i.s3.glbimg.com\/v1\/AUTH_59edd422c0c84a879bd37670ae4f538a\/internal_photos\/bs\/2022\/A\/U\/vVVYYCRruocPAD986BPA\/t285fl637f7463e50f2.jpeg 1000w, https:\/\/s2.glbimg.com\/cLvRp9qcbH2Ja_1D8l-i6nK_gO4=\/0x0:1024x768\/984x0\/smart\/filters:strip_icc()\/i.s3.glbimg.com\/v1\/AUTH_59edd422c0c84a879bd37670ae4f538a\/internal_photos\/bs\/2022\/A\/U\/vVVYYCRruocPAD986BPA\/t285fl637f7463e50f2.jpeg 984w, https:\/\/s2.glbimg.com\/GW_vgEG6RZaSUC8RQYl1ntDVerQ=\/0x0:1024x768\/640x0\/smart\/filters:strip_icc()\/i.s3.glbimg.com\/v1\/AUTH_59edd422c0c84a879bd37670ae4f538a\/internal_photos\/bs\/2022\/A\/U\/vVVYYCRruocPAD986BPA\/t285fl637f7463e50f2.jpeg 640w, https:\/\/s2.glbimg.com\/E19HkltmRz7qxX_E45zstyYnno0=\/0x0:1024x768\/600x0\/smart\/filters:strip_icc()\/i.s3.glbimg.com\/v1\/AUTH_59edd422c0c84a879bd37670ae4f538a\/internal_photos\/bs\/2022\/A\/U\/vVVYYCRruocPAD986BPA\/t285fl637f7463e50f2.jpeg 600w\" alt=\"Pedreiro, de 58 anos, morreu ap\u00f3s cair de estrutura de 4 metros, nesta quinta-feira (24) em Junqueir\u00f3polis (SP) \u2014 Foto: Chris Marques\" \/><\/figure>\n<\/div>\n<p class=\"content-media__description \" style=\"text-align: justify;\">Pedreiro, de 58 anos, morreu ap\u00f3s cair de estrutura de 4 metros, nesta quinta-feira (24) em Junqueir\u00f3polis (SP) \u2014 Foto: Chris Marques<\/p>\n<div id=\"chunk-6rhbh\" style=\"text-align: justify;\">\n<div class=\"mc-column content-text active-extra-styles \" data-block-type=\"unstyled\" data-block-weight=\"29\" data-block-id=\"3\">\n<p class=\"content-text__container \" data-track-category=\"Link no Texto\" data-track-links=\"\">O pedreiro Luiz Carlos Fernandes (Pipoca), de 58 anos, morreu ap\u00f3s cair do telhado de uma obra, na manh\u00e3 desta quinta-feira (24), na Avenida Junqueira, no Centro, em <a href=\"https:\/\/g1.globo.com\/sp\/presidente-prudente-regiao\/cidade\/junqueiropolis\/\">Junqueir\u00f3polis (SP)<\/a>.<\/p>\n<\/div>\n<\/div>\n<div class=\"wall protected-content\">\n<div id=\"chunk-36qcm\" style=\"text-align: justify;\">\n<div class=\"mc-column content-text active-extra-styles \" data-block-type=\"unstyled\" data-block-weight=\"43\" data-block-id=\"4\">\n<p class=\"content-text__container \" data-track-category=\"Link no Texto\" data-track-links=\"\">Segundo a Pol\u00edcia Civil, o homem trabalhava em uma marquise em uma loja que est\u00e1 em reforma no local. A estrutura da marquise acabou cedendo e, por conta disso, o homem foi derrubado e caiu de uma altura de cerca de 4 metros.<\/p>\n<\/div>\n<\/div>\n<div id=\"chunk-e2si8\" style=\"text-align: justify;\">\n<div class=\"mc-column content-text active-extra-styles \" data-block-type=\"unstyled\" data-block-weight=\"26\" data-block-id=\"5\">\n<p class=\"content-text__container \" data-track-category=\"Link no Texto\" data-track-links=\"\">A v\u00edtima caiu em cima de uma ca\u00e7amba, em um caminh\u00e3o, e a estrutura da marquise tamb\u00e9m atingiu outro pedreiro, que ficou com ferimentos no tornozelo.<\/p>\n<\/div>\n<\/div>\n<div id=\"chunk-9c9kn\">\n<div class=\"mc-column content-text active-extra-styles \" data-block-type=\"unstyled\" data-block-weight=\"30\" data-block-id=\"6\">\n<p class=\"content-text__container \" style=\"text-align: justify;\" data-track-category=\"Link no Texto\" data-track-links=\"\">Segundo o Corpo de Bombeiros e a pol\u00edcia, o trabalhador chegou a ser socorrido para a Santa Casa de Miseric\u00f3rdia Junqueir\u00f3polis, mas n\u00e3o resistiu e chegou sem vida ao local.<\/p>\n<div id=\"chunk-9nsag\" style=\"text-align: justify;\">\n<div class=\"mc-column content-text active-extra-styles \" data-block-type=\"unstyled\" data-block-weight=\"19\" data-block-id=\"8\">\n<p class=\"content-text__container \" data-track-category=\"Link no Texto\" data-track-links=\"\">O delegado Eliandro Renato dos Santos, respons\u00e1vel pelo caso, explicou ao\u00a0<a href=\"https:\/\/g1.globo.com\/sp\/presidente-prudente-regiao\/\">g1<\/a>\u00a0como prosseguir\u00e3o as investiga\u00e7\u00f5es sobre esta ocorr\u00eancia.<\/p>\n<\/div>\n<\/div>\n<div id=\"chunk-999h\" style=\"text-align: justify;\">\n<div class=\"mc-column content-text active-extra-styles \" data-block-type=\"unstyled\" data-block-weight=\"38\" data-block-id=\"9\">\n<p class=\"content-text__container \" data-track-category=\"Link no Texto\" data-track-links=\"\">&#8220;Ser\u00e1 instaurado um inqu\u00e9rito policial para apura\u00e7\u00e3o de Morte Suspeita, para investigar as circunst\u00e2ncias da morte. Al\u00e9m disso, ser\u00e3o solicitados \u00e0 Pol\u00edcia Cient\u00edfica um laudo necrosc\u00f3pico e um outro do local do acidente&#8221;, citou o delegado ao\u00a0<a href=\"https:\/\/g1.globo.com\/sp\/presidente-prudente-regiao\/\">g1<\/a>.<\/p>\n<\/div>\n<\/div>\n<div id=\"chunk-apb3\" style=\"text-align: justify;\">\n<div class=\"row medium-uncollapsed content-media content-photo\" data-block-type=\"backstage-photo\" data-block-id=\"10\">\n<div class=\"mc-column content-media__container\">\n<div class=\"content-media-container glb-skeleton-box\">\n<figure class=\"content-media-figure\"><img decoding=\"async\" class=\"i-amphtml-fill-content i-amphtml-replaced-content\" src=\"https:\/\/s2.glbimg.com\/2KQnNJJnrl7G1KOp7T1qlKDNmNg=\/0x0:1024x768\/984x0\/smart\/filters:strip_icc()\/i.s3.glbimg.com\/v1\/AUTH_59edd422c0c84a879bd37670ae4f538a\/internal_photos\/bs\/2022\/H\/w\/qRSzLIQBqS2rDdfsTADQ\/t285fl637f7462da2d0.jpeg\" sizes=\"(max-width: 1366px) 648px, 100vw\" srcset=\"https:\/\/s2.glbimg.com\/D1zdCoYlJbQipKL9TaoTlD5q2XU=\/0x0:1024x768\/1000x0\/smart\/filters:strip_icc()\/i.s3.glbimg.com\/v1\/AUTH_59edd422c0c84a879bd37670ae4f538a\/internal_photos\/bs\/2022\/H\/w\/qRSzLIQBqS2rDdfsTADQ\/t285fl637f7462da2d0.jpeg 1000w, https:\/\/s2.glbimg.com\/2KQnNJJnrl7G1KOp7T1qlKDNmNg=\/0x0:1024x768\/984x0\/smart\/filters:strip_icc()\/i.s3.glbimg.com\/v1\/AUTH_59edd422c0c84a879bd37670ae4f538a\/internal_photos\/bs\/2022\/H\/w\/qRSzLIQBqS2rDdfsTADQ\/t285fl637f7462da2d0.jpeg 984w, https:\/\/s2.glbimg.com\/JICJ2qERhY-JKuScZ4Xd0tq_3bY=\/0x0:1024x768\/640x0\/smart\/filters:strip_icc()\/i.s3.glbimg.com\/v1\/AUTH_59edd422c0c84a879bd37670ae4f538a\/internal_photos\/bs\/2022\/H\/w\/qRSzLIQBqS2rDdfsTADQ\/t285fl637f7462da2d0.jpeg 640w, https:\/\/s2.glbimg.com\/5dpObvaUwOJCNIW-vQcP5yxlyi0=\/0x0:1024x768\/600x0\/smart\/filters:strip_icc()\/i.s3.glbimg.com\/v1\/AUTH_59edd422c0c84a879bd37670ae4f538a\/internal_photos\/bs\/2022\/H\/w\/qRSzLIQBqS2rDdfsTADQ\/t285fl637f7462da2d0.jpeg 600w\" alt=\"Pedreiro, de 58 anos, morreu ap\u00f3s cair de estrutura de 4 metros, nesta quinta-feira (24) em Junqueir\u00f3polis (SP) \u2014 Foto: Chris Marques\" \/><\/figure>\n<\/div>\n<p class=\"content-media__description \">Pedreiro, de 58 anos, morreu ap\u00f3s cair de estrutura de 4 metros, nesta quinta-feira (24) em Junqueir\u00f3polis (SP) \u2014 Foto: Chris Marques<\/p>\n<\/div>\n<\/div>\n<\/div>\n<div id=\"chunk-kt32\" style=\"text-align: justify;\">\n<div class=\"row medium-uncollapsed content-media content-photo\" data-block-type=\"backstage-photo\" data-block-id=\"11\">\n<div class=\"mc-column content-media__container\">\n<div class=\"content-media-container glb-skeleton-box\">\n<figure class=\"content-media-figure\"><img decoding=\"async\" class=\"i-amphtml-fill-content i-amphtml-replaced-content\" src=\"https:\/\/s2.glbimg.com\/ZXXzIHSGKc3rAxzeygNet7cJAWE=\/0x0:1024x768\/984x0\/smart\/filters:strip_icc()\/i.s3.glbimg.com\/v1\/AUTH_59edd422c0c84a879bd37670ae4f538a\/internal_photos\/bs\/2022\/O\/q\/BUkqBaT0ArB5okAgNZiw\/t285fl637f7460b5803.jpeg\" sizes=\"(max-width: 1366px) 648px, 100vw\" srcset=\"https:\/\/s2.glbimg.com\/aIWEC9f7e-GvWp1qOdCH7EqSjd0=\/0x0:1024x768\/1000x0\/smart\/filters:strip_icc()\/i.s3.glbimg.com\/v1\/AUTH_59edd422c0c84a879bd37670ae4f538a\/internal_photos\/bs\/2022\/O\/q\/BUkqBaT0ArB5okAgNZiw\/t285fl637f7460b5803.jpeg 1000w, https:\/\/s2.glbimg.com\/ZXXzIHSGKc3rAxzeygNet7cJAWE=\/0x0:1024x768\/984x0\/smart\/filters:strip_icc()\/i.s3.glbimg.com\/v1\/AUTH_59edd422c0c84a879bd37670ae4f538a\/internal_photos\/bs\/2022\/O\/q\/BUkqBaT0ArB5okAgNZiw\/t285fl637f7460b5803.jpeg 984w, https:\/\/s2.glbimg.com\/hXvxE7WCZmAiHCuju9SCp0E1tQc=\/0x0:1024x768\/640x0\/smart\/filters:strip_icc()\/i.s3.glbimg.com\/v1\/AUTH_59edd422c0c84a879bd37670ae4f538a\/internal_photos\/bs\/2022\/O\/q\/BUkqBaT0ArB5okAgNZiw\/t285fl637f7460b5803.jpeg 640w, https:\/\/s2.glbimg.com\/BdMEL-2HuQ2nTMv8OKCnainKFQ8=\/0x0:1024x768\/600x0\/smart\/filters:strip_icc()\/i.s3.glbimg.com\/v1\/AUTH_59edd422c0c84a879bd37670ae4f538a\/internal_photos\/bs\/2022\/O\/q\/BUkqBaT0ArB5okAgNZiw\/t285fl637f7460b5803.jpeg 600w\" alt=\"Pedreiro, de 58 anos, morreu ap\u00f3s cair de estrutura de 4 metros, nesta quinta-feira (24) em Junqueir\u00f3polis (SP) \u2014 Foto: Chris Marques\" \/><\/figure>\n<\/div>\n<p class=\"content-media__description \">Pedreiro, de 58 anos, morreu ap\u00f3s cair de estrutura de 4 metros, nesta quinta-feira (24) em Junqueir\u00f3polis (SP) \u2014 Foto: Chris Marques<\/p>\n<\/div>\n<\/div>\n<\/div>\n<div id=\"chunk-fsiak\">\n<div class=\"content-ads content-ads--reveal\" data-block-type=\"ads\" data-block-id=\"12\">\n<div id=\"banner_materia__922d70aa-be6e-405e-893d-7007bae27d33\" class=\"tag-manager-publicidade-container mc-has-reveal mc-has-ad-lazyload tag-manager-publicidade-banner_materia__922d70aa-be6e-405e-893d-7007bae27d33 tag-manager-publicidade-container--carregado tag-manager-publicidade-container--visivel\" style=\"text-align: justify;\" data-id=\"banner_materia__922d70aa-be6e-405e-893d-7007bae27d33\" data-req=\"true\" data-cid=\"138413688285\" data-lid=\"6161035431\" data-google-query-id=\"CNv0-4iXx_sCFXBHuAQdRTkDbg\">Fonte: G1 &#8211; Fotos Chris Marques &#8211; Colabora\u00e7\u00e3o Portal Fernando Ramos e TV Oeste Di\u00e1rio Renan.<\/div>\n<div data-id=\"banner_materia__922d70aa-be6e-405e-893d-7007bae27d33\" data-req=\"true\" data-cid=\"138413688285\" data-lid=\"6161035431\" data-google-query-id=\"CNv0-4iXx_sCFXBHuAQdRTkDbg\"><\/div>\n<\/div>\n<\/div>\n<div data-id=\"banner_materia__922d70aa-be6e-405e-893d-7007bae27d33\" data-req=\"true\" data-cid=\"138413688285\" data-lid=\"6161035431\" data-google-query-id=\"CNv0-4iXx_sCFXBHuAQdRTkDbg\"><\/div>\n<\/div>\n<\/div>\n<\/div>\n<\/div>\n","protected":false},"excerpt":{"rendered":"<p>O trabalhador, de 58 anos, foi socorrido para a Santa Casa de Miseric\u00f3rdia, pelo Corpo de Bombeiros, mas n\u00e3o resistiu aos ferimentos e chegou sem vida ao local. Pedreiro, de 58 anos, morreu ap\u00f3s cair de estrutura de 4 metros, nesta quinta-feira (24) em Junqueir\u00f3polis (SP) \u2014 Foto: Chris Marques O pedreiro Luiz Carlos Fernandes [&hellip;]<\/p>\n","protected":false},"author":1,"featured_media":71447,"comment_status":"closed","ping_status":"open","sticky":false,"template":"","format":"standard","meta":{"footnotes":""},"categories":[170,110],"tags":[],"class_list":["post-71443","post","type-post","status-publish","format-standard","has-post-thumbnail","hentry","category-acidentes","category-noticiasdestaque"],"_links":{"self":[{"href":"https:\/\/jorgezanoni.com.br\/2019\/wp-json\/wp\/v2\/posts\/71443","targetHints":{"allow":["GET"]}}],"collection":[{"href":"https:\/\/jorgezanoni.com.br\/2019\/wp-json\/wp\/v2\/posts"}],"about":[{"href":"https:\/\/jorgezanoni.com.br\/2019\/wp-json\/wp\/v2\/types\/post"}],"author":[{"embeddable":true,"href":"https:\/\/jorgezanoni.com.br\/2019\/wp-json\/wp\/v2\/users\/1"}],"replies":[{"embeddable":true,"href":"https:\/\/jorgezanoni.com.br\/2019\/wp-json\/wp\/v2\/comments?post=71443"}],"version-history":[{"count":2,"href":"https:\/\/jorgezanoni.com.br\/2019\/wp-json\/wp\/v2\/posts\/71443\/revisions"}],"predecessor-version":[{"id":71449,"href":"https:\/\/jorgezanoni.com.br\/2019\/wp-json\/wp\/v2\/posts\/71443\/revisions\/71449"}],"wp:featuredmedia":[{"embeddable":true,"href":"https:\/\/jorgezanoni.com.br\/2019\/wp-json\/wp\/v2\/media\/71447"}],"wp:attachment":[{"href":"https:\/\/jorgezanoni.com.br\/2019\/wp-json\/wp\/v2\/media?parent=71443"}],"wp:term":[{"taxonomy":"category","embeddable":true,"href":"https:\/\/jorgezanoni.com.br\/2019\/wp-json\/wp\/v2\/categories?post=71443"},{"taxonomy":"post_tag","embeddable":true,"href":"https:\/\/jorgezanoni.com.br\/2019\/wp-json\/wp\/v2\/tags?post=71443"}],"curies":[{"name":"wp","href":"https:\/\/api.w.org\/{rel}","templated":true}]}}