{"id":71436,"date":"2022-11-24T11:37:20","date_gmt":"2022-11-24T11:37:20","guid":{"rendered":"https:\/\/jorgezanoni.com.br\/2019\/?p=71436"},"modified":"2022-11-24T11:37:20","modified_gmt":"2022-11-24T11:37:20","slug":"autolesao-nao-suicida-na-adolescencia-alns-por-cidinha-pascoaloto","status":"publish","type":"post","link":"https:\/\/jorgezanoni.com.br\/2019\/autolesao-nao-suicida-na-adolescencia-alns-por-cidinha-pascoaloto\/","title":{"rendered":"Autoles\u00e3o n\u00e3o suicida na adolesc\u00eancia: (ALNS)  (por Cidinha Pascoaloto)"},"content":{"rendered":"<p style=\"text-align: justify;\">Autoles\u00e3o n\u00e3o suicida s\u00e3o agress\u00f5es praticadas contra o pr\u00f3prio corpo de forma intencional. Geralmente causam dores e danos superficiais, mas sem pretens\u00e3o de causar a morte.<\/p>\n<p style=\"text-align: justify;\">Os pais ao descobrirem que o filho est\u00e1 se cortando se comportam de v\u00e1rias maneiras. Alguns brigam, outros pressionam o filho para ele prometer que n\u00e3o vai mais se cortar, outros amea\u00e7am de bater, tirar o celular, a televis\u00e3o, o lazer e a conviv\u00eancia com os amigos entre outros. Pioram ainda mais a situa\u00e7\u00e3o por \u00a0\u00a0desconhecimento, desespero ou preocupa\u00e7\u00e3o excessiva.<\/p>\n<p style=\"text-align: justify;\">Existem pais que lidam de forma violenta com os filhos e isso n\u00e3o ajuda em nada porque ele tem um sofrimento emocional intenso. Muitos se auto lesionam sem inten\u00e7\u00e3o suicida, mas sim apenas para aliviar a dor emocional que est\u00e1 sentindo no momento ou para resolver uma dificuldade interpessoal. As meninas se auto lesionam em um porcentual maior que os meninos.<\/p>\n<p style=\"text-align: justify;\">\u00a0Os fatores de risco para autoles\u00e3o est\u00e3o relacionados com a dificuldade de adapta\u00e7\u00e3o e aceita\u00e7\u00e3o no grupo de amigos que faz parte, pessimismo, pensamentos negativos, impulsividade distor\u00e7\u00e3o da sua imagem corporal, inseguran\u00e7as, autocobran\u00e7a, instabilidade emocional, ou at\u00e9 mesmo para se punir.<\/p>\n<p style=\"text-align: justify;\">A separa\u00e7\u00e3o dos pais, fam\u00edlia conflituosa, abandono por parte de um dos pais, bullying e dificuldade de relacionamentos tamb\u00e9m pode ser um gatilho para a autoles\u00e3o. Outros gatilhos podem estar relacionados com transtornos psiqui\u00e1trico como ansiedade, depress\u00e3o, transtornos alimentares, transtorno da personalidade borderline e outros transtornos que podem levar ao comportamento auto lesivo.<\/p>\n<p style=\"text-align: justify;\">\u00a0Esses comportamentos podem se apresentar de forma cr\u00f4nica e causar riscos graves como o suic\u00eddio. O abuso de subst\u00e2ncias como drogas e \u00e1lcool pode ser um fator de risco e aumentar o comportamento auto lesivo.<\/p>\n<p style=\"text-align: justify;\">\u00a0O tratamento pode ser feito com terapia comportamental onde o psic\u00f3logo vai avaliar a necessidade de um acompanhamento m\u00e9dico e auxiliar o paciente a lidar melhor com suas emo\u00e7\u00f5es. O adolescente procura esconder as les\u00f5es por vergonha e culpa. Tanto os pais como professores e pessoas que convivem com o adolescente devem acolher e encoraj\u00e1-lo para falar sobre o que est\u00e1 acontecendo.<\/p>\n<p style=\"text-align: justify;\">\u00a0O di\u00e1logo salva vidas.<\/p>\n<p><img loading=\"lazy\" decoding=\"async\" class=\"alignnone size-full wp-image-71437\" src=\"https:\/\/jorgezanoni.com.br\/2019\/wp-content\/uploads\/2022\/11\/Cidinha-Pascoaloto-3.jpg\" alt=\"\" width=\"500\" height=\"755\" srcset=\"https:\/\/jorgezanoni.com.br\/2019\/wp-content\/uploads\/2022\/11\/Cidinha-Pascoaloto-3.jpg 500w, https:\/\/jorgezanoni.com.br\/2019\/wp-content\/uploads\/2022\/11\/Cidinha-Pascoaloto-3-199x300.jpg 199w, https:\/\/jorgezanoni.com.br\/2019\/wp-content\/uploads\/2022\/11\/Cidinha-Pascoaloto-3-278x420.jpg 278w\" sizes=\"auto, (max-width: 500px) 100vw, 500px\" \/><\/p>\n<p style=\"text-align: justify;\">\u00a0Cidinha Pascoaloto-Psic\u00f3loga -CRP 06\/158174 Terapia Cognitivo Comportamental pessoas enlutadas, depress\u00e3o e ansiedade (TCC)Atendimento online, contato: +55(18) 99725-6418<\/p>\n<p>&nbsp;<\/p>\n","protected":false},"excerpt":{"rendered":"<p>Autoles\u00e3o n\u00e3o suicida s\u00e3o agress\u00f5es praticadas contra o pr\u00f3prio corpo de forma intencional. Geralmente causam dores e danos superficiais, mas sem pretens\u00e3o de causar a morte. Os pais ao descobrirem que o filho est\u00e1 se cortando se comportam de v\u00e1rias maneiras. Alguns brigam, outros pressionam o filho para ele prometer que n\u00e3o vai mais se [&hellip;]<\/p>\n","protected":false},"author":1,"featured_media":71438,"comment_status":"closed","ping_status":"open","sticky":false,"template":"","format":"standard","meta":{"footnotes":""},"categories":[175],"tags":[],"class_list":["post-71436","post","type-post","status-publish","format-standard","has-post-thumbnail","hentry","category-artigos"],"_links":{"self":[{"href":"https:\/\/jorgezanoni.com.br\/2019\/wp-json\/wp\/v2\/posts\/71436","targetHints":{"allow":["GET"]}}],"collection":[{"href":"https:\/\/jorgezanoni.com.br\/2019\/wp-json\/wp\/v2\/posts"}],"about":[{"href":"https:\/\/jorgezanoni.com.br\/2019\/wp-json\/wp\/v2\/types\/post"}],"author":[{"embeddable":true,"href":"https:\/\/jorgezanoni.com.br\/2019\/wp-json\/wp\/v2\/users\/1"}],"replies":[{"embeddable":true,"href":"https:\/\/jorgezanoni.com.br\/2019\/wp-json\/wp\/v2\/comments?post=71436"}],"version-history":[{"count":1,"href":"https:\/\/jorgezanoni.com.br\/2019\/wp-json\/wp\/v2\/posts\/71436\/revisions"}],"predecessor-version":[{"id":71439,"href":"https:\/\/jorgezanoni.com.br\/2019\/wp-json\/wp\/v2\/posts\/71436\/revisions\/71439"}],"wp:featuredmedia":[{"embeddable":true,"href":"https:\/\/jorgezanoni.com.br\/2019\/wp-json\/wp\/v2\/media\/71438"}],"wp:attachment":[{"href":"https:\/\/jorgezanoni.com.br\/2019\/wp-json\/wp\/v2\/media?parent=71436"}],"wp:term":[{"taxonomy":"category","embeddable":true,"href":"https:\/\/jorgezanoni.com.br\/2019\/wp-json\/wp\/v2\/categories?post=71436"},{"taxonomy":"post_tag","embeddable":true,"href":"https:\/\/jorgezanoni.com.br\/2019\/wp-json\/wp\/v2\/tags?post=71436"}],"curies":[{"name":"wp","href":"https:\/\/api.w.org\/{rel}","templated":true}]}}