{"id":7143,"date":"2019-09-24T15:40:20","date_gmt":"2019-09-24T15:40:20","guid":{"rendered":"https:\/\/jorgezanoni.com.br\/2019\/?p=7143"},"modified":"2019-09-24T15:41:01","modified_gmt":"2019-09-24T15:41:01","slug":"confira-o-plantao-policial-das-ultimas-horas-24-09-19","status":"publish","type":"post","link":"https:\/\/jorgezanoni.com.br\/2019\/confira-o-plantao-policial-das-ultimas-horas-24-09-19\/","title":{"rendered":"Confira o Plant\u00e3o Policial das \u00faltimas horas 24\/09\/19"},"content":{"rendered":"<p style=\"text-align: justify;\"><strong>POL\u00cdCIA MILITAR APREENDE MENOR POR ATO INFRACIONAL DE TR\u00c1FICO DE DROGAS EM IRAPURU\/SP.<\/strong><\/p>\n<p style=\"text-align: justify;\">Ato Infracional &#8211; Flagrante<\/p>\n<p style=\"text-align: justify;\">Data: 21SET19 \u00e0s 20h15min.<\/p>\n<p style=\"text-align: justify;\">Endere\u00e7o: Rua Jovina Pereira Bezerra x Avenida Sete de Setembro\u2013Bairro CDHU &#8211; Irapuru\/SP.<\/p>\n<p style=\"text-align: justify;\">Sindicado:(13 anos)<\/p>\n<p style=\"text-align: justify;\">Apreens\u00f5es: 0,002 Kg de maconha<strong>\u00a0<\/strong><\/p>\n<p style=\"text-align: justify;\">Na data de 21SET por volta das 20h15min a Pol\u00edcia Militar em patrulhamento nas imedia\u00e7\u00f5es do conjunto habitacional Stevan do Nascimento, adentrou uma \u00e1rea em que a prefeitura municipal est\u00e1 realizando limpeza. Segundo den\u00fancias, nesse local estaria ocorrendo movimento de pessoas e grupo fazendo uso de entorpecentes. No patrulhamento, os militares depararam com um indiv\u00edduo e durante abordagem foi encontrado uma sacola pl\u00e1stica no interior do bolso da cal\u00e7a do abordado, v\u00e1rios embrulhos de sacola (doze), contendo uma erva com as caracter\u00edsticas similares \u00e0 maconha. Al\u00e9m do entorpecente, foi encontrada uma nota de vinte reais e um isqueiro na cor verde, marca BIC. Ao ser questionado, o sindicado esbo\u00e7ou nervosismo e respondeu que aquilo encontrado seria de um amigo, por\u00e9m n\u00e3o revelou o nome do amigo. O entorpecente encontrado totalizou 0,002 Kg permanecendo \u00e0 disposi\u00e7\u00e3o da Justi\u00e7a.<\/p>\n<p style=\"text-align: justify;\"><strong>SEMPRE ATENTOS: POL\u00cdCIA MILITAR CUMPREM MANDADOS DE PRIS\u00c3O DE CONDENADO DA JUSTI\u00c7A. <\/strong><\/p>\n<p style=\"text-align: justify;\">Condenado Capturado<\/p>\n<p style=\"text-align: justify;\">Data: 21SET19 \u00e0s 16h57min.<\/p>\n<p style=\"text-align: justify;\">Endere\u00e7o: Avenida Geraldo Fudo, 750 \u2013 Distrito Industrial \u2013 Junqueir\u00f3polis\/SP.<\/p>\n<p style=\"text-align: justify;\">Indiciado:I.D.D.S<\/p>\n<p style=\"text-align: justify;\">Condenado Capturado<\/p>\n<p style=\"text-align: justify;\">Data: 20SET19 \u00e0s 10h11min<\/p>\n<p style=\"text-align: justify;\">Endere\u00e7o: Rua Marechal Rondon, 747 Centro Dracena\/SP.<\/p>\n<p style=\"text-align: justify;\">Indiciada: 15 anos<strong>\u00a0<\/strong><\/p>\n<p style=\"text-align: justify;\">Na data de 21SET por volta das 16h57min foi abordado um indiv\u00edduo que quando da chegada das equipes policiais em um local que estaria ocorrendo uma briga, este adentrou rapidamente ao banheiro, sendo posteriormente identificado como I.D.D.S e atrav\u00e9s de consulta via COPOM constatou existir um mandado de pris\u00e3o civil permanecendo \u00e0 disposi\u00e7\u00e3o da Justi\u00e7a.<\/p>\n<p style=\"text-align: justify;\">Na data de 20SET por volta das 10h11min a equipe policial conseguiu durante patrulhamento localizar a adolescente de 15 anos que pesava contra si um mandado de interna\u00e7\u00e3o, permanecendo a disposi\u00e7\u00e3o da Justi\u00e7a.<\/p>\n<p style=\"text-align: justify;\"><strong>POL\u00cdCIA MILITAR TIRA DE CIRCULA\u00c7\u00c3O AUTOR DE TR\u00c1FICO DE DROGAS EM SALMOUR\u00c3O\/SP E APREENDE MAIS DE 150 INV\u00d3LUCROS DE DROGA PRONTA PARA A VENDA.<\/strong><\/p>\n<p style=\"text-align: justify;\">Tr\u00e1fico de drogas<\/p>\n<p style=\"text-align: justify;\">Data: 20SET19 \u00e0s 19h00min.<\/p>\n<p style=\"text-align: justify;\">Endere\u00e7o: Rua Jos\u00e9 Colato,115 \u2013Jardim Guanabara\u2013Salmour\u00e3o\/SP.<\/p>\n<p style=\"text-align: justify;\">Autor:E.S.C.S. (23 anos)<\/p>\n<p style=\"text-align: justify;\">Apreens\u00e3o: 0,290 Kg de maconha.<\/p>\n<p style=\"text-align: justify;\">No dia 20SET por volta das 19h00 ap\u00f3s v\u00e1rias den\u00fancias de tr\u00e1fico de drogas que pesava contra o autor durante o patrulhamento ele foi localizado e na tentativa de abordagem ele correu, sendo alcan\u00e7ado no interior do banheiro, dispensando 05 (cinco) inv\u00f3lucros verdes de droga no vaso sanit\u00e1rio, em continuidade as buscas foi localizado mais 30 (trinta) inv\u00f3lucros de cor preta sob uma telha na parte externa da resid\u00eancia.Com o apoio do c\u00e3o Thor do Canil Setorial do 25\u00ba BPM\/I, foi localizado mais 01 (um) inv\u00f3lucro maior todos da mesma subst\u00e2ncia esverdeada aparentando ser maconha.<\/p>\n<p style=\"text-align: justify;\">Foi dado voz de pris\u00e3o em flagrante a E.S.C.S (23 anos).Durante buscas na resid\u00eancia do autor foi localizado dentro de um guarda roupas mais 147(cento e quarenta sete) inv\u00f3lucros da mesma subst\u00e2ncia, assim como R$ 20,00 (vinte reais) em esp\u00e9cie, divididos em uma nota de R$ 10,00 (dez) e duas de R$ 5,00 (cinco) reais,<\/p>\n<p style=\"text-align: justify;\"><strong>HOMEM \u00c9 PRESO PELA POL\u00cdCIA MILITAR AP\u00d3S TENTAR MATAR PAI, IRM\u00c3, FILHO E CUNHADO EM OSVALDO CRUZ\/SP.<\/strong><\/p>\n<p style=\"text-align: justify;\">Homic\u00eddio Tentativa<\/p>\n<p style=\"text-align: justify;\">Data: 22SET19 \u00e0s 17h41min.<\/p>\n<p style=\"text-align: justify;\">Endere\u00e7o: Rua Celeste de Abreu Barbosa, 15 Sotei Ferrugem \u2013 Osvaldo Cruz\/SP.<\/p>\n<p style=\"text-align: justify;\">Indiciado:S.A.B. (46 anos)<\/p>\n<p style=\"text-align: justify;\">V\u00edtima: V.M (51 anos)<\/p>\n<p style=\"text-align: justify;\">V\u00edtima: S.A.B (52 anos)<\/p>\n<p style=\"text-align: justify;\">V\u00edtima: V.H.B (19 anos)<\/p>\n<p style=\"text-align: justify;\">V\u00edtima: N.R.B (75 anos)<strong>\u00a0<\/strong><\/p>\n<p style=\"text-align: justify;\">Na data de ontem (22) a Pol\u00edcia Militar foi acionada via COPOM para atendimento de ocorr\u00eancia de desintelig\u00eancia entre familiares com vias de fatos, policias se deslocaram at\u00e9 um Residencial e j\u00e1 durante o deslocamento o COPOM transmitiu que no local havia tr\u00eas v\u00edtimas com ferimentos causados por arma branca.<\/p>\n<p style=\"text-align: justify;\">Os policiais deparam com a Unidade Resgate que estava encaminhado as tr\u00eas vitimas para\u00a0o pronto socorro local, sendo o cunhado V.M., com tr\u00eas perfura\u00e7\u00f5es, uma no bra\u00e7o esquerdo, m\u00e3o direita, e no peito, a irm\u00e3 S.A.B, com ferimentos na m\u00e3o direita , e o filho V.H.B., com uma facada na m\u00e3o esquerda, e outro ferimento em sua m\u00e3o direita.<\/p>\n<p style=\"text-align: justify;\">Em um trabalho cont\u00ednuo policias identificaram o autor como sendo S.A.B., e passaram procur\u00e1-lo, e ap\u00f3s 40 minutos de buscas em um matagal no fundo do cemit\u00e9rio policiais obtiveram \u00eaxito de localiz\u00e1-lo em um buraco. O autor tinha v\u00e1rios ferimentos causado segundo ele por pessoas desconhecidas, foi encaminhado para ao Pronto Socorro para atendimento m\u00e9dico.<\/p>\n<p style=\"text-align: justify;\">Durante busca pela resid\u00eancia do autor em vista de localizar a faca utilizada no crime policias depararam com A.S que entregou a faca e um fac\u00e3o, em continua\u00e7\u00e3o as busca policias localizaram N.R.B., pai do autor que alegou que foi agredido com um soco no peito e havia um corte no bra\u00e7o sendo assim encaminhado ao PS para atendimento m\u00e9dico.<\/p>\n<p style=\"text-align: justify;\">Durante a apresenta\u00e7\u00e3o da ocorr\u00eancia v\u00e1rias den\u00fancias an\u00f4nimas davam conta que S.A.B., era autor de v\u00e1rios furtos ocorridos na cidade, diante disso policias deslocaram at\u00e9 uma propriedade rural onde residia o autor na estrada dos Quinze, tendo \u00eaxito em localizar v\u00e1rios objetos de proced\u00eancia duvidosa sendo apreendidos, permanecendo o autor preso \u00e0 disposi\u00e7\u00e3o da Justi\u00e7a.<\/p>\n<p style=\"text-align: justify;\"><strong>POL\u00cdCIA MILITAR PRENDE AUTOR DE FURTO EM ADAMANTINA\/SP.<\/strong><\/p>\n<p style=\"text-align: justify;\">Furto &#8211; Flagrante<\/p>\n<p style=\"text-align: justify;\">Data: 23SET19 \u00e0s 11h05min.<\/p>\n<p style=\"text-align: justify;\">Endere\u00e7o: Rua General Isidoro, 714 &#8211; Adamantina\/SP.<\/p>\n<p style=\"text-align: justify;\">Autor:A.W.C<\/p>\n<p style=\"text-align: justify;\">V\u00edtima: A.M.M<strong>\u00a0<\/strong><\/p>\n<p style=\"text-align: justify;\">No dia 23SET por volta das 11h05min a Pol\u00edcia Militar foi informada pelo propriet\u00e1rio\/v\u00edtima, que haviam furtado o HD do DVR do sistema de monitoramento. Diante de algumas informa\u00e7\u00f5es foi realizada busca em um ve\u00edculo do autor que era funcion\u00e1rio da empresa e foi localizado sob o banco do passageiro o objeto furtado. Diante dos fatos, foi dado voz de pris\u00e3o ao autor permanecendo \u00e0 disposi\u00e7\u00e3o da Justi\u00e7a.<\/p>\n<p style=\"text-align: justify;\"><strong>SEMPRE ATENTOS: AP\u00d3S DEN\u00daNCIA POL\u00cdCIA MILITAR PRENDE HOMEM POR TR\u00c1FICO DE DROGAS EM OSVALDO CRUZ.<\/strong><\/p>\n<p style=\"text-align: justify;\">Tr\u00e1fico de drogas<\/p>\n<p style=\"text-align: justify;\">Data: 23SET19 \u00e0s 20h52min.<\/p>\n<p style=\"text-align: justify;\">Endere\u00e7o: Rua Ernesto Bagio,85 \u2013 Jd. Para\u00edso \u2013 Osvaldo Cruz\/SP.<\/p>\n<p style=\"text-align: justify;\">Autor 01: C.E.C<\/p>\n<p style=\"text-align: justify;\">Autor 02:A.C<\/p>\n<p style=\"text-align: justify;\">Apreens\u00e3o: 0,005 coca\u00edna<strong>\u00a0<\/strong><\/p>\n<p style=\"text-align: justify;\">Na data de 23SET por volta das 20h52min ap\u00f3s verifica\u00e7\u00e3o de uma den\u00fancia de tr\u00e1fico de drogas a Pol\u00edcia Militar verificou a parada de ve\u00edculo na frente de uma resid\u00eancia na Rua Ernesto Bagio,o autor A.C entrou e na sa\u00edda ao ser abordado foi encontrado no bolso da cal\u00e7a um inv\u00f3lucro &#8220;sache&#8221; pl\u00e1stico de cor transparente e no interior uma subst\u00e2ncia branca aparentando ser coca\u00edna. Com o apoio de outras equipes foi abordado\u00a0 C.E.C (propriet\u00e1rio da resid\u00eancia) foi localizado na carteira que estava em uma estante na sala 03 sach\u00eas de coca\u00edna do ser coca\u00edna id\u00eantico a que foi encontrado com A.C. Dado voz de pris\u00e3o por tr\u00e1fico de drogas aos autores, permanecendo C.E.C preso \u00e0 disposi\u00e7\u00e3o da Justi\u00e7a e encaminhado a cadeia p\u00fablica de Adamantina.<\/p>\n<p style=\"text-align: justify;\">#25BPMI<\/p>\n<p style=\"text-align: justify;\">#POLICIAMILITARSP<\/p>\n<p style=\"text-align: justify;\">#AFOR\u00c7AP\u00daBLICADES\u00c3OPAULO<\/p>\n<p style=\"text-align: justify;\">Fonte: COMUNICA\u00c7\u00c3O SOCIAL DO 25\u00ba BPM\/I &#8211; Dracena e regi\u00e3o.<\/p>\n<p>&nbsp;<\/p>\n","protected":false},"excerpt":{"rendered":"<p>POL\u00cdCIA MILITAR APREENDE MENOR POR ATO INFRACIONAL DE TR\u00c1FICO DE DROGAS EM IRAPURU\/SP. Ato Infracional &#8211; Flagrante Data: 21SET19 \u00e0s 20h15min. Endere\u00e7o: Rua Jovina Pereira Bezerra x Avenida Sete de Setembro\u2013Bairro CDHU &#8211; Irapuru\/SP. Sindicado:(13 anos) Apreens\u00f5es: 0,002 Kg de maconha\u00a0 Na data de 21SET por volta das 20h15min a Pol\u00edcia Militar em patrulhamento nas [&hellip;]<\/p>\n","protected":false},"author":1,"featured_media":7144,"comment_status":"closed","ping_status":"open","sticky":false,"template":"","format":"standard","meta":{"footnotes":""},"categories":[110,2],"tags":[],"class_list":["post-7143","post","type-post","status-publish","format-standard","has-post-thumbnail","hentry","category-noticiasdestaque","category-policial"],"_links":{"self":[{"href":"https:\/\/jorgezanoni.com.br\/2019\/wp-json\/wp\/v2\/posts\/7143","targetHints":{"allow":["GET"]}}],"collection":[{"href":"https:\/\/jorgezanoni.com.br\/2019\/wp-json\/wp\/v2\/posts"}],"about":[{"href":"https:\/\/jorgezanoni.com.br\/2019\/wp-json\/wp\/v2\/types\/post"}],"author":[{"embeddable":true,"href":"https:\/\/jorgezanoni.com.br\/2019\/wp-json\/wp\/v2\/users\/1"}],"replies":[{"embeddable":true,"href":"https:\/\/jorgezanoni.com.br\/2019\/wp-json\/wp\/v2\/comments?post=7143"}],"version-history":[{"count":0,"href":"https:\/\/jorgezanoni.com.br\/2019\/wp-json\/wp\/v2\/posts\/7143\/revisions"}],"wp:featuredmedia":[{"embeddable":true,"href":"https:\/\/jorgezanoni.com.br\/2019\/wp-json\/wp\/v2\/media\/7144"}],"wp:attachment":[{"href":"https:\/\/jorgezanoni.com.br\/2019\/wp-json\/wp\/v2\/media?parent=7143"}],"wp:term":[{"taxonomy":"category","embeddable":true,"href":"https:\/\/jorgezanoni.com.br\/2019\/wp-json\/wp\/v2\/categories?post=7143"},{"taxonomy":"post_tag","embeddable":true,"href":"https:\/\/jorgezanoni.com.br\/2019\/wp-json\/wp\/v2\/tags?post=7143"}],"curies":[{"name":"wp","href":"https:\/\/api.w.org\/{rel}","templated":true}]}}