{"id":71393,"date":"2022-11-22T17:27:27","date_gmt":"2022-11-22T17:27:27","guid":{"rendered":"https:\/\/jorgezanoni.com.br\/2019\/?p=71393"},"modified":"2022-11-22T17:27:27","modified_gmt":"2022-11-22T17:27:27","slug":"morre-erasmo-carlos-pioneiro-do-rock-no-brasil-e-simbolo-da-jovem-guarda","status":"publish","type":"post","link":"https:\/\/jorgezanoni.com.br\/2019\/morre-erasmo-carlos-pioneiro-do-rock-no-brasil-e-simbolo-da-jovem-guarda\/","title":{"rendered":"Morre Erasmo Carlos, pioneiro do rock no Brasil e s\u00edmbolo da Jovem Guarda"},"content":{"rendered":"<h2 class=\"content-head__subtitle\" style=\"text-align: justify;\"><strong>Tremend\u00e3o estava internado no Hospital Barra D&#8217;Or, na Barra da Tijuca, na Zona Oeste da cidade.<\/strong><\/h2>\n<div id=\"chunk-8qvrs\">\n<div class=\"mc-column content-text active-extra-styles \" data-block-type=\"unstyled\" data-block-weight=\"45\" data-block-id=\"3\">\n<p class=\"content-text__container \" style=\"text-align: justify;\" data-track-category=\"Link no Texto\" data-track-links=\"\">O cantor e compositor\u00a0<strong>Erasmo Carlos<\/strong>, de 81 anos, morreu nesta ter\u00e7a-feira (22) no\u00a0<a href=\"https:\/\/g1.globo.com\/rj\/rio-de-janeiro\/cidade\/rio-de-janeiro\/\">Rio de Janeiro<\/a>. Um dos pioneiros do rock e s\u00edmbolo da Jovem Guarda, o artista estava internado no Hospital Barra D&#8217;Or, na Barra da Tijuca, na Zona Oeste da cidade.<\/p>\n<\/div>\n<\/div>\n<div class=\"wall protected-content\">\n<div id=\"chunk-651f9\" style=\"text-align: justify;\">\n<div class=\"mc-column content-text active-extra-styles \" data-block-type=\"unstyled\" data-block-weight=\"11\" data-block-id=\"4\">\n<p class=\"content-text__container \" data-track-category=\"Link no Texto\" data-track-links=\"\">O\u00a0<strong>Tremend\u00e3o<\/strong>, como era chamado, deixa a esposa e tr\u00eas filhos.<\/p>\n<\/div>\n<\/div>\n<div id=\"chunk-36kpc\" style=\"text-align: justify;\">\n<div class=\"mc-column content-text active-extra-styles \" data-block-type=\"unstyled\" data-block-weight=\"40\" data-block-id=\"5\">\n<p class=\"content-text__container \" data-track-category=\"Link no Texto\" data-track-links=\"\">No \u00faltimo dia 2,\u00a0<a href=\"https:\/\/g1.globo.com\/rj\/rio-de-janeiro\/noticia\/2022\/11\/02\/erasmo-carlos-deixa-hospital-no-rio.ghtml\">o artista comemorou a alta<\/a>\u00a0ap\u00f3s\u00a0<a href=\"https:\/\/g1.globo.com\/rj\/rio-de-janeiro\/noticia\/2022\/10\/26\/erasmo-carlos-tem-quadro-estavel-e-esta-lucido-diz-hospital.ghtml\">duas semanas de interna\u00e7\u00e3o\u00a0<\/a>para tratar uma\u00a0<strong>s\u00edndrome edemig\u00eanica<\/strong>. Mas Erasmo voltou a ser hospitalizado \u2014 a TV Globo apurou que\u00a0<a href=\"https:\/\/g1.globo.com\/rj\/rio-de-janeiro\/noticia\/2022\/11\/22\/erasmo-carlos.ghtml\">ele chegou a ser intubado<\/a>\u00a0na \u00faltima segunda-feira (21).<\/p>\n<\/div>\n<\/div>\n<div id=\"chunk-1bq0j\" style=\"text-align: justify;\">\n<div class=\"row medium-uncollapsed content-media content-photo\" data-block-type=\"backstage-photo\" data-block-id=\"6\">\n<div class=\"column medium-22 large-20 medium-centered content-media__container\">\n<div class=\"content-media-container glb-skeleton-box\">\n<figure class=\"content-media-figure\"><img decoding=\"async\" class=\"i-amphtml-fill-content i-amphtml-replaced-content\" src=\"https:\/\/s2.glbimg.com\/MnUCLfAofBqXafcazRzpssk5XiQ=\/0x0:2048x1366\/1008x0\/smart\/filters:strip_icc()\/i.s3.glbimg.com\/v1\/AUTH_59edd422c0c84a879bd37670ae4f538a\/internal_photos\/bs\/2021\/E\/h\/VyqlMgR8ilYyUks8FDig\/11182016-rc-sol-nascente-44.t5b772be2.m2048.xdj4kzqjqrukx0yyg.jpg\" srcset=\"\" alt=\"Erasmo Carlos durante participa\u00e7\u00e3o na novela 'Sol Nascente' (2016) \u2014 Foto: Acervo Grupo Globo\" \/><\/figure>\n<\/div>\n<p class=\"content-media__description \">Erasmo Carlos durante participa\u00e7\u00e3o na novela &#8216;Sol Nascente&#8217; (2016) \u2014 Foto: Acervo Grupo Globo<\/p>\n<\/div>\n<\/div>\n<\/div>\n<div class=\"mc-column content-text active-extra-styles\" style=\"text-align: justify;\" data-block-type=\"raw\" data-block-weight=\"33\" data-block-id=\"8\">\n<ul class=\"content-unordered-list\">\n<li><a href=\"https:\/\/g1.globo.com\/pop-arte\/musica\/playlist\/erasmo-carlos-morre-aos-81-anos-relembre-momentos-da-vida-e-da-carreira-do-cantor.ghtml\">V\u00cdDEOS: relembre momentos da vida e da carreira<\/a><\/li>\n<li><a href=\"https:\/\/g1.globo.com\/pop-arte\/playlist\/erasmo-carlos-relembre-sucessos.ghtml\">SUCESSOS: ou\u00e7a can\u00e7\u00f5es do Tremend\u00e3o<\/a><\/li>\n<li><a href=\"https:\/\/g1.globo.com\/pop-arte\/musica\/noticia\/2022\/11\/22\/erasmo-carlos-ganhou-grammy-latino-2022-ha-5-dias-com-o-album-o-futuro-pertence-a-jovem-guarda.ghtml\">Erasmo Carlos ganhou Grammy Latino 2022 h\u00e1 5 dias<\/a><\/li>\n<li><a href=\"https:\/\/g1.globo.com\/pop-arte\/musica\/noticia\/2022\/11\/22\/erasmo-carlos-famosos-lamentam-morte-do-cantor.ghtml\">REPERCUSS\u00c3O: famosos lamentam morte do cantor<\/a><\/li>\n<li><a href=\"https:\/\/g1.globo.com\/pop-arte\/musica\/noticia\/2022\/11\/22\/erasmo-carlos-morre-aos-81-anos-fotos.ghtml\">FOTOS da carreira do artista<\/a><\/li>\n<\/ul>\n<\/div>\n<div id=\"chunk-6968l\" style=\"text-align: justify;\">\n<div class=\"mc-column content-text active-extra-styles \" data-block-type=\"unstyled\" data-block-weight=\"30\" data-block-id=\"9\">\n<p class=\"content-text__container \" data-track-category=\"Link no Texto\" data-track-links=\"\">A doen\u00e7a ocorre quando h\u00e1 um desequil\u00edbrio das for\u00e7as bioqu\u00edmicas que mant\u00eam os l\u00edquidos dentro dos vasos sangu\u00edneos e geralmente \u00e9 causada por patologia card\u00edacas, renais e dos pr\u00f3prios vasos.<\/p>\n<p class=\"content-text__container \" data-track-category=\"Link no Texto\" data-track-links=\"\"><span style=\"font-style: italic; text-align: center;\">&#8220;Voc\u00ea \u00e9 lar, voc\u00ea acolhe, voc\u00ea enxerga, voc\u00ea cr\u00ea. Perdi a capacidade de me lembrar de como era a vida sem voc\u00ea, talvez ela nem tenha existido&#8230; e talvez tenha sido t\u00e3o simples esquecer porque a gente se acostuma facilmente com a paz. N\u00e3o foi de primeira, voc\u00ea brigou muito para mostrar, mas por fim encontrei a paz em voc\u00ea&#8221;, postou a mulher de Erasmo, Fernanda Passos.<\/span><\/p>\n<\/div>\n<\/div>\n<div id=\"chunk-4ud12\" style=\"text-align: justify;\">\n<div class=\"row medium-uncollapsed content-media content-photo\" data-block-type=\"backstage-photo\" data-block-id=\"11\">\n<div class=\"mc-column content-media__container\">\n<div class=\"content-media-container glb-skeleton-box\">\n<figure class=\"content-media-figure\"><img decoding=\"async\" class=\"i-amphtml-fill-content i-amphtml-replaced-content\" src=\"https:\/\/s2.glbimg.com\/5Q8sOGdG4doUlkahGvuPulxBNIw=\/0x0:587x575\/984x0\/smart\/filters:strip_icc()\/i.s3.glbimg.com\/v1\/AUTH_59edd422c0c84a879bd37670ae4f538a\/internal_photos\/bs\/2022\/p\/k\/LGvtkPTM6NkU4ZJRuiyw\/erasmo.jpeg\" sizes=\"(max-width: 1366px) 648px, 100vw\" srcset=\"https:\/\/s2.glbimg.com\/icEmzbzsnCCmEyAAyJxL4T4S-KQ=\/0x0:587x575\/1000x0\/smart\/filters:strip_icc()\/i.s3.glbimg.com\/v1\/AUTH_59edd422c0c84a879bd37670ae4f538a\/internal_photos\/bs\/2022\/p\/k\/LGvtkPTM6NkU4ZJRuiyw\/erasmo.jpeg 1000w, https:\/\/s2.glbimg.com\/5Q8sOGdG4doUlkahGvuPulxBNIw=\/0x0:587x575\/984x0\/smart\/filters:strip_icc()\/i.s3.glbimg.com\/v1\/AUTH_59edd422c0c84a879bd37670ae4f538a\/internal_photos\/bs\/2022\/p\/k\/LGvtkPTM6NkU4ZJRuiyw\/erasmo.jpeg 984w, https:\/\/s2.glbimg.com\/4zSP__B0AZ7HFZgtFijIdZfEgXM=\/0x0:587x575\/640x0\/smart\/filters:strip_icc()\/i.s3.glbimg.com\/v1\/AUTH_59edd422c0c84a879bd37670ae4f538a\/internal_photos\/bs\/2022\/p\/k\/LGvtkPTM6NkU4ZJRuiyw\/erasmo.jpeg 640w, https:\/\/s2.glbimg.com\/f6AeX3Ded_FT2HIlwBVDD5q_aGs=\/0x0:587x575\/600x0\/smart\/filters:strip_icc()\/i.s3.glbimg.com\/v1\/AUTH_59edd422c0c84a879bd37670ae4f538a\/internal_photos\/bs\/2022\/p\/k\/LGvtkPTM6NkU4ZJRuiyw\/erasmo.jpeg 600w\" alt=\"Erasmo e a mulher, Fernanda \u2014 Foto: Reprodu\u00e7\u00e3o\/Redes sociais \" \/><\/figure>\n<\/div>\n<p class=\"content-media__description \">Erasmo e a mulher, Fernanda \u2014 Foto: Reprodu\u00e7\u00e3o\/Redes sociais<\/p>\n<\/div>\n<\/div>\n<\/div>\n<div id=\"chunk-4pqrc\" style=\"text-align: justify;\">\n<div class=\"content-ads content-ads--reveal\" data-block-type=\"ads\" data-block-id=\"12\">\n<div id=\"banner_materia__2132a934-e342-4249-8b55-cdff181cdaf3\" class=\"tag-manager-publicidade-container mc-has-reveal mc-has-ad-lazyload tag-manager-publicidade-banner_materia__2132a934-e342-4249-8b55-cdff181cdaf3 tag-manager-publicidade-container--carregado tag-manager-publicidade-container--visivel\" data-id=\"banner_materia__2132a934-e342-4249-8b55-cdff181cdaf3\" data-req=\"true\" data-google-query-id=\"CIns0temwvsCFau7lQIdpjYJ2w\" data-cid=\"138413345906\" data-lid=\"6160703207\">\n<div id=\"google_ads_iframe_\/95377733\/tvg_G1\/Sua_Regiao&gt;Sudeste&gt;Rio_de_Janeiro_4__container__\" style=\"box-sizing: inherit; margin: auto; padding: 0px; border: 0pt none; font: inherit; vertical-align: initial; max-width: 100%; text-align: center;\"><span style=\"color: #111111; font-family: Roboto, sans-serif; font-size: 27px;\">Mais de 600 m\u00fasicas<\/span><\/div>\n<\/div>\n<\/div>\n<\/div>\n<div id=\"chunk-4r3dj\" style=\"text-align: justify;\">\n<div class=\"mc-column content-text active-extra-styles \" data-block-type=\"unstyled\" data-block-weight=\"49\" data-block-id=\"14\">\n<p class=\"content-text__container \" data-track-category=\"Link no Texto\" data-track-links=\"\">Autor de\u00a0<strong>mais de 600 m\u00fasicas<\/strong>\u00a0e de cl\u00e1ssicos como \u201cSentado \u00e0 Beira do Caminho\u201d, \u201cMinha Fama de Mau\u201d, \u201cMulher\u201d, \u201cQuero que tudo v\u00e1 para o inferno\u201d, \u201cMesmo que seja eu\u201d e \u201c\u00c9 proibido fumar\u201d, o artista deixa uma legi\u00e3o de f\u00e3s e amigos que fez pela estrada.<\/p>\n<\/div>\n<\/div>\n<div id=\"chunk-16kg0\" style=\"text-align: justify;\">\n<div class=\"mc-column content-text active-extra-styles \" data-block-type=\"unstyled\" data-block-weight=\"37\" data-block-id=\"15\">\n<p class=\"content-text__container \" data-track-category=\"Link no Texto\" data-track-links=\"\">Foi na Tijuca onde nasceu\u00a0<strong>Erasmo Esteves<\/strong>, em 5 de junho de 1941. Grandes nomes da MPB participaram da inf\u00e2ncia do cantor, no bairro da Zona Norte do Rio, como\u00a0<a href=\"https:\/\/g1.globo.com\/tudo-sobre\/tim-maia\/\">Tim Maia<\/a>\u00a0e\u00a0<a href=\"https:\/\/g1.globo.com\/tudo-sobre\/jorge-ben-jor\/\">Jorge Ben Jor<\/a>.<\/p>\n<\/div>\n<\/div>\n<div id=\"chunk-dh9ov\" style=\"text-align: justify;\">\n<div class=\"mc-column content-text active-extra-styles \" data-block-type=\"unstyled\" data-block-weight=\"49\" data-block-id=\"16\">\n<p class=\"content-text__container \" data-track-category=\"Link no Texto\" data-track-links=\"\">Na adolesc\u00eancia, gostava de se reunir com a turma no Bar do Divino, na Rua do Matoso. Foi nessa \u00e9poca em que ele conheceu\u00a0<a href=\"https:\/\/g1.globo.com\/tudo-sobre\/roberto-carlos\/\">Roberto Carlos<\/a>, durante um concerto de\u00a0<strong>Bill Haley<\/strong>\u00a0no Maracan\u00e3zinho \u2013 o que teria aberto os olhos do carioca para come\u00e7ar seu pr\u00f3prio grupo.<\/p>\n<\/div>\n<\/div>\n<div id=\"chunk-26djb\" style=\"text-align: justify;\">\n<div class=\"mc-column content-text active-extra-styles \" data-block-type=\"unstyled\" data-block-weight=\"60\" data-block-id=\"17\">\n<p class=\"content-text__container \" data-track-category=\"Link no Texto\" data-track-links=\"\">Assim, antes da carreira solo, o artista passou por outros grupos musicais, como os\u00a0<strong>Snakes<\/strong>, ao lado de outros tijucanos, mas que durou s\u00f3 at\u00e9 1961. Sem acreditar que conseguiria seguir sozinho na m\u00fasica, ele decidiu, ent\u00e3o, trabalhar como assistente do apresentador e produtor\u00a0<strong>Carlos Imperial<\/strong>, que o ajudou a dar o pr\u00f3ximo passo, rumo a outro grupo musical.<\/p>\n<\/div>\n<\/div>\n<div id=\"chunk-7hlk3\" style=\"text-align: justify;\">\n<div class=\"row medium-uncollapsed content-media content-photo\" data-block-type=\"backstage-photo\" data-block-id=\"18\">\n<div class=\"mc-column content-media__container\">\n<div class=\"content-media-container glb-skeleton-box\">\n<figure class=\"content-media-figure\"><img decoding=\"async\" class=\"i-amphtml-fill-content i-amphtml-replaced-content\" src=\"https:\/\/s2.glbimg.com\/Kx-v0aQGTf3BbnwIHV4JEJpMww4=\/0x0:853x1280\/984x0\/smart\/filters:strip_icc()\/i.s3.glbimg.com\/v1\/AUTH_59edd422c0c84a879bd37670ae4f538a\/internal_photos\/bs\/2022\/X\/K\/FKYzHVSUeq40Ec5AsCFw\/erasmos-carlos-na-expocrato.jpg\" sizes=\"(max-width: 1366px) 648px, 100vw\" srcset=\"https:\/\/s2.glbimg.com\/I8iiaBhgKxA33uaIlBn-wMykuds=\/0x0:853x1280\/1000x0\/smart\/filters:strip_icc()\/i.s3.glbimg.com\/v1\/AUTH_59edd422c0c84a879bd37670ae4f538a\/internal_photos\/bs\/2022\/X\/K\/FKYzHVSUeq40Ec5AsCFw\/erasmos-carlos-na-expocrato.jpg 1000w, https:\/\/s2.glbimg.com\/Kx-v0aQGTf3BbnwIHV4JEJpMww4=\/0x0:853x1280\/984x0\/smart\/filters:strip_icc()\/i.s3.glbimg.com\/v1\/AUTH_59edd422c0c84a879bd37670ae4f538a\/internal_photos\/bs\/2022\/X\/K\/FKYzHVSUeq40Ec5AsCFw\/erasmos-carlos-na-expocrato.jpg 984w, https:\/\/s2.glbimg.com\/ef3e_E8webTQkQXxpc1HXa9g4hI=\/0x0:853x1280\/640x0\/smart\/filters:strip_icc()\/i.s3.glbimg.com\/v1\/AUTH_59edd422c0c84a879bd37670ae4f538a\/internal_photos\/bs\/2022\/X\/K\/FKYzHVSUeq40Ec5AsCFw\/erasmos-carlos-na-expocrato.jpg 640w, https:\/\/s2.glbimg.com\/EpTSu0aveiTz0GcLYHPqmgmG3kE=\/0x0:853x1280\/600x0\/smart\/filters:strip_icc()\/i.s3.glbimg.com\/v1\/AUTH_59edd422c0c84a879bd37670ae4f538a\/internal_photos\/bs\/2022\/X\/K\/FKYzHVSUeq40Ec5AsCFw\/erasmos-carlos-na-expocrato.jpg 600w\" alt=\"Erasmos Carlos durante apresenta\u00e7\u00e3o na Expocrato em julho \u2014 Foto: Divulga\u00e7\u00e3o\" \/><\/figure>\n<\/div>\n<p class=\"content-media__description \">Erasmos Carlos durante apresenta\u00e7\u00e3o na Expocrato em julho \u2014 Foto: Divulga\u00e7\u00e3o<\/p>\n<\/div>\n<\/div>\n<\/div>\n<div id=\"chunk-257l7\" style=\"text-align: justify;\">\n<div class=\"content-ads content-ads--reveal\" data-block-type=\"ads\" data-block-id=\"19\">\n<div id=\"banner_materia__bd175170-9733-46af-aafc-9937d73e1b6b\" class=\"tag-manager-publicidade-container mc-has-reveal mc-has-ad-lazyload tag-manager-publicidade-banner_materia__bd175170-9733-46af-aafc-9937d73e1b6b tag-manager-publicidade-container--carregado tag-manager-publicidade-container--visivel\" data-id=\"banner_materia__bd175170-9733-46af-aafc-9937d73e1b6b\" data-req=\"true\" data-google-query-id=\"CJKNmdymwvsCFdazlQIdeLUFcQ\" data-cid=\"138413449727\" data-lid=\"6148655215\">\n<div id=\"google_ads_iframe_\/95377733\/tvg_G1\/Sua_Regiao&gt;Sudeste&gt;Rio_de_Janeiro_5__container__\" style=\"box-sizing: inherit; margin: auto; padding: 0px; border: 0pt none; font: inherit; vertical-align: initial; max-width: 100%; text-align: center; width: 970px; height: 150px;\">Mais tarde, ele se tornou, ent\u00e3o, vocalista do grupo <a href=\"https:\/\/g1.globo.com\/tudo-sobre\/renato-e-seus-blue-caps\/\"><strong>Renato &amp; Seus Blue Caps<\/strong><\/a>. Erasmo garantiu a contrata\u00e7\u00e3o do conjunto por uma gravadora e fez sucesso em uma faixa ao lado de Roberto Carlos, marcando o in\u00edcio da parceria entre os dois.\u00a0<span class=\"highlight highlighted\">Erasmo comp\u00f4s mais\u00a0 de 5<\/span><strong><span class=\"highlight highlighted\">00 can\u00e7\u00f5es<\/span><\/strong><span class=\"highlight highlighted\">\u00a0com o amigo.<\/span><\/div>\n<div>\u201cErasmo Carlos\u201d, portanto, n\u00e3o passava de um nome art\u00edstico em homenagem aos parceiros que estiveram com ele no in\u00edcio da carreira: Roberto Carlos e Carlos Imperial. Outros apelidos lhe acompanharam: <strong>Tremend\u00e3o<\/strong>\u00a0e\u00a0<strong>Gigante Gentil<\/strong>.<\/div>\n<\/div>\n<\/div>\n<\/div>\n<div id=\"chunk-425m\" style=\"text-align: justify;\">\n<div class=\"mc-column content-text active-extra-styles \" data-block-type=\"unstyled\" data-block-weight=\"57\" data-block-id=\"22\">\n<p class=\"content-text__container \" data-track-category=\"Link no Texto\" data-track-links=\"\">Poucos anos depois, ainda nos anos 60, a dupla Roberto e Erasmo j\u00e1 se destacava como uns dos principais compositores da Jovem Guarda ao som do i\u00ea-i\u00ea-i\u00ea. Sob influ\u00eancia do pop brit\u00e2nico dos\u00a0<a href=\"https:\/\/g1.globo.com\/tudo-sobre\/beatles\/\">Beatles<\/a>, o carioca se mudou para S\u00e3o Paulo e, com o passar dos discos, Erasmo se tornava \u00edcone da bossa e da MPB.<\/p>\n<\/div>\n<\/div>\n<div id=\"chunk-1pngd\" style=\"text-align: justify;\">\n<div class=\"mc-column content-text active-extra-styles \" data-block-type=\"unstyled\" data-block-weight=\"36\" data-block-id=\"23\">\n<p class=\"content-text__container \" data-track-category=\"Link no Texto\" data-track-links=\"\">N\u00e3o muito tempo longe de casa, ele voltou a morar no Rio de Janeiro ap\u00f3s gravar \u201cAquarela do Brasil\u201d, em 1969. Em 1985, Erasmo esteve na primeira edi\u00e7\u00e3o do Rock in Rio, nas plateias lamacentas.<\/p>\n<\/div>\n<\/div>\n<div id=\"chunk-empja\" style=\"text-align: justify;\">\n<div class=\"mc-column content-text active-extra-styles \" data-block-type=\"unstyled\" data-block-weight=\"42\" data-block-id=\"24\">\n<p class=\"content-text__container \" data-track-category=\"Link no Texto\" data-track-links=\"\">Ainda em 2001, o cantor lan\u00e7ava seu 22\u00ba disco, \u201cPra Falar de Amor\u201d, quando completou 60 anos. No ano seguinte, Erasmo reunia j\u00e1 40 anos de carreira. Na comemora\u00e7\u00e3o dos 50 anos de estrada, a festa foi no Theatro Municipal do Rio.<\/p>\n<\/div>\n<\/div>\n<div id=\"chunk-3snrp\" style=\"text-align: justify;\">\n<div class=\"content-ads content-ads--reveal\" data-block-type=\"ads\" data-block-id=\"25\">\n<div id=\"banner_materia__ecce7e09-ab70-4013-b6e8-b37e500ac9c4\" class=\"tag-manager-publicidade-container mc-has-reveal mc-has-ad-lazyload tag-manager-publicidade-banner_materia__ecce7e09-ab70-4013-b6e8-b37e500ac9c4 tag-manager-publicidade-container--carregado tag-manager-publicidade-container--visivel\" data-id=\"banner_materia__ecce7e09-ab70-4013-b6e8-b37e500ac9c4\" data-req=\"true\" data-google-query-id=\"CK7A3N2mwvsCFUSnlQIdlIUEbg\" data-cid=\"138411060668\" data-lid=\"6148361185\">\n<div id=\"google_ads_iframe_\/95377733\/tvg_G1\/Sua_Regiao&gt;Sudeste&gt;Rio_de_Janeiro_6__container__\" style=\"box-sizing: inherit; margin: auto; padding: 0px; border: 0pt none; font: inherit; vertical-align: initial; max-width: 100%; text-align: center;\"><\/div>\n<\/div>\n<\/div>\n<\/div>\n<div id=\"chunk-d470e\" style=\"text-align: justify;\">\n<div class=\"mc-column content-text active-extra-styles \" data-block-type=\"unstyled\" data-block-weight=\"30\" data-block-id=\"26\">\n<p class=\"content-text__container \" data-track-category=\"Link no Texto\" data-track-links=\"\">Ao longo dos anos, grandes nomes se juntaram ao artista, como\u00a0<a href=\"https:\/\/g1.globo.com\/tudo-sobre\/chico-buarque\/\">Chico Buarque<\/a>, Lulu Santos,\u00a0<a href=\"https:\/\/g1.globo.com\/tudo-sobre\/zeca-pagodinho\/\">Zeca Pagodinho<\/a>,\u00a0<a href=\"https:\/\/g1.globo.com\/tudo-sobre\/skank\/\">Skank<\/a>,\u00a0<a href=\"https:\/\/g1.globo.com\/tudo-sobre\/los-hermanos\/\">Los Hermanos<\/a>,\u00a0<a href=\"https:\/\/g1.globo.com\/tudo-sobre\/djavan\/\">Djavan<\/a>,\u00a0<a href=\"https:\/\/g1.globo.com\/tudo-sobre\/adriana-calcanhotto\/\">Adriana Calcanhotto<\/a>,\u00a0<a href=\"https:\/\/g1.globo.com\/tudo-sobre\/marisa-monte\/\">Marisa Monte<\/a>, Frejat, Marisa e\u00a0<a href=\"https:\/\/g1.globo.com\/tudo-sobre\/milton-nascimento\/\">Milton Nascimento<\/a>.<\/p>\n<\/div>\n<\/div>\n<div id=\"chunk-64to2\" style=\"text-align: justify;\">\n<div class=\"mc-column content-text active-extra-styles \" data-block-type=\"unstyled\" data-block-weight=\"16\" data-block-id=\"27\">\n<p class=\"content-text__container \" data-track-category=\"Link no Texto\" data-track-links=\"\">Em seu \u00faltimo anivers\u00e1rio, o Tremend\u00e3o usou as redes sociais para fazer um post autobiogr\u00e1fico.<\/p>\n<\/div>\n<\/div>\n<div id=\"chunk-1bk8n\" style=\"text-align: justify;\">\n<div class=\"mc-column content-text active-extra-styles \" data-block-type=\"unstyled\" data-block-weight=\"96\" data-block-id=\"28\">\n<p class=\"content-text__container \" data-track-category=\"Link no Texto\" data-track-links=\"\">\u201cSou o resultado das minhas realiza\u00e7\u00f5es\u2026gols e bolas na trave fazem parte do jogo j\u00e1 que a vida \u00e9 curta e minha vontade \u00e9 eterna\u2026sou o que pude e o que tentei ser plenitude\u2026quis ser muitos e sobrou um quando dispensei meia-d\u00fazia dos que n\u00e3o me souberam ser\u2026contagiado pelo bem tornei-me um guerreiro da paz\u2026o meu canto ser\u00e1 ouvido assim como o som dos ventos, enquanto o sol brilhar e as lembran\u00e7as resistirem\u2026dei passos vendados em caminhos movedi\u00e7os para ser merecedor de um lugar no p\u00f3dio do amor !!! FELIZ ANIVERS\u00c1RIO PARA MIM !!!\u201d, postou.<\/p>\n<\/div>\n<\/div>\n<div id=\"chunk-2fqaj\">\n<div class=\"row medium-uncollapsed content-media content-photo\" data-block-type=\"backstage-photo\" data-block-id=\"29\">\n<div class=\"column medium-22 large-20 medium-centered content-media__container\">\n<div class=\"content-media-container glb-skeleton-box\" style=\"text-align: justify;\">\n<figure class=\"content-media-figure\"><img decoding=\"async\" class=\"i-amphtml-fill-content i-amphtml-replaced-content\" src=\"https:\/\/s2.glbimg.com\/nsy0yjWddXukhVHzkRWgtf4xbSs=\/0x0:1809x1241\/1008x0\/smart\/filters:strip_icc()\/i.s3.glbimg.com\/v1\/AUTH_59edd422c0c84a879bd37670ae4f538a\/internal_photos\/bs\/2019\/U\/n\/rpvIUPSsOzl2RatpecpQ\/erasmo-carlos-ft-gutocosta.jpg\" srcset=\"\" alt=\"Erasmo Carlos \u2014 Foto: Guto Costa \/ Divulga\u00e7\u00e3o\" \/><\/figure>\n<\/div>\n<p class=\"content-media__description \" style=\"text-align: justify;\">Erasmo Carlos \u2014 Foto: Guto Costa \/ Divulga\u00e7\u00e3o<\/p>\n<p>Fonte: https:\/\/g1.globo.com\/rj\/rio-de-janeiro\/noticia\/2022\/11\/22\/erasmo-carlos-morre-no-rio.ghtml<\/p>\n<\/div>\n<\/div>\n<\/div>\n<\/div>\n","protected":false},"excerpt":{"rendered":"<p>Tremend\u00e3o estava internado no Hospital Barra D&#8217;Or, na Barra da Tijuca, na Zona Oeste da cidade. O cantor e compositor\u00a0Erasmo Carlos, de 81 anos, morreu nesta ter\u00e7a-feira (22) no\u00a0Rio de Janeiro. Um dos pioneiros do rock e s\u00edmbolo da Jovem Guarda, o artista estava internado no Hospital Barra D&#8217;Or, na Barra da Tijuca, na Zona [&hellip;]<\/p>\n","protected":false},"author":1,"featured_media":71394,"comment_status":"closed","ping_status":"open","sticky":false,"template":"","format":"standard","meta":{"footnotes":""},"categories":[183,178,110],"tags":[],"class_list":["post-71393","post","type-post","status-publish","format-standard","has-post-thumbnail","hentry","category-musicaeturismo","category-notadefalecimento","category-noticiasdestaque"],"_links":{"self":[{"href":"https:\/\/jorgezanoni.com.br\/2019\/wp-json\/wp\/v2\/posts\/71393","targetHints":{"allow":["GET"]}}],"collection":[{"href":"https:\/\/jorgezanoni.com.br\/2019\/wp-json\/wp\/v2\/posts"}],"about":[{"href":"https:\/\/jorgezanoni.com.br\/2019\/wp-json\/wp\/v2\/types\/post"}],"author":[{"embeddable":true,"href":"https:\/\/jorgezanoni.com.br\/2019\/wp-json\/wp\/v2\/users\/1"}],"replies":[{"embeddable":true,"href":"https:\/\/jorgezanoni.com.br\/2019\/wp-json\/wp\/v2\/comments?post=71393"}],"version-history":[{"count":1,"href":"https:\/\/jorgezanoni.com.br\/2019\/wp-json\/wp\/v2\/posts\/71393\/revisions"}],"predecessor-version":[{"id":71395,"href":"https:\/\/jorgezanoni.com.br\/2019\/wp-json\/wp\/v2\/posts\/71393\/revisions\/71395"}],"wp:featuredmedia":[{"embeddable":true,"href":"https:\/\/jorgezanoni.com.br\/2019\/wp-json\/wp\/v2\/media\/71394"}],"wp:attachment":[{"href":"https:\/\/jorgezanoni.com.br\/2019\/wp-json\/wp\/v2\/media?parent=71393"}],"wp:term":[{"taxonomy":"category","embeddable":true,"href":"https:\/\/jorgezanoni.com.br\/2019\/wp-json\/wp\/v2\/categories?post=71393"},{"taxonomy":"post_tag","embeddable":true,"href":"https:\/\/jorgezanoni.com.br\/2019\/wp-json\/wp\/v2\/tags?post=71393"}],"curies":[{"name":"wp","href":"https:\/\/api.w.org\/{rel}","templated":true}]}}