{"id":71367,"date":"2022-11-22T01:35:37","date_gmt":"2022-11-22T01:35:37","guid":{"rendered":"https:\/\/jorgezanoni.com.br\/2019\/?p=71367"},"modified":"2022-11-22T01:35:37","modified_gmt":"2022-11-22T01:35:37","slug":"acidente-entre-onibus-e-carreta-na-rodovia-castello-branco-tinha-passageiros-de-dracena","status":"publish","type":"post","link":"https:\/\/jorgezanoni.com.br\/2019\/acidente-entre-onibus-e-carreta-na-rodovia-castello-branco-tinha-passageiros-de-dracena\/","title":{"rendered":"Acidente entre \u00f4nibus e carreta na Rodovia Castello Branco tinha passageiros de Dracena"},"content":{"rendered":"<div class=\"title\" data-block-type=\"title\" data-block-id=\"0\">\n<h1 style=\"text-align: justify;\"><strong>\u00d4nibus era fretado e fazia o trajeto Litoral Paulista a Presidente Prudente com passageiros daquela cidade, Presidente Venceslau e Dracena.<\/strong><\/h1>\n<h1 class=\"content-head__title\" style=\"text-align: justify;\"><strong>Acidente entre \u00f4nibus, carreta e um ve\u00edculo, provoca congestionamento na Castello Branco em Ara\u00e7ariguama.<\/strong><\/h1>\n<p style=\"text-align: justify;\"><strong style=\"color: #111111; font-family: Roboto, sans-serif; font-size: 27px; text-align: justify;\">Colis\u00e3o ocorreu na madrugada desta segunda-feira (22), mas ningu\u00e9m se feriu gravemente. Pista j\u00e1 est\u00e1 liberada e os ve\u00edculos j\u00e1 foram retirados do local.<\/strong><\/p>\n<\/div>\n<div class=\"medium-centered subtitle\">\n<div id=\"chunk-a606h\" style=\"text-align: justify;\">\n<div class=\"mc-column content-text active-extra-styles active-capital-letter\" data-block-type=\"unstyled\" data-block-weight=\"32\" data-block-id=\"2\">\n<p class=\"content-text__container theme-color-primary-first-letter\" data-track-category=\"Link no Texto\" data-track-links=\"\">Um acidente entre um \u00f4nibus e uma carreta causou congestionamento na Rodovia Castello Branco, na altura do quil\u00f4metro 49, no sentido S\u00e3o Paulo, trecho de Ara\u00e7ariguama (SP), na manh\u00e3 desta segunda-feira (22).<\/p>\n<\/div>\n<\/div>\n<div class=\"wall protected-content\">\n<div id=\"chunk-b7mc0\" style=\"text-align: justify;\">\n<div class=\"mc-column content-text active-extra-styles \" data-block-type=\"unstyled\" data-block-weight=\"30\" data-block-id=\"3\">\n<p class=\"content-text__container \" data-track-category=\"Link no Texto\" data-track-links=\"\">Conforme apurado pela\u00a0<strong>Tv Tem<\/strong>, a colis\u00e3o ocorreu por volta de 4h50, mas ningu\u00e9m se feriu gravemente. A pista j\u00e1 est\u00e1 liberada e os ve\u00edculos j\u00e1 foram retirados do local.<\/p>\n<\/div>\n<\/div>\n<div id=\"chunk-9i1vh\">\n<div class=\"mc-column content-text active-extra-styles \" data-block-type=\"unstyled\" data-block-weight=\"18\" data-block-id=\"4\">\n<p class=\"content-text__container \" style=\"text-align: justify;\" data-track-category=\"Link no Texto\" data-track-links=\"\">Houve congestionamento entre os quil\u00f4metros 53 e 49. A concession\u00e1ria ViaOeste e a Pol\u00edcia Rodovi\u00e1ria atenderam a ocorr\u00eancia.<\/p>\n<p data-track-category=\"Link no Texto\" data-track-links=\"\"><img loading=\"lazy\" decoding=\"async\" class=\"alignnone size-full wp-image-71368\" src=\"https:\/\/jorgezanoni.com.br\/2019\/wp-content\/uploads\/2022\/11\/Busao-2.jpg\" alt=\"\" width=\"2048\" height=\"2048\" srcset=\"https:\/\/jorgezanoni.com.br\/2019\/wp-content\/uploads\/2022\/11\/Busao-2.jpg 2048w, https:\/\/jorgezanoni.com.br\/2019\/wp-content\/uploads\/2022\/11\/Busao-2-300x300.jpg 300w, https:\/\/jorgezanoni.com.br\/2019\/wp-content\/uploads\/2022\/11\/Busao-2-1024x1024.jpg 1024w, https:\/\/jorgezanoni.com.br\/2019\/wp-content\/uploads\/2022\/11\/Busao-2-150x150.jpg 150w, https:\/\/jorgezanoni.com.br\/2019\/wp-content\/uploads\/2022\/11\/Busao-2-768x768.jpg 768w, https:\/\/jorgezanoni.com.br\/2019\/wp-content\/uploads\/2022\/11\/Busao-2-1536x1536.jpg 1536w, https:\/\/jorgezanoni.com.br\/2019\/wp-content\/uploads\/2022\/11\/Busao-2-696x696.jpg 696w, https:\/\/jorgezanoni.com.br\/2019\/wp-content\/uploads\/2022\/11\/Busao-2-1068x1068.jpg 1068w, https:\/\/jorgezanoni.com.br\/2019\/wp-content\/uploads\/2022\/11\/Busao-2-420x420.jpg 420w\" sizes=\"auto, (max-width: 2048px) 100vw, 2048px\" \/> <img loading=\"lazy\" decoding=\"async\" class=\"alignnone size-full wp-image-71369\" src=\"https:\/\/jorgezanoni.com.br\/2019\/wp-content\/uploads\/2022\/11\/Busao-1.jpg\" alt=\"\" width=\"2048\" height=\"2048\" srcset=\"https:\/\/jorgezanoni.com.br\/2019\/wp-content\/uploads\/2022\/11\/Busao-1.jpg 2048w, https:\/\/jorgezanoni.com.br\/2019\/wp-content\/uploads\/2022\/11\/Busao-1-300x300.jpg 300w, https:\/\/jorgezanoni.com.br\/2019\/wp-content\/uploads\/2022\/11\/Busao-1-1024x1024.jpg 1024w, https:\/\/jorgezanoni.com.br\/2019\/wp-content\/uploads\/2022\/11\/Busao-1-150x150.jpg 150w, https:\/\/jorgezanoni.com.br\/2019\/wp-content\/uploads\/2022\/11\/Busao-1-768x768.jpg 768w, https:\/\/jorgezanoni.com.br\/2019\/wp-content\/uploads\/2022\/11\/Busao-1-1536x1536.jpg 1536w, https:\/\/jorgezanoni.com.br\/2019\/wp-content\/uploads\/2022\/11\/Busao-1-696x696.jpg 696w, https:\/\/jorgezanoni.com.br\/2019\/wp-content\/uploads\/2022\/11\/Busao-1-1068x1068.jpg 1068w, https:\/\/jorgezanoni.com.br\/2019\/wp-content\/uploads\/2022\/11\/Busao-1-420x420.jpg 420w\" sizes=\"auto, (max-width: 2048px) 100vw, 2048px\" \/><\/p>\n<p style=\"text-align: justify;\" data-track-category=\"Link no Texto\" data-track-links=\"\">Fonte: G1<\/p>\n<p style=\"text-align: justify;\" data-track-category=\"Link no Texto\" data-track-links=\"\">Fotos de Internauta<\/p>\n<\/div>\n<\/div>\n<\/div>\n<\/div>\n","protected":false},"excerpt":{"rendered":"<p>\u00d4nibus era fretado e fazia o trajeto Litoral Paulista a Presidente Prudente com passageiros daquela cidade, Presidente Venceslau e Dracena. Acidente entre \u00f4nibus, carreta e um ve\u00edculo, provoca congestionamento na Castello Branco em Ara\u00e7ariguama. Colis\u00e3o ocorreu na madrugada desta segunda-feira (22), mas ningu\u00e9m se feriu gravemente. Pista j\u00e1 est\u00e1 liberada e os ve\u00edculos j\u00e1 foram [&hellip;]<\/p>\n","protected":false},"author":1,"featured_media":71370,"comment_status":"closed","ping_status":"open","sticky":false,"template":"","format":"standard","meta":{"footnotes":""},"categories":[170,110],"tags":[],"class_list":["post-71367","post","type-post","status-publish","format-standard","has-post-thumbnail","hentry","category-acidentes","category-noticiasdestaque"],"_links":{"self":[{"href":"https:\/\/jorgezanoni.com.br\/2019\/wp-json\/wp\/v2\/posts\/71367","targetHints":{"allow":["GET"]}}],"collection":[{"href":"https:\/\/jorgezanoni.com.br\/2019\/wp-json\/wp\/v2\/posts"}],"about":[{"href":"https:\/\/jorgezanoni.com.br\/2019\/wp-json\/wp\/v2\/types\/post"}],"author":[{"embeddable":true,"href":"https:\/\/jorgezanoni.com.br\/2019\/wp-json\/wp\/v2\/users\/1"}],"replies":[{"embeddable":true,"href":"https:\/\/jorgezanoni.com.br\/2019\/wp-json\/wp\/v2\/comments?post=71367"}],"version-history":[{"count":1,"href":"https:\/\/jorgezanoni.com.br\/2019\/wp-json\/wp\/v2\/posts\/71367\/revisions"}],"predecessor-version":[{"id":71372,"href":"https:\/\/jorgezanoni.com.br\/2019\/wp-json\/wp\/v2\/posts\/71367\/revisions\/71372"}],"wp:featuredmedia":[{"embeddable":true,"href":"https:\/\/jorgezanoni.com.br\/2019\/wp-json\/wp\/v2\/media\/71370"}],"wp:attachment":[{"href":"https:\/\/jorgezanoni.com.br\/2019\/wp-json\/wp\/v2\/media?parent=71367"}],"wp:term":[{"taxonomy":"category","embeddable":true,"href":"https:\/\/jorgezanoni.com.br\/2019\/wp-json\/wp\/v2\/categories?post=71367"},{"taxonomy":"post_tag","embeddable":true,"href":"https:\/\/jorgezanoni.com.br\/2019\/wp-json\/wp\/v2\/tags?post=71367"}],"curies":[{"name":"wp","href":"https:\/\/api.w.org\/{rel}","templated":true}]}}