{"id":7132,"date":"2019-09-24T12:22:06","date_gmt":"2019-09-24T12:22:06","guid":{"rendered":"https:\/\/jorgezanoni.com.br\/2019\/?p=7132"},"modified":"2019-09-24T12:23:00","modified_gmt":"2019-09-24T12:23:00","slug":"fogo-em-lixo-incomoda-moradores-de-bairro","status":"publish","type":"post","link":"https:\/\/jorgezanoni.com.br\/2019\/fogo-em-lixo-incomoda-moradores-de-bairro\/","title":{"rendered":"Fogo em lixo incomoda moradores de bairro"},"content":{"rendered":"<p style=\"text-align: justify;\">Moradores das imedia\u00e7\u00f5es da esquina da rua Maria Aparecida da Silva F\u00e9lix esquina com Alu\u00edsio Azevedo no bairro Nossa Senhora Aparecida, reclamam que nesta manh\u00e3 algu\u00e9m ateou fogo nas imedia\u00e7\u00f5es em um lixo existente.<\/p>\n<p style=\"text-align: justify;\">&#8220;J\u00e1 n\u00e3o basta conviver com o lixo, agora com esse fogo e fuma\u00e7a, ainda mais a gente com crian\u00e7a pequena em casa&#8221; disse uma das moradoras.<\/p>\n<p style=\"text-align: justify;\">Pedem que algu\u00e9m da Secretaria do Meio Ambiente d\u00ea uma passada pelo local para conferir a situa\u00e7\u00e3o e tentar uma solu\u00e7\u00e3o para o problema.<\/p>\n<p style=\"text-align: justify;\">Jorge Zanoni<\/p>\n<p>Foto de Internauta<\/p>\n<p>&nbsp;<\/p>\n","protected":false},"excerpt":{"rendered":"<p>Moradores das imedia\u00e7\u00f5es da esquina da rua Maria Aparecida da Silva F\u00e9lix esquina com Alu\u00edsio Azevedo no bairro Nossa Senhora Aparecida, reclamam que nesta manh\u00e3 algu\u00e9m ateou fogo nas imedia\u00e7\u00f5es em um lixo existente. &#8220;J\u00e1 n\u00e3o basta conviver com o lixo, agora com esse fogo e fuma\u00e7a, ainda mais a gente com crian\u00e7a pequena em [&hellip;]<\/p>\n","protected":false},"author":1,"featured_media":7133,"comment_status":"closed","ping_status":"open","sticky":false,"template":"","format":"standard","meta":{"footnotes":""},"categories":[176],"tags":[],"class_list":["post-7132","post","type-post","status-publish","format-standard","has-post-thumbnail","hentry","category-meioambienteeagricultura"],"_links":{"self":[{"href":"https:\/\/jorgezanoni.com.br\/2019\/wp-json\/wp\/v2\/posts\/7132","targetHints":{"allow":["GET"]}}],"collection":[{"href":"https:\/\/jorgezanoni.com.br\/2019\/wp-json\/wp\/v2\/posts"}],"about":[{"href":"https:\/\/jorgezanoni.com.br\/2019\/wp-json\/wp\/v2\/types\/post"}],"author":[{"embeddable":true,"href":"https:\/\/jorgezanoni.com.br\/2019\/wp-json\/wp\/v2\/users\/1"}],"replies":[{"embeddable":true,"href":"https:\/\/jorgezanoni.com.br\/2019\/wp-json\/wp\/v2\/comments?post=7132"}],"version-history":[{"count":0,"href":"https:\/\/jorgezanoni.com.br\/2019\/wp-json\/wp\/v2\/posts\/7132\/revisions"}],"wp:featuredmedia":[{"embeddable":true,"href":"https:\/\/jorgezanoni.com.br\/2019\/wp-json\/wp\/v2\/media\/7133"}],"wp:attachment":[{"href":"https:\/\/jorgezanoni.com.br\/2019\/wp-json\/wp\/v2\/media?parent=7132"}],"wp:term":[{"taxonomy":"category","embeddable":true,"href":"https:\/\/jorgezanoni.com.br\/2019\/wp-json\/wp\/v2\/categories?post=7132"},{"taxonomy":"post_tag","embeddable":true,"href":"https:\/\/jorgezanoni.com.br\/2019\/wp-json\/wp\/v2\/tags?post=7132"}],"curies":[{"name":"wp","href":"https:\/\/api.w.org\/{rel}","templated":true}]}}