{"id":71284,"date":"2022-11-19T18:03:39","date_gmt":"2022-11-19T18:03:39","guid":{"rendered":"https:\/\/jorgezanoni.com.br\/2019\/?p=71284"},"modified":"2022-11-19T18:04:32","modified_gmt":"2022-11-19T18:04:32","slug":"morador-de-dracena-morre-atropelado-na-sp-294-proximo-ao-trevo-de-acesso-a-cidade","status":"publish","type":"post","link":"https:\/\/jorgezanoni.com.br\/2019\/morador-de-dracena-morre-atropelado-na-sp-294-proximo-ao-trevo-de-acesso-a-cidade\/","title":{"rendered":"Morador de Dracena morre atropelado na SP-294 pr\u00f3ximo ao trevo de acesso a cidade"},"content":{"rendered":"<p style=\"text-align: justify;\"><strong>Marco Antonio Souza Bastos morador do Jardim Jussara em Dracena foi v\u00edtima fatal de acidente registrado por volta de 02:40 Horas da madrugada deste s\u00e1bado (19) na SP-294, Rodovia Comandante Jo\u00e3o Ribeiro de Barros, Km. 647,8, em Dracena.<\/strong><\/p>\n<p style=\"text-align: justify;\">Conforme relato da Pol\u00edcia Militar Rodovi\u00e1ria, base operacional de Adamntina, na madrugada desse s\u00e1bado (19), a Pol\u00edcia Militar Rodovi\u00e1ria registrou ocorr\u00eancia de sinistro de tr\u00e2nsito com v\u00edtima, em que (01) um caminh\u00e3o trator acoplado com (02) dois semi-reboques, transitava no sentido Leste, quando se deparou com o pedestre se levantando do solo, por\u00e9m, mesmo freando e desviando n\u00e3o conseguiu evitar o atropelamento, que infelizmente resultou em 01 (uma) v\u00edtima fatal.<\/p>\n<p style=\"text-align: justify;\">O conjunto de veiculo de placas de Colombo\/PR, transitavam no sentido de dire\u00e7\u00e3o, Tupi paulista\/SP a Junqueiropolis\/SP, atropelou o (01) um pedestre masculino trajava uma bermuda bege e sem camisa, (M.A.S.B.) 37 anos, morador de Dracena\/SP, que estava no meio da faixa de rolamento da rodovia.<\/p>\n<p style=\"text-align: justify;\">O tr\u00e2nsito local foi administrado pelo policiamento rodovi\u00e1rio com o apoio da concessionaria Eixo\/Sp, at\u00e9 o final dos trabalhos de Per\u00edcia.<\/p>\n<p><img loading=\"lazy\" decoding=\"async\" class=\"alignnone size-full wp-image-71286\" src=\"https:\/\/jorgezanoni.com.br\/2019\/wp-content\/uploads\/2022\/11\/atropela.jpg\" alt=\"\" width=\"960\" height=\"1280\" srcset=\"https:\/\/jorgezanoni.com.br\/2019\/wp-content\/uploads\/2022\/11\/atropela.jpg 960w, https:\/\/jorgezanoni.com.br\/2019\/wp-content\/uploads\/2022\/11\/atropela-225x300.jpg 225w, https:\/\/jorgezanoni.com.br\/2019\/wp-content\/uploads\/2022\/11\/atropela-768x1024.jpg 768w, https:\/\/jorgezanoni.com.br\/2019\/wp-content\/uploads\/2022\/11\/atropela-696x928.jpg 696w, https:\/\/jorgezanoni.com.br\/2019\/wp-content\/uploads\/2022\/11\/atropela-315x420.jpg 315w\" sizes=\"auto, (max-width: 960px) 100vw, 960px\" \/><\/p>\n<p><strong><img loading=\"lazy\" decoding=\"async\" class=\"alignnone size-full wp-image-71285\" src=\"https:\/\/jorgezanoni.com.br\/2019\/wp-content\/uploads\/2022\/11\/Marco.jpg\" alt=\"\" width=\"1280\" height=\"1280\" srcset=\"https:\/\/jorgezanoni.com.br\/2019\/wp-content\/uploads\/2022\/11\/Marco.jpg 1280w, https:\/\/jorgezanoni.com.br\/2019\/wp-content\/uploads\/2022\/11\/Marco-300x300.jpg 300w, https:\/\/jorgezanoni.com.br\/2019\/wp-content\/uploads\/2022\/11\/Marco-1024x1024.jpg 1024w, https:\/\/jorgezanoni.com.br\/2019\/wp-content\/uploads\/2022\/11\/Marco-150x150.jpg 150w, https:\/\/jorgezanoni.com.br\/2019\/wp-content\/uploads\/2022\/11\/Marco-768x768.jpg 768w, https:\/\/jorgezanoni.com.br\/2019\/wp-content\/uploads\/2022\/11\/Marco-696x696.jpg 696w, https:\/\/jorgezanoni.com.br\/2019\/wp-content\/uploads\/2022\/11\/Marco-1068x1068.jpg 1068w, https:\/\/jorgezanoni.com.br\/2019\/wp-content\/uploads\/2022\/11\/Marco-420x420.jpg 420w\" sizes=\"auto, (max-width: 1280px) 100vw, 1280px\" \/><\/strong>Fonte\/Foto: PMR e Mutu\u00e1ria Dracenense<\/p>\n<p>&nbsp;<\/p>\n<h1 class=\"mvp-post-title left entry-title\"><\/h1>\n","protected":false},"excerpt":{"rendered":"<p>Marco Antonio Souza Bastos morador do Jardim Jussara em Dracena foi v\u00edtima fatal de acidente registrado por volta de 02:40 Horas da madrugada deste s\u00e1bado (19) na SP-294, Rodovia Comandante Jo\u00e3o Ribeiro de Barros, Km. 647,8, em Dracena. Conforme relato da Pol\u00edcia Militar Rodovi\u00e1ria, base operacional de Adamntina, na madrugada desse s\u00e1bado (19), a Pol\u00edcia [&hellip;]<\/p>\n","protected":false},"author":1,"featured_media":71287,"comment_status":"closed","ping_status":"open","sticky":false,"template":"","format":"standard","meta":{"footnotes":""},"categories":[170,110],"tags":[],"class_list":["post-71284","post","type-post","status-publish","format-standard","has-post-thumbnail","hentry","category-acidentes","category-noticiasdestaque"],"_links":{"self":[{"href":"https:\/\/jorgezanoni.com.br\/2019\/wp-json\/wp\/v2\/posts\/71284","targetHints":{"allow":["GET"]}}],"collection":[{"href":"https:\/\/jorgezanoni.com.br\/2019\/wp-json\/wp\/v2\/posts"}],"about":[{"href":"https:\/\/jorgezanoni.com.br\/2019\/wp-json\/wp\/v2\/types\/post"}],"author":[{"embeddable":true,"href":"https:\/\/jorgezanoni.com.br\/2019\/wp-json\/wp\/v2\/users\/1"}],"replies":[{"embeddable":true,"href":"https:\/\/jorgezanoni.com.br\/2019\/wp-json\/wp\/v2\/comments?post=71284"}],"version-history":[{"count":2,"href":"https:\/\/jorgezanoni.com.br\/2019\/wp-json\/wp\/v2\/posts\/71284\/revisions"}],"predecessor-version":[{"id":71289,"href":"https:\/\/jorgezanoni.com.br\/2019\/wp-json\/wp\/v2\/posts\/71284\/revisions\/71289"}],"wp:featuredmedia":[{"embeddable":true,"href":"https:\/\/jorgezanoni.com.br\/2019\/wp-json\/wp\/v2\/media\/71287"}],"wp:attachment":[{"href":"https:\/\/jorgezanoni.com.br\/2019\/wp-json\/wp\/v2\/media?parent=71284"}],"wp:term":[{"taxonomy":"category","embeddable":true,"href":"https:\/\/jorgezanoni.com.br\/2019\/wp-json\/wp\/v2\/categories?post=71284"},{"taxonomy":"post_tag","embeddable":true,"href":"https:\/\/jorgezanoni.com.br\/2019\/wp-json\/wp\/v2\/tags?post=71284"}],"curies":[{"name":"wp","href":"https:\/\/api.w.org\/{rel}","templated":true}]}}