{"id":71240,"date":"2022-11-18T12:48:39","date_gmt":"2022-11-18T12:48:39","guid":{"rendered":"https:\/\/jorgezanoni.com.br\/2019\/?p=71240"},"modified":"2022-11-18T12:48:39","modified_gmt":"2022-11-18T12:48:39","slug":"acidente-entre-carro-e-moto-na-avenida-presidente-vargas-em-dracena","status":"publish","type":"post","link":"https:\/\/jorgezanoni.com.br\/2019\/acidente-entre-carro-e-moto-na-avenida-presidente-vargas-em-dracena\/","title":{"rendered":"Acidente entre carro e moto na Avenida Presidente Vargas em Dracena"},"content":{"rendered":"<p style=\"text-align: justify;\"><strong>Motociclista ficou levemente ferido com poucas escoria\u00e7\u00f5es.<\/strong><\/p>\n<p style=\"text-align: justify;\">No final da tarde desta quinta-feira (17), foi registrado um acidente na esquina da Avenida Presidente Vargas com a Rua S\u00e3o Paulo, regi\u00e3o central de Dracena.<\/p>\n<p style=\"text-align: justify;\">Segundo informa\u00e7\u00f5es obtidas no local pela reportagem do Site JZ uma motocicleta fazia o sentido \u00fanico da Presidente Vargas centro-bairro quando foi interceptada pelo ve\u00edculo utilit\u00e1rio (t\u00e1xi) que fazia o sentido Santa Casa antiga linha F\u00e9rrea.<\/p>\n<p style=\"text-align: justify;\">Com o impacto da batida o condutor caiu ao solo asf\u00e1ltico, tendo leves escoria\u00e7\u00f5es. O motorista do ve\u00edculo e uma passageira n\u00e3o se feriram.<\/p>\n<p style=\"text-align: justify;\">O ve\u00edculo teve que ser retirado do local por um guincho, j\u00e1 que teve a roda afetada e n\u00e3o conseguia seguir seu trajeto<\/p>\n<p style=\"text-align: justify;\">Pol\u00edcia Militar e Per\u00edcia T\u00e9cnica compareceram ao local para os levantamentos que ir\u00e3o apontar as causas do acidente.<\/p>\n<p><img loading=\"lazy\" decoding=\"async\" class=\"alignnone size-full wp-image-71241\" src=\"https:\/\/jorgezanoni.com.br\/2019\/wp-content\/uploads\/2022\/11\/IMG_2530-Pequeno.jpg\" alt=\"\" width=\"640\" height=\"480\" srcset=\"https:\/\/jorgezanoni.com.br\/2019\/wp-content\/uploads\/2022\/11\/IMG_2530-Pequeno.jpg 640w, https:\/\/jorgezanoni.com.br\/2019\/wp-content\/uploads\/2022\/11\/IMG_2530-Pequeno-300x225.jpg 300w, https:\/\/jorgezanoni.com.br\/2019\/wp-content\/uploads\/2022\/11\/IMG_2530-Pequeno-80x60.jpg 80w, https:\/\/jorgezanoni.com.br\/2019\/wp-content\/uploads\/2022\/11\/IMG_2530-Pequeno-265x198.jpg 265w, https:\/\/jorgezanoni.com.br\/2019\/wp-content\/uploads\/2022\/11\/IMG_2530-Pequeno-560x420.jpg 560w\" sizes=\"auto, (max-width: 640px) 100vw, 640px\" \/> <img loading=\"lazy\" decoding=\"async\" class=\"alignnone size-full wp-image-71243\" src=\"https:\/\/jorgezanoni.com.br\/2019\/wp-content\/uploads\/2022\/11\/IMG_2532-Pequeno.jpg\" alt=\"\" width=\"640\" height=\"480\" srcset=\"https:\/\/jorgezanoni.com.br\/2019\/wp-content\/uploads\/2022\/11\/IMG_2532-Pequeno.jpg 640w, https:\/\/jorgezanoni.com.br\/2019\/wp-content\/uploads\/2022\/11\/IMG_2532-Pequeno-300x225.jpg 300w, https:\/\/jorgezanoni.com.br\/2019\/wp-content\/uploads\/2022\/11\/IMG_2532-Pequeno-80x60.jpg 80w, https:\/\/jorgezanoni.com.br\/2019\/wp-content\/uploads\/2022\/11\/IMG_2532-Pequeno-265x198.jpg 265w, https:\/\/jorgezanoni.com.br\/2019\/wp-content\/uploads\/2022\/11\/IMG_2532-Pequeno-560x420.jpg 560w\" sizes=\"auto, (max-width: 640px) 100vw, 640px\" \/><\/p>\n<p>Jorge Zanoni<\/p>\n","protected":false},"excerpt":{"rendered":"<p>Motociclista ficou levemente ferido com poucas escoria\u00e7\u00f5es. No final da tarde desta quinta-feira (17), foi registrado um acidente na esquina da Avenida Presidente Vargas com a Rua S\u00e3o Paulo, regi\u00e3o central de Dracena. Segundo informa\u00e7\u00f5es obtidas no local pela reportagem do Site JZ uma motocicleta fazia o sentido \u00fanico da Presidente Vargas centro-bairro quando foi [&hellip;]<\/p>\n","protected":false},"author":1,"featured_media":71242,"comment_status":"closed","ping_status":"open","sticky":false,"template":"","format":"standard","meta":{"footnotes":""},"categories":[170,110],"tags":[],"class_list":["post-71240","post","type-post","status-publish","format-standard","has-post-thumbnail","hentry","category-acidentes","category-noticiasdestaque"],"_links":{"self":[{"href":"https:\/\/jorgezanoni.com.br\/2019\/wp-json\/wp\/v2\/posts\/71240","targetHints":{"allow":["GET"]}}],"collection":[{"href":"https:\/\/jorgezanoni.com.br\/2019\/wp-json\/wp\/v2\/posts"}],"about":[{"href":"https:\/\/jorgezanoni.com.br\/2019\/wp-json\/wp\/v2\/types\/post"}],"author":[{"embeddable":true,"href":"https:\/\/jorgezanoni.com.br\/2019\/wp-json\/wp\/v2\/users\/1"}],"replies":[{"embeddable":true,"href":"https:\/\/jorgezanoni.com.br\/2019\/wp-json\/wp\/v2\/comments?post=71240"}],"version-history":[{"count":1,"href":"https:\/\/jorgezanoni.com.br\/2019\/wp-json\/wp\/v2\/posts\/71240\/revisions"}],"predecessor-version":[{"id":71245,"href":"https:\/\/jorgezanoni.com.br\/2019\/wp-json\/wp\/v2\/posts\/71240\/revisions\/71245"}],"wp:featuredmedia":[{"embeddable":true,"href":"https:\/\/jorgezanoni.com.br\/2019\/wp-json\/wp\/v2\/media\/71242"}],"wp:attachment":[{"href":"https:\/\/jorgezanoni.com.br\/2019\/wp-json\/wp\/v2\/media?parent=71240"}],"wp:term":[{"taxonomy":"category","embeddable":true,"href":"https:\/\/jorgezanoni.com.br\/2019\/wp-json\/wp\/v2\/categories?post=71240"},{"taxonomy":"post_tag","embeddable":true,"href":"https:\/\/jorgezanoni.com.br\/2019\/wp-json\/wp\/v2\/tags?post=71240"}],"curies":[{"name":"wp","href":"https:\/\/api.w.org\/{rel}","templated":true}]}}