{"id":71212,"date":"2022-11-17T16:13:43","date_gmt":"2022-11-17T16:13:43","guid":{"rendered":"https:\/\/jorgezanoni.com.br\/2019\/?p=71212"},"modified":"2022-11-17T16:13:43","modified_gmt":"2022-11-17T16:13:43","slug":"homem-e-preso-por-trafico-de-drogas-na-sp-563-em-tupi-paulista","status":"publish","type":"post","link":"https:\/\/jorgezanoni.com.br\/2019\/homem-e-preso-por-trafico-de-drogas-na-sp-563-em-tupi-paulista\/","title":{"rendered":"Homem \u00e9 preso por Tr\u00e1fico de Drogas na SP-563 em Tupi Paulista"},"content":{"rendered":"<p style=\"text-align: justify;\"><strong>Pris\u00e3o de home de 27 anos, aconteceu ontem (16) \u00e0s 18:45 Horas na Rodovia General Euclides de Oliveira Figueiredo, Km. 138, no Munic\u00edpio de Tupi Paulista.<\/strong><\/p>\n<p style=\"text-align: justify;\">DURANTE PATRULHAMENTO DE ROTINA, OS POLICIAS MILITARES RECEBERAM INFORMA\u00c7\u00d5ES DIZENDO QUE UM HOMEM CONHECIDO POR &#8220;DEDA&#8221;, HAVIA SE DESLOCADO AT\u00c9 A CIDADE DE DRACENA, EM UM VE\u00cdCULO VW GOL NA COR VERDE, PELA SP-563. TENDO EM VISTA TRATAR-SE DE INDIV\u00cdDUO BASTANTE CONHECIDO NOS MEIOS POLICIAIS E COM V\u00c1RIAS DEN\u00daNCIAS COM ENVOLVIMENTO COM TRAFICO DE DROGAS. A EQUIPE INICIOU PATRULHAMENTO COM VISTAS, E AVISTOU UM VE\u00cdCULO COM AS MESMAS CARACTER\u00cdSTICAS, OCUPADO POR DUAS PESSOAS, TRAFEGANDO NA SP- 563, SENTIDO A TUPI PAULISTA. FOI DADO ORDEM DE PARADA, SENDO ABORDADO E CONSTATADO QUE O PASSAGEIRO SE TRATAVA DO REFERIDO INDIVIDUO (E.B. 37 ANOS) &#8220;DEDA&#8221;. DURANTE A BUSCA PESSOAL FOI LOCALIZADA NO BOLSO ESQUERDO DA CAL\u00c7A DO INDICIADO, 01 (UMA) POR\u00c7\u00c3O DE CRACK (15,9 Gr), R$7,00 E 01 (UM) CELULAR SAMSUNG. AINDA EM SUA POSSE, NO \u00d3RG\u00c3O GENITAL, FOI ENCONTRADO 01 (UMA) POR\u00c7\u00c3O MAIOR DE CRACK. DIANTE DO FATO, FOI DADA VOZ DE PRIS\u00c3O AO AUTOR QUE FOI CONDUZIDO A DELEGACIA, PERMANECENDO PRESO A DISPOSI\u00c7\u00c3O DA JUSTI\u00c7A. CONDUTOR DO VEICULO DE 71 ANOS, FOI QUALIFICADO COMO TESTEMUNHA.<\/p>\n<p style=\"text-align: justify;\">Fonte: Com. Social Pol\u00edcia Militar<\/p>\n","protected":false},"excerpt":{"rendered":"<p>Pris\u00e3o de home de 27 anos, aconteceu ontem (16) \u00e0s 18:45 Horas na Rodovia General Euclides de Oliveira Figueiredo, Km. 138, no Munic\u00edpio de Tupi Paulista. DURANTE PATRULHAMENTO DE ROTINA, OS POLICIAS MILITARES RECEBERAM INFORMA\u00c7\u00d5ES DIZENDO QUE UM HOMEM CONHECIDO POR &#8220;DEDA&#8221;, HAVIA SE DESLOCADO AT\u00c9 A CIDADE DE DRACENA, EM UM VE\u00cdCULO VW GOL [&hellip;]<\/p>\n","protected":false},"author":1,"featured_media":71213,"comment_status":"closed","ping_status":"open","sticky":false,"template":"","format":"standard","meta":{"footnotes":""},"categories":[110,2],"tags":[],"class_list":["post-71212","post","type-post","status-publish","format-standard","has-post-thumbnail","hentry","category-noticiasdestaque","category-policial"],"_links":{"self":[{"href":"https:\/\/jorgezanoni.com.br\/2019\/wp-json\/wp\/v2\/posts\/71212","targetHints":{"allow":["GET"]}}],"collection":[{"href":"https:\/\/jorgezanoni.com.br\/2019\/wp-json\/wp\/v2\/posts"}],"about":[{"href":"https:\/\/jorgezanoni.com.br\/2019\/wp-json\/wp\/v2\/types\/post"}],"author":[{"embeddable":true,"href":"https:\/\/jorgezanoni.com.br\/2019\/wp-json\/wp\/v2\/users\/1"}],"replies":[{"embeddable":true,"href":"https:\/\/jorgezanoni.com.br\/2019\/wp-json\/wp\/v2\/comments?post=71212"}],"version-history":[{"count":1,"href":"https:\/\/jorgezanoni.com.br\/2019\/wp-json\/wp\/v2\/posts\/71212\/revisions"}],"predecessor-version":[{"id":71214,"href":"https:\/\/jorgezanoni.com.br\/2019\/wp-json\/wp\/v2\/posts\/71212\/revisions\/71214"}],"wp:featuredmedia":[{"embeddable":true,"href":"https:\/\/jorgezanoni.com.br\/2019\/wp-json\/wp\/v2\/media\/71213"}],"wp:attachment":[{"href":"https:\/\/jorgezanoni.com.br\/2019\/wp-json\/wp\/v2\/media?parent=71212"}],"wp:term":[{"taxonomy":"category","embeddable":true,"href":"https:\/\/jorgezanoni.com.br\/2019\/wp-json\/wp\/v2\/categories?post=71212"},{"taxonomy":"post_tag","embeddable":true,"href":"https:\/\/jorgezanoni.com.br\/2019\/wp-json\/wp\/v2\/tags?post=71212"}],"curies":[{"name":"wp","href":"https:\/\/api.w.org\/{rel}","templated":true}]}}