{"id":71205,"date":"2022-11-17T14:35:17","date_gmt":"2022-11-17T14:35:17","guid":{"rendered":"https:\/\/jorgezanoni.com.br\/2019\/?p=71205"},"modified":"2022-11-17T14:35:17","modified_gmt":"2022-11-17T14:35:17","slug":"dracenense-evandro-gussi-fara-parte-da-equipe-de-transicao-do-governo-lula","status":"publish","type":"post","link":"https:\/\/jorgezanoni.com.br\/2019\/dracenense-evandro-gussi-fara-parte-da-equipe-de-transicao-do-governo-lula\/","title":{"rendered":"Dracenense Evandro Gussi far\u00e1 parte da equipe de transi\u00e7\u00e3o do Governo Lula"},"content":{"rendered":"<p style=\"text-align: justify;\"><strong>A convite do Vice Presidente da Rep\u00fablica eleito Geraldo Alckimin, o dracenense Evandro Gussi, filho do Dr. Jos\u00e9 Reinaldo Gussi e Luci Mara Bertoni Gussi, estar\u00e1 fazendo parte da equipe de transi\u00e7\u00e3o do Governo Lula.<\/strong><\/p>\n<p>Ele estava ministrando palestra sobre Bioenergia no Egito ontem (16), quando recebeu o convite.<\/p>\n<p class=\"x_MsoNormal\" style=\"text-align: justify;\"><span class=\"marktsbqxx4ca\" data-markjs=\"true\" data-ogac=\"\" data-ogab=\"\" data-ogsc=\"\" data-ogsb=\"\">Evandro<\/span>\u00a0Gussi \u00e9 presidente e CEO da Uni\u00e3o da Ind\u00fastria de Cana-de-A\u00e7\u00facar e Bioenergia (Unica), entidade dedicada a fornecer energia limpa, renov\u00e1vel e natural sob a forma de a\u00e7\u00facar,\u00a0<span class=\"markd1wi5w37z\" data-markjs=\"true\" data-ogac=\"\" data-ogab=\"\" data-ogsc=\"\" data-ogsb=\"\">bio<\/span>combust\u00edveis,\u00a0<span class=\"markd1wi5w37z\" data-markjs=\"true\" data-ogac=\"\" data-ogab=\"\" data-ogsc=\"\" data-ogsb=\"\">bio<\/span>eletricidade e\u00a0<span class=\"markd1wi5w37z\" data-markjs=\"true\" data-ogac=\"\" data-ogab=\"\" data-ogsc=\"\" data-ogsb=\"\">bio<\/span>massa.<\/p>\n<p class=\"x_MsoNormal\" style=\"text-align: justify;\">Antes de assumir a dire\u00e7\u00e3o da Unica,\u00a0<span class=\"marktsbqxx4ca\" data-markjs=\"true\" data-ogac=\"\" data-ogab=\"\" data-ogsc=\"\" data-ogsb=\"\">Evandro<\/span>\u00a0Gussi foi Controlador-Geral da C\u00e2mara dos Deputados. Eleito para o Congresso em 2014 (mandato de 2015-2019), atuou como l\u00edder de seu partido entre 2016 e 2017. Gussi foi autor da Lei \u201cRenovaBio\u201d, legisla\u00e7\u00e3o de refer\u00eancia para ampliar a utiliza\u00e7\u00e3o de\u00a0<span class=\"markd1wi5w37z\" data-markjs=\"true\" data-ogac=\"\" data-ogab=\"\" data-ogsc=\"\" data-ogsb=\"\">bio<\/span>combust\u00edveis no Brasil, contribuindo para que o pa\u00eds atinja suas metas de redu\u00e7\u00e3o de gases de efeito estufa e para o cumprimento dos compromissos assumidos no \u00e2mbito do Acordo de Paris.<\/p>\n<p class=\"x_MsoNormal\" style=\"text-align: justify;\"><span class=\"marktsbqxx4ca\" data-markjs=\"true\" data-ogac=\"\" data-ogab=\"\" data-ogsc=\"\" data-ogsb=\"\">Evandro<\/span>\u00a0Gussi \u00e9 doutor em direito pela Faculdade de Direito da Universidade de S\u00e3o Paulo (2009) e mestre em direito pela Universidade Federal do Rio Grande do Sul (2005).<\/p>\n<p>Jorge Zanoni<\/p>\n<p>Fonte: https:\/\/unica.com.br\/sobre-a-unica\/equipe\/evandro-gussi\/<\/p>\n","protected":false},"excerpt":{"rendered":"<p>A convite do Vice Presidente da Rep\u00fablica eleito Geraldo Alckimin, o dracenense Evandro Gussi, filho do Dr. Jos\u00e9 Reinaldo Gussi e Luci Mara Bertoni Gussi, estar\u00e1 fazendo parte da equipe de transi\u00e7\u00e3o do Governo Lula. Ele estava ministrando palestra sobre Bioenergia no Egito ontem (16), quando recebeu o convite. Evandro\u00a0Gussi \u00e9 presidente e CEO da [&hellip;]<\/p>\n","protected":false},"author":1,"featured_media":71206,"comment_status":"closed","ping_status":"open","sticky":false,"template":"","format":"standard","meta":{"footnotes":""},"categories":[110,116],"tags":[],"class_list":["post-71205","post","type-post","status-publish","format-standard","has-post-thumbnail","hentry","category-noticiasdestaque","category-politicaeeconomia"],"_links":{"self":[{"href":"https:\/\/jorgezanoni.com.br\/2019\/wp-json\/wp\/v2\/posts\/71205","targetHints":{"allow":["GET"]}}],"collection":[{"href":"https:\/\/jorgezanoni.com.br\/2019\/wp-json\/wp\/v2\/posts"}],"about":[{"href":"https:\/\/jorgezanoni.com.br\/2019\/wp-json\/wp\/v2\/types\/post"}],"author":[{"embeddable":true,"href":"https:\/\/jorgezanoni.com.br\/2019\/wp-json\/wp\/v2\/users\/1"}],"replies":[{"embeddable":true,"href":"https:\/\/jorgezanoni.com.br\/2019\/wp-json\/wp\/v2\/comments?post=71205"}],"version-history":[{"count":1,"href":"https:\/\/jorgezanoni.com.br\/2019\/wp-json\/wp\/v2\/posts\/71205\/revisions"}],"predecessor-version":[{"id":71207,"href":"https:\/\/jorgezanoni.com.br\/2019\/wp-json\/wp\/v2\/posts\/71205\/revisions\/71207"}],"wp:featuredmedia":[{"embeddable":true,"href":"https:\/\/jorgezanoni.com.br\/2019\/wp-json\/wp\/v2\/media\/71206"}],"wp:attachment":[{"href":"https:\/\/jorgezanoni.com.br\/2019\/wp-json\/wp\/v2\/media?parent=71205"}],"wp:term":[{"taxonomy":"category","embeddable":true,"href":"https:\/\/jorgezanoni.com.br\/2019\/wp-json\/wp\/v2\/categories?post=71205"},{"taxonomy":"post_tag","embeddable":true,"href":"https:\/\/jorgezanoni.com.br\/2019\/wp-json\/wp\/v2\/tags?post=71205"}],"curies":[{"name":"wp","href":"https:\/\/api.w.org\/{rel}","templated":true}]}}