{"id":71176,"date":"2022-11-16T15:31:51","date_gmt":"2022-11-16T15:31:51","guid":{"rendered":"https:\/\/jorgezanoni.com.br\/2019\/?p=71176"},"modified":"2022-11-16T15:31:51","modified_gmt":"2022-11-16T15:31:51","slug":"isabel-salgado-um-dos-icones-do-volei-brasileiro-morre-aos-62-anos","status":"publish","type":"post","link":"https:\/\/jorgezanoni.com.br\/2019\/isabel-salgado-um-dos-icones-do-volei-brasileiro-morre-aos-62-anos\/","title":{"rendered":"Isabel Salgado, um dos \u00edcones do v\u00f4lei brasileiro, morre aos 62 anos"},"content":{"rendered":"<h2 class=\"content-head__subtitle\" style=\"text-align: justify;\"><strong>Ex-jogadora ajudou a abrir as portas do v\u00f4lei feminino nos anos 1980 e assumiu papel importante para novas gera\u00e7\u00f5es de mulheres no esporte; causa da morte ainda n\u00e3o foi anunciada.<\/strong><\/h2>\n<div id=\"chunk-9sn5h\" style=\"text-align: justify;\">\n<div class=\"mc-column content-text active-extra-styles active-capital-letter\" data-block-type=\"unstyled\" data-block-weight=\"62\" data-block-id=\"2\">\n<p class=\"content-text__container theme-color-primary-first-letter\" data-track-category=\"Link no Texto\" data-track-links=\"\">Uma das maiores refer\u00eancias do v\u00f4lei brasileiro, Maria Isabel Barroso Salgado, a Isabel, morreu nesta quarta-feira no hospital S\u00edrio-Liban\u00eas em S\u00e3o Paulo. O hospital ainda n\u00e3o confirmou a causa da morte, mas a apura\u00e7\u00e3o \u00e9 de que ela morreu na madrugada desta quarta por conta de uma pneumonia bacteriana. Ela ser\u00e1 velada e cremada nesta quinta-feira, no Rio de Janeiro, onde morava.<\/p>\n<\/div>\n<\/div>\n<div class=\"wall protected-content\">\n<div id=\"chunk-5de5j\" style=\"text-align: justify;\">\n<div class=\"row medium-uncollapsed content-media content-photo\" data-block-type=\"backstage-photo\" data-block-id=\"3\">\n<div class=\"mc-column content-media__container\">\n<div class=\"content-media-container glb-skeleton-box\">\n<figure class=\"content-media-figure\"><img decoding=\"async\" class=\"i-amphtml-fill-content i-amphtml-replaced-content\" src=\"https:\/\/s2.glbimg.com\/PtGVkXOUwUGu7d3CmFkQ8HzkCwc=\/0x0:1080x608\/984x0\/smart\/filters:strip_icc()\/i.s3.glbimg.com\/v1\/AUTH_bc8228b6673f488aa253bbcb03c80ec5\/internal_photos\/bs\/2022\/w\/w\/T496YDRuSnH42BFWQC1w\/isabel-luto.jpg\" sizes=\"(max-width: 1366px) 648px, 100vw\" srcset=\"https:\/\/s2.glbimg.com\/flLcGDi7lhcmTb-4D_R7dPbBVH4=\/0x0:1080x608\/1000x0\/smart\/filters:strip_icc()\/i.s3.glbimg.com\/v1\/AUTH_bc8228b6673f488aa253bbcb03c80ec5\/internal_photos\/bs\/2022\/w\/w\/T496YDRuSnH42BFWQC1w\/isabel-luto.jpg 1000w, https:\/\/s2.glbimg.com\/PtGVkXOUwUGu7d3CmFkQ8HzkCwc=\/0x0:1080x608\/984x0\/smart\/filters:strip_icc()\/i.s3.glbimg.com\/v1\/AUTH_bc8228b6673f488aa253bbcb03c80ec5\/internal_photos\/bs\/2022\/w\/w\/T496YDRuSnH42BFWQC1w\/isabel-luto.jpg 984w, https:\/\/s2.glbimg.com\/IAhI4h5q4LL3tX7S9k3b0KIk1i8=\/0x0:1080x608\/640x0\/smart\/filters:strip_icc()\/i.s3.glbimg.com\/v1\/AUTH_bc8228b6673f488aa253bbcb03c80ec5\/internal_photos\/bs\/2022\/w\/w\/T496YDRuSnH42BFWQC1w\/isabel-luto.jpg 640w, https:\/\/s2.glbimg.com\/EWG7_IO9Vd3QexwNloUYyxj-pNE=\/0x0:1080x608\/600x0\/smart\/filters:strip_icc()\/i.s3.glbimg.com\/v1\/AUTH_bc8228b6673f488aa253bbcb03c80ec5\/internal_photos\/bs\/2022\/w\/w\/T496YDRuSnH42BFWQC1w\/isabel-luto.jpg 600w\" alt=\"Isabel Salgado luto \u2014 Foto: Infoesporte\" \/><\/figure>\n<\/div>\n<p class=\"content-media__description \">Isabel Salgado luto \u2014 Foto: Infoesporte<\/p>\n<\/div>\n<\/div>\n<\/div>\n<div id=\"chunk-6mpa2\">\n<div class=\"mc-column content-text active-extra-styles \" data-block-type=\"unstyled\" data-block-weight=\"69\" data-block-id=\"4\">\n<p class=\"content-text__container \" style=\"text-align: justify;\" data-track-category=\"Link no Texto\" data-track-links=\"\">Isabel disputou duas Olimp\u00edadas (Moscou 1980 e Los Angeles 1984) no v\u00f4lei de quadra e depois, no in\u00edcio dos anos 1990, migrou para o v\u00f4lei de praia, em que foi uma das pioneiras mundiais da modalidade. Deixa cinco filhos e cinco netos. Na \u00faltima segunda-feira, havia sido anunciada como integrante do grupo t\u00e9cnico de esportes para a transi\u00e7\u00e3o de governo do presidente Lula, que assumir\u00e1 o pa\u00eds em janeiro.<\/p>\n<p style=\"text-align: justify;\">https:\/\/ge.globo.com\/volei\/noticia\/2022\/11\/16\/isabel-salgado-um-dos-icones-do-volei-brasileiro-morre-aos-62-anos.ghtml<\/p>\n<\/div>\n<\/div>\n<\/div>\n","protected":false},"excerpt":{"rendered":"<p>Ex-jogadora ajudou a abrir as portas do v\u00f4lei feminino nos anos 1980 e assumiu papel importante para novas gera\u00e7\u00f5es de mulheres no esporte; causa da morte ainda n\u00e3o foi anunciada. Uma das maiores refer\u00eancias do v\u00f4lei brasileiro, Maria Isabel Barroso Salgado, a Isabel, morreu nesta quarta-feira no hospital S\u00edrio-Liban\u00eas em S\u00e3o Paulo. O hospital ainda [&hellip;]<\/p>\n","protected":false},"author":1,"featured_media":71177,"comment_status":"closed","ping_status":"open","sticky":false,"template":"","format":"standard","meta":{"footnotes":""},"categories":[111,178,110],"tags":[],"class_list":["post-71176","post","type-post","status-publish","format-standard","has-post-thumbnail","hentry","category-esporteecultura","category-notadefalecimento","category-noticiasdestaque"],"_links":{"self":[{"href":"https:\/\/jorgezanoni.com.br\/2019\/wp-json\/wp\/v2\/posts\/71176","targetHints":{"allow":["GET"]}}],"collection":[{"href":"https:\/\/jorgezanoni.com.br\/2019\/wp-json\/wp\/v2\/posts"}],"about":[{"href":"https:\/\/jorgezanoni.com.br\/2019\/wp-json\/wp\/v2\/types\/post"}],"author":[{"embeddable":true,"href":"https:\/\/jorgezanoni.com.br\/2019\/wp-json\/wp\/v2\/users\/1"}],"replies":[{"embeddable":true,"href":"https:\/\/jorgezanoni.com.br\/2019\/wp-json\/wp\/v2\/comments?post=71176"}],"version-history":[{"count":1,"href":"https:\/\/jorgezanoni.com.br\/2019\/wp-json\/wp\/v2\/posts\/71176\/revisions"}],"predecessor-version":[{"id":71178,"href":"https:\/\/jorgezanoni.com.br\/2019\/wp-json\/wp\/v2\/posts\/71176\/revisions\/71178"}],"wp:featuredmedia":[{"embeddable":true,"href":"https:\/\/jorgezanoni.com.br\/2019\/wp-json\/wp\/v2\/media\/71177"}],"wp:attachment":[{"href":"https:\/\/jorgezanoni.com.br\/2019\/wp-json\/wp\/v2\/media?parent=71176"}],"wp:term":[{"taxonomy":"category","embeddable":true,"href":"https:\/\/jorgezanoni.com.br\/2019\/wp-json\/wp\/v2\/categories?post=71176"},{"taxonomy":"post_tag","embeddable":true,"href":"https:\/\/jorgezanoni.com.br\/2019\/wp-json\/wp\/v2\/tags?post=71176"}],"curies":[{"name":"wp","href":"https:\/\/api.w.org\/{rel}","templated":true}]}}