{"id":71090,"date":"2022-11-13T17:36:12","date_gmt":"2022-11-13T17:36:12","guid":{"rendered":"https:\/\/jorgezanoni.com.br\/2019\/?p=71090"},"modified":"2022-11-13T17:36:12","modified_gmt":"2022-11-13T17:36:12","slug":"julio-cesar-monteiro-fica-definitivamente-no-cargo-de-vereador-apos-decisao-judicial","status":"publish","type":"post","link":"https:\/\/jorgezanoni.com.br\/2019\/julio-cesar-monteiro-fica-definitivamente-no-cargo-de-vereador-apos-decisao-judicial\/","title":{"rendered":"J\u00falio C\u00e9sar Monteiro fica definitivamente no cargo de Vereador ap\u00f3s decis\u00e3o judicial"},"content":{"rendered":"<p style=\"text-align: justify;\">Data de Disponibiliza\u00e7\u00e3o: 11\/11\/2022<br \/>\nData de Publica\u00e7\u00e3o:14\/11\/2022<br \/>\nJornal: Di\u00e1rio da Justi\u00e7a do Estado de S\u00c3O PAULO<br \/>\nP\u00e1gina: 03560<br \/>\nCaderno: CADERNO 4 JUDICIAL 1\u00aa INST\u00c2NCIA INTERIOR (1)<br \/>\nLocal: DJSP &#8211; CADERNO 4 JUDICIAL 1\u00aa INST\u00c2NCIA INTERIOR. DRACENA<br \/>\nVara: 3\u00aa Vara JU\u00cdZO DE DIREITO DA 3\u00aa VARA<\/p>\n<p style=\"text-align: justify;\">Publica\u00e7\u00e3o: EDITAL DE INTIMA\u00c7\u00c3O DE ADVOGADOS. RELA\u00c7\u00c3O N\u00ba 0896\/2022<\/p>\n<p style=\"text-align: justify;\">Processo 1002961-09.2022.8.26.0168 &#8211; Procedimento Comum Civel &#8211; Defeito, nulidade ou anula\u00e7\u00e3o &#8211; Julio Cesar Monteiro da Silva &#8211; CAMARA MUNICIPAL DE DRACENA &#8211; &#8211; Celia Maria Agudo Pereira &#8211; Do exposto, nos termos do artigo 485, inciso VI, do Codigo de Processo Civil, JULGO EXTINTO, sem resolu\u00e7\u00e3o do m\u00e9rito, o processo formulado por JULIO CESAR MONTEIRO DA SILVA em face de CELIA MARIA AGUDO PEREIRA ante sua ilegitimidade passiva. Sucumbente, arcara o requerente com as custas, despesas processuais e honor\u00e1rios advocat\u00edcios que fixo, equitativamente, em R$ 1.000,00 (um mil reais), nos termos do artigo 85, \u00a7 2\u00ba e \u00a7 8\u00ba, do C\u00f3digo de Processo Civil. Do exposto, nos termos do artigo 487, inciso I, do C\u00f3digo de Processo Civil, JULGO PARCIALMENTE PROCEDENTE o pedido formulado por JULIO CESAR MONTEIRO DA SILVA em face da CAMARA MUNICIPAL DE DRACENA para o fim de anular o processo administrativo de cassa\u00e7\u00e3o ora analisado e, por conseguinte, revogar o Ato Legislativo n\u00ba 003\/2022 (fls. 347), reintegrando o autor no mandato de vereador. Em raz\u00e3o da sucumb\u00eancia reciproca, cada uma das partes arcara com metade das custas e despesas processuais (art. 86, caput, do CPC). Cada parte devera pagar a outra a titulo de honor\u00e1rios advocat\u00edcios que fixo equitativamente em R$ 1.000,00 (um mil reais), nos termos do artigo 85, \u00a7 2\u00ba e \u00a7 8\u00ba, do C\u00f3digo de Processo Civil. Ap\u00f3s o transito em julgado, arquivem-se os autos com as cautelas de estilo. Publique-se. Intimem-se. &#8211; ADV: MARIA ANGELICA MONTEIRO VIALLE (OAB 207323\/SP), MARGARETE DE CASSIA LOPES (OAB 104172\/SP), NATALIA PALUDETTO GESTEIRO DA PALMA (OAB 162890\/SP)<\/p>\n<p>Fonte: DJESP<\/p>\n","protected":false},"excerpt":{"rendered":"<p>Data de Disponibiliza\u00e7\u00e3o: 11\/11\/2022 Data de Publica\u00e7\u00e3o:14\/11\/2022 Jornal: Di\u00e1rio da Justi\u00e7a do Estado de S\u00c3O PAULO P\u00e1gina: 03560 Caderno: CADERNO 4 JUDICIAL 1\u00aa INST\u00c2NCIA INTERIOR (1) Local: DJSP &#8211; CADERNO 4 JUDICIAL 1\u00aa INST\u00c2NCIA INTERIOR. DRACENA Vara: 3\u00aa Vara JU\u00cdZO DE DIREITO DA 3\u00aa VARA Publica\u00e7\u00e3o: EDITAL DE INTIMA\u00c7\u00c3O DE ADVOGADOS. RELA\u00c7\u00c3O N\u00ba 0896\/2022 Processo [&hellip;]<\/p>\n","protected":false},"author":1,"featured_media":71091,"comment_status":"closed","ping_status":"open","sticky":false,"template":"","format":"standard","meta":{"footnotes":""},"categories":[120,110,116],"tags":[],"class_list":["post-71090","post","type-post","status-publish","format-standard","has-post-thumbnail","hentry","category-justicahabitacaotecnologia","category-noticiasdestaque","category-politicaeeconomia"],"_links":{"self":[{"href":"https:\/\/jorgezanoni.com.br\/2019\/wp-json\/wp\/v2\/posts\/71090","targetHints":{"allow":["GET"]}}],"collection":[{"href":"https:\/\/jorgezanoni.com.br\/2019\/wp-json\/wp\/v2\/posts"}],"about":[{"href":"https:\/\/jorgezanoni.com.br\/2019\/wp-json\/wp\/v2\/types\/post"}],"author":[{"embeddable":true,"href":"https:\/\/jorgezanoni.com.br\/2019\/wp-json\/wp\/v2\/users\/1"}],"replies":[{"embeddable":true,"href":"https:\/\/jorgezanoni.com.br\/2019\/wp-json\/wp\/v2\/comments?post=71090"}],"version-history":[{"count":1,"href":"https:\/\/jorgezanoni.com.br\/2019\/wp-json\/wp\/v2\/posts\/71090\/revisions"}],"predecessor-version":[{"id":71092,"href":"https:\/\/jorgezanoni.com.br\/2019\/wp-json\/wp\/v2\/posts\/71090\/revisions\/71092"}],"wp:featuredmedia":[{"embeddable":true,"href":"https:\/\/jorgezanoni.com.br\/2019\/wp-json\/wp\/v2\/media\/71091"}],"wp:attachment":[{"href":"https:\/\/jorgezanoni.com.br\/2019\/wp-json\/wp\/v2\/media?parent=71090"}],"wp:term":[{"taxonomy":"category","embeddable":true,"href":"https:\/\/jorgezanoni.com.br\/2019\/wp-json\/wp\/v2\/categories?post=71090"},{"taxonomy":"post_tag","embeddable":true,"href":"https:\/\/jorgezanoni.com.br\/2019\/wp-json\/wp\/v2\/tags?post=71090"}],"curies":[{"name":"wp","href":"https:\/\/api.w.org\/{rel}","templated":true}]}}