{"id":71077,"date":"2022-11-12T19:25:15","date_gmt":"2022-11-12T19:25:15","guid":{"rendered":"https:\/\/jorgezanoni.com.br\/2019\/?p=71077"},"modified":"2022-11-12T19:25:15","modified_gmt":"2022-11-12T19:25:15","slug":"policia-civil-apreende-drogas-dinheiro-celulares-balanca-e-simulacro-de-arma-em-dracena","status":"publish","type":"post","link":"https:\/\/jorgezanoni.com.br\/2019\/policia-civil-apreende-drogas-dinheiro-celulares-balanca-e-simulacro-de-arma-em-dracena\/","title":{"rendered":"Pol\u00edcia Civil apreende Drogas, Dinheiro, Celulares Balan\u00e7a e Simulacro de Arma em Dracena"},"content":{"rendered":"<p style=\"text-align: justify;\"><strong>POL\u00cdCIA CIVIL CUMPRE MANDADO DE BUSCA E APREENDE DROGAS, DINHEIRO, CELULARES, BALAN\u00c7A DE PRECIS\u00c3O E SIMULACRO DE ARMA FOGO EM DRACENA.<\/strong><\/p>\n<p style=\"text-align: justify;\">Um suspeito foi autuado em flagrante delito por tr\u00e1fico de drogas. O acusado j\u00e1 possu\u00eda antecedentes criminais pelo crime de tr\u00e1fico<\/p>\n<p style=\"text-align: justify;\">A Pol\u00edcia Civil, por interm\u00e9dio das Unidades Especializadas (Delegacia de Investiga\u00e7\u00f5es Gerais &#8211; DIG e Delegacia de Investiga\u00e7\u00f5es Sobre Entorpecentes &#8211; DISE), apreendeu nesta sexta-feira (11), um tablete de maconha, 9 por\u00e7\u00f5es j\u00e1 embaladas do mesmo entorpecente, 3 por\u00e7\u00f5es embaladas de coca\u00edna, dinheiro em notas fracionadas, um simulacro de arma fogo, uma faca com resqu\u00edcio de droga, uma balan\u00e7a de precis\u00e3o, dois celulares, al\u00e9m de outros apetrechos comumente usados para embalar e fracionar drogas, durante cumprimento de mandado de busca domiciliar.<\/p>\n<p style=\"text-align: justify;\">A a\u00e7\u00e3o policial foi coordenada pelas Unidades Especializadas, e prendeu em flagrante delito um homem, de 22 anos, acusado do crime de tr\u00e1fico il\u00edcito de entorpecentes. A ordem judicial, foi expedida pela Justi\u00e7a, tinha como endere\u00e7o a resid\u00eancia do suspeito, que fica \u00e0s margens da linha antiga f\u00e9rrea desativada, regi\u00e3o que \u00e9 comum a presen\u00e7a de v\u00e1rios dependentes qu\u00edmicos.<\/p>\n<p style=\"text-align: justify;\">O homem, bem como todo o material il\u00edcito apreendido foram encaminhados para sede da Unidade Especializada. E ap\u00f3s a confec\u00e7\u00e3o do auto de pris\u00e3o em flagrante, o preso ficou \u00e0 disposi\u00e7\u00e3o da Justi\u00e7a, ele j\u00e1 tinha antecedentes criminais pelos crimes de Viol\u00eancia Dom\u00e9stica e tr\u00e1fico de drogas.<\/p>\n<p>DEN\u00daNCIA<br \/>\nA popula\u00e7\u00e3o pode contribuir com informa\u00e7\u00f5es sobre pontos de tr\u00e1ficos de drogas. As den\u00fancias podem ser feitas para o n\u00famero 181, o Disque Den\u00fancia, ou para 197, da Pol\u00edcia Civil. O sigilo e o anonimato s\u00e3o garantidos.<\/p>\n<p style=\"text-align: justify;\">Fonte: Com. Social Pol\u00edcia Civil<\/p>\n","protected":false},"excerpt":{"rendered":"<p>POL\u00cdCIA CIVIL CUMPRE MANDADO DE BUSCA E APREENDE DROGAS, DINHEIRO, CELULARES, BALAN\u00c7A DE PRECIS\u00c3O E SIMULACRO DE ARMA FOGO EM DRACENA. Um suspeito foi autuado em flagrante delito por tr\u00e1fico de drogas. O acusado j\u00e1 possu\u00eda antecedentes criminais pelo crime de tr\u00e1fico A Pol\u00edcia Civil, por interm\u00e9dio das Unidades Especializadas (Delegacia de Investiga\u00e7\u00f5es Gerais &#8211; [&hellip;]<\/p>\n","protected":false},"author":1,"featured_media":71078,"comment_status":"closed","ping_status":"open","sticky":false,"template":"","format":"standard","meta":{"footnotes":""},"categories":[110,2],"tags":[],"class_list":["post-71077","post","type-post","status-publish","format-standard","has-post-thumbnail","hentry","category-noticiasdestaque","category-policial"],"_links":{"self":[{"href":"https:\/\/jorgezanoni.com.br\/2019\/wp-json\/wp\/v2\/posts\/71077","targetHints":{"allow":["GET"]}}],"collection":[{"href":"https:\/\/jorgezanoni.com.br\/2019\/wp-json\/wp\/v2\/posts"}],"about":[{"href":"https:\/\/jorgezanoni.com.br\/2019\/wp-json\/wp\/v2\/types\/post"}],"author":[{"embeddable":true,"href":"https:\/\/jorgezanoni.com.br\/2019\/wp-json\/wp\/v2\/users\/1"}],"replies":[{"embeddable":true,"href":"https:\/\/jorgezanoni.com.br\/2019\/wp-json\/wp\/v2\/comments?post=71077"}],"version-history":[{"count":1,"href":"https:\/\/jorgezanoni.com.br\/2019\/wp-json\/wp\/v2\/posts\/71077\/revisions"}],"predecessor-version":[{"id":71079,"href":"https:\/\/jorgezanoni.com.br\/2019\/wp-json\/wp\/v2\/posts\/71077\/revisions\/71079"}],"wp:featuredmedia":[{"embeddable":true,"href":"https:\/\/jorgezanoni.com.br\/2019\/wp-json\/wp\/v2\/media\/71078"}],"wp:attachment":[{"href":"https:\/\/jorgezanoni.com.br\/2019\/wp-json\/wp\/v2\/media?parent=71077"}],"wp:term":[{"taxonomy":"category","embeddable":true,"href":"https:\/\/jorgezanoni.com.br\/2019\/wp-json\/wp\/v2\/categories?post=71077"},{"taxonomy":"post_tag","embeddable":true,"href":"https:\/\/jorgezanoni.com.br\/2019\/wp-json\/wp\/v2\/tags?post=71077"}],"curies":[{"name":"wp","href":"https:\/\/api.w.org\/{rel}","templated":true}]}}