{"id":71058,"date":"2022-11-12T18:57:31","date_gmt":"2022-11-12T18:57:31","guid":{"rendered":"https:\/\/jorgezanoni.com.br\/2019\/?p=71058"},"modified":"2022-11-12T18:57:31","modified_gmt":"2022-11-12T18:57:31","slug":"estudantes-do-ensino-medio-realizam-visita-a-delegacia-seccional-de-policia-de-dracena","status":"publish","type":"post","link":"https:\/\/jorgezanoni.com.br\/2019\/estudantes-do-ensino-medio-realizam-visita-a-delegacia-seccional-de-policia-de-dracena\/","title":{"rendered":"Estudantes do Ensino M\u00e9dio realizam visita a Delegacia Seccional de Pol\u00edcia de Dracena"},"content":{"rendered":"<p style=\"text-align: justify;\"><strong>VISITA T\u00c9CNICA: ESTUDANTES DO ENSINO M\u00c9DIO REALIZAM VISITA \u00c1 DELEGACIA SECCIONAL DE POL\u00cdCIA DE DRACENA.<\/strong><\/p>\n<p style=\"text-align: justify;\">A Pol\u00edcia Civil, recebeu nesta sexta-feira (11), nas depend\u00eancias da Delegacia Seccional de Pol\u00edcia Dracena, a visita t\u00e9cnica de cerca de 40 estudantes do ensino m\u00e9dio, da Escola Estadual 9 de Julho. Os alunos fazem parte da Disciplina Eletiva \u201cA Ci\u00eancia Contra o Crime\u201d, do m\u00f3dulo de conhecimento do Programa Ensino Integral.<\/p>\n<p style=\"text-align: justify;\">Acompanhados pelos professores Fabiano Sales Zabini e Mirella Vendramin de Arruda Fraz\u00e3o, os discentes foram recepcionados pelo delegado seccional Alexandre Luengo e pelo delegado assistente Feres Karam, que al\u00e9m da sauda\u00e7\u00e3o de boas-vindas, discursaram sobre a rotina do trabalho da atividade policial, o quadro de carreira e o sobre o desapertar da voca\u00e7\u00e3o dos jovens para profiss\u00e3o.<\/p>\n<p style=\"text-align: justify;\">Os alunos tamb\u00e9m tiveram orienta\u00e7\u00f5es b\u00e1sicas sobre a Lei Maria da Penha e de caso de viol\u00eancia no \u00e2mbito dom\u00e9stico, proferidas pela delegada da DDM, Dr\u00aa Luciana Nunes. Bem como, um breve papo sobre preven\u00e7\u00e3o ao uso nocivo de drogas com agente policial Reginaldo Rosa.<\/p>\n<p style=\"text-align: justify;\">Ao final do encontro, os alunos puderam sanar d\u00favida sobre o tema debatido e, nome da Escola Estadual 9 de Julho, agradeceram a recepta\u00e7\u00e3o proporcionada pela Pol\u00edcia Civil<\/p>\n<p><img loading=\"lazy\" decoding=\"async\" class=\"alignnone size-full wp-image-71061\" src=\"https:\/\/jorgezanoni.com.br\/2019\/wp-content\/uploads\/2022\/11\/visita1-1.jpg\" alt=\"\" width=\"700\" height=\"718\" srcset=\"https:\/\/jorgezanoni.com.br\/2019\/wp-content\/uploads\/2022\/11\/visita1-1.jpg 700w, https:\/\/jorgezanoni.com.br\/2019\/wp-content\/uploads\/2022\/11\/visita1-1-292x300.jpg 292w, https:\/\/jorgezanoni.com.br\/2019\/wp-content\/uploads\/2022\/11\/visita1-1-356x364.jpg 356w, https:\/\/jorgezanoni.com.br\/2019\/wp-content\/uploads\/2022\/11\/visita1-1-696x714.jpg 696w, https:\/\/jorgezanoni.com.br\/2019\/wp-content\/uploads\/2022\/11\/visita1-1-409x420.jpg 409w\" sizes=\"auto, (max-width: 700px) 100vw, 700px\" \/><\/p>\n<p style=\"text-align: justify;\">Fonte: Com. Social Pol\u00edcia Civil<\/p>\n","protected":false},"excerpt":{"rendered":"<p>VISITA T\u00c9CNICA: ESTUDANTES DO ENSINO M\u00c9DIO REALIZAM VISITA \u00c1 DELEGACIA SECCIONAL DE POL\u00cdCIA DE DRACENA. A Pol\u00edcia Civil, recebeu nesta sexta-feira (11), nas depend\u00eancias da Delegacia Seccional de Pol\u00edcia Dracena, a visita t\u00e9cnica de cerca de 40 estudantes do ensino m\u00e9dio, da Escola Estadual 9 de Julho. Os alunos fazem parte da Disciplina Eletiva \u201cA [&hellip;]<\/p>\n","protected":false},"author":1,"featured_media":71060,"comment_status":"closed","ping_status":"open","sticky":false,"template":"","format":"standard","meta":{"footnotes":""},"categories":[110,2],"tags":[],"class_list":["post-71058","post","type-post","status-publish","format-standard","has-post-thumbnail","hentry","category-noticiasdestaque","category-policial"],"_links":{"self":[{"href":"https:\/\/jorgezanoni.com.br\/2019\/wp-json\/wp\/v2\/posts\/71058","targetHints":{"allow":["GET"]}}],"collection":[{"href":"https:\/\/jorgezanoni.com.br\/2019\/wp-json\/wp\/v2\/posts"}],"about":[{"href":"https:\/\/jorgezanoni.com.br\/2019\/wp-json\/wp\/v2\/types\/post"}],"author":[{"embeddable":true,"href":"https:\/\/jorgezanoni.com.br\/2019\/wp-json\/wp\/v2\/users\/1"}],"replies":[{"embeddable":true,"href":"https:\/\/jorgezanoni.com.br\/2019\/wp-json\/wp\/v2\/comments?post=71058"}],"version-history":[{"count":1,"href":"https:\/\/jorgezanoni.com.br\/2019\/wp-json\/wp\/v2\/posts\/71058\/revisions"}],"predecessor-version":[{"id":71063,"href":"https:\/\/jorgezanoni.com.br\/2019\/wp-json\/wp\/v2\/posts\/71058\/revisions\/71063"}],"wp:featuredmedia":[{"embeddable":true,"href":"https:\/\/jorgezanoni.com.br\/2019\/wp-json\/wp\/v2\/media\/71060"}],"wp:attachment":[{"href":"https:\/\/jorgezanoni.com.br\/2019\/wp-json\/wp\/v2\/media?parent=71058"}],"wp:term":[{"taxonomy":"category","embeddable":true,"href":"https:\/\/jorgezanoni.com.br\/2019\/wp-json\/wp\/v2\/categories?post=71058"},{"taxonomy":"post_tag","embeddable":true,"href":"https:\/\/jorgezanoni.com.br\/2019\/wp-json\/wp\/v2\/tags?post=71058"}],"curies":[{"name":"wp","href":"https:\/\/api.w.org\/{rel}","templated":true}]}}