{"id":71050,"date":"2022-11-12T17:30:00","date_gmt":"2022-11-12T17:30:00","guid":{"rendered":"https:\/\/jorgezanoni.com.br\/2019\/?p=71050"},"modified":"2022-11-12T17:30:00","modified_gmt":"2022-11-12T17:30:00","slug":"pacaembu-apos-audiencia-motorista-de-onibus-que-atropelou-e-matou-menina-e-solto","status":"publish","type":"post","link":"https:\/\/jorgezanoni.com.br\/2019\/pacaembu-apos-audiencia-motorista-de-onibus-que-atropelou-e-matou-menina-e-solto\/","title":{"rendered":"PACAEMBU: Ap\u00f3s audi\u00eancia, motorista de \u00f4nibus que atropelou e matou menina \u00e9 solto"},"content":{"rendered":"<p style=\"text-align: justify;\"><strong>Ap\u00f3s passar por uma audi\u00eancia de cust\u00f3dia no F\u00f3rum de Dracena, o motorista de \u00f4nibus da Prefeitura de Pacaembu, que estava preso desde ontem (11), ap\u00f3s acidente que vitimou uma menina de 8 anos de idade, foi solto para responder em liberdade.<\/strong><\/p>\n<p style=\"text-align: justify;\">De acordo com apurado pelo jornalismo Folha Regional junto \u00e0 Pol\u00edcia Civil, apesar de ter sido solto, o motorista assinou um termo de que sua liberdade dependeria do cumprimento de alguns requisitos, sendo o de se apresentar em ju\u00edzo um deles.<\/p>\n<p style=\"text-align: justify;\">No inqu\u00e9rito aberto pela Pol\u00edcia Civil de Pacaembu, ele deve responder pelo crime de homic\u00eddio culposo na dire\u00e7\u00e3o de ve\u00edculo automotor com algumas qualificadoras.<\/p>\n<p style=\"text-align: justify;\">Ainda de acordo com a Pol\u00edcia Civil, ele havia sido agredido por populares e precisou ser atendido por m\u00e9dicos que optaram por transferi-lo para Adamantina devido aos ferimentos sofridos.<\/p>\n<p style=\"text-align: justify;\">Ap\u00f3s ser liberado pela equipe m\u00e9dica, ele foi encaminhado para a Cadeia P\u00fablica de Adamantina e posteriormente encaminhado para a audi\u00eancia em Dracena.<\/p>\n<p style=\"text-align: justify;\">A Pol\u00edcia Civil vai ouvir testemunhas e contar com um laudo da Pol\u00edcia Cient\u00edfica que vai nortear as investiga\u00e7\u00f5es.<\/p>\n<p style=\"text-align: justify;\">O corpo da v\u00edtima foi velado na manh\u00e3 de hoje e sepultado diante de grande como\u00e7\u00e3o de pessoas de Pacaembu e regi\u00e3o.<\/p>\n<p style=\"text-align: justify;\">Fonte: Folha Regional &#8211; Foto: Reprodu\u00e7\u00e3o\/Tony Silva &#8211; Facebook<\/p>\n","protected":false},"excerpt":{"rendered":"<p>Ap\u00f3s passar por uma audi\u00eancia de cust\u00f3dia no F\u00f3rum de Dracena, o motorista de \u00f4nibus da Prefeitura de Pacaembu, que estava preso desde ontem (11), ap\u00f3s acidente que vitimou uma menina de 8 anos de idade, foi solto para responder em liberdade. De acordo com apurado pelo jornalismo Folha Regional junto \u00e0 Pol\u00edcia Civil, apesar [&hellip;]<\/p>\n","protected":false},"author":1,"featured_media":71051,"comment_status":"closed","ping_status":"open","sticky":false,"template":"","format":"standard","meta":{"footnotes":""},"categories":[170,110],"tags":[],"class_list":["post-71050","post","type-post","status-publish","format-standard","has-post-thumbnail","hentry","category-acidentes","category-noticiasdestaque"],"_links":{"self":[{"href":"https:\/\/jorgezanoni.com.br\/2019\/wp-json\/wp\/v2\/posts\/71050","targetHints":{"allow":["GET"]}}],"collection":[{"href":"https:\/\/jorgezanoni.com.br\/2019\/wp-json\/wp\/v2\/posts"}],"about":[{"href":"https:\/\/jorgezanoni.com.br\/2019\/wp-json\/wp\/v2\/types\/post"}],"author":[{"embeddable":true,"href":"https:\/\/jorgezanoni.com.br\/2019\/wp-json\/wp\/v2\/users\/1"}],"replies":[{"embeddable":true,"href":"https:\/\/jorgezanoni.com.br\/2019\/wp-json\/wp\/v2\/comments?post=71050"}],"version-history":[{"count":1,"href":"https:\/\/jorgezanoni.com.br\/2019\/wp-json\/wp\/v2\/posts\/71050\/revisions"}],"predecessor-version":[{"id":71052,"href":"https:\/\/jorgezanoni.com.br\/2019\/wp-json\/wp\/v2\/posts\/71050\/revisions\/71052"}],"wp:featuredmedia":[{"embeddable":true,"href":"https:\/\/jorgezanoni.com.br\/2019\/wp-json\/wp\/v2\/media\/71051"}],"wp:attachment":[{"href":"https:\/\/jorgezanoni.com.br\/2019\/wp-json\/wp\/v2\/media?parent=71050"}],"wp:term":[{"taxonomy":"category","embeddable":true,"href":"https:\/\/jorgezanoni.com.br\/2019\/wp-json\/wp\/v2\/categories?post=71050"},{"taxonomy":"post_tag","embeddable":true,"href":"https:\/\/jorgezanoni.com.br\/2019\/wp-json\/wp\/v2\/tags?post=71050"}],"curies":[{"name":"wp","href":"https:\/\/api.w.org\/{rel}","templated":true}]}}