{"id":71046,"date":"2022-11-12T17:20:58","date_gmt":"2022-11-12T17:20:58","guid":{"rendered":"https:\/\/jorgezanoni.com.br\/2019\/?p=71046"},"modified":"2022-11-12T17:20:58","modified_gmt":"2022-11-12T17:20:58","slug":"crianca-morre-apos-ser-atropelada-por-onibus-da-prefeitura-de-pacaembu","status":"publish","type":"post","link":"https:\/\/jorgezanoni.com.br\/2019\/crianca-morre-apos-ser-atropelada-por-onibus-da-prefeitura-de-pacaembu\/","title":{"rendered":"Crian\u00e7a morre ap\u00f3s ser atropelada por \u00f4nibus da Prefeitura de Pacaembu"},"content":{"rendered":"<p style=\"text-align: justify;\"><strong>Uma crian\u00e7a morreu ap\u00f3s ser atropelada por um \u00f4nibus pertencente \u00e0 Prefeitura e que faz a linha circular em Pacaembu no fim da tarde desta sexta-feira (11).<\/strong><\/p>\n<p style=\"text-align: justify;\">As informa\u00e7\u00f5es obtidas pelo jornalismo Folha Regional junto as autoridades locais, s\u00e3o de que o acidente ocorreu no Bairro Nova Pacaembu e que a crian\u00e7a teria descido do \u00f4nibus e posteriormente sido atropelada.<\/p>\n<p style=\"text-align: justify;\">O Corpo de Bombeiros de Adamantina chegou a ser acionado, por\u00e9m, a crian\u00e7a infelizmente j\u00e1 estava em \u00f3bito.<\/p>\n<p style=\"text-align: justify;\">Populares teriam se revoltado e agredido o motorista que precisou ser encaminhado para o Pronto Socorro de Pacaembu. Foi necess\u00e1ria a interven\u00e7\u00e3o policial para cessar as agress\u00f5es e acalmar os envolvidos.<\/p>\n<p style=\"text-align: justify;\">Ap\u00f3s ser atendido no Pronto Socorro de Pacaembu, o motorista do \u00f4nibus precisou ser encaminhado para atendimento m\u00e9dico em Adamantina.<\/p>\n<p style=\"text-align: justify;\">Ainda na unidade m\u00e9dica de Pacaembu, o envolvido aceitou realizar o teste do etil\u00f4metro, que deu negativo para a presen\u00e7a de \u00e1lcool. O homem foi preso por homic\u00eddio culposo na dire\u00e7\u00e3o de ve\u00edculo automotor, agravado pelo fato de estar em transporte de passageiros. Ele permaneceu internado sob escolta da Pol\u00edcia Militar e vai passar por audi\u00eancia de cust\u00f3dia.<\/p>\n<p style=\"text-align: justify;\">A Pol\u00edcia Cient\u00edfica foi acionada para realizar a per\u00edcia do local. Um laudo deve apontar as causas do acidente.<\/p>\n<p style=\"text-align: justify;\"><strong>POSICIONAMENTO DA PREFEITURA DE PACAEMBU<\/strong><\/p>\n<p style=\"text-align: justify;\">Nossa reportagem entrou em contato com a assessoria jur\u00eddica da Prefeitura de Pacaembu buscando um posicionamento da administra\u00e7\u00e3o sobre o ocorrido.<\/p>\n<p style=\"text-align: justify;\">Abaixo a nota oficial encaminhada pelo jur\u00eddico da Prefeitura:<\/p>\n<p style=\"text-align: justify;\"><em>A Prefeitura Municipal de Pacaembu\/SP lamenta profundamente o acidente ocorrido no final da tarde de hoje, no cruzamento da Rua Luiz Cavichioli com a Av. Santos Dumont no bairro Nova Pacaembu, envolvendo o ve\u00edculo circular da municipalidade e a crian\u00e7a Alici Geovanna Moreira da Fonseca.<\/em><\/p>\n<p style=\"text-align: justify;\"><em>De imediato, ao tomar conhecimento da fatalidade a Prefeitura de Pacaembu\/SP atrav\u00e9s da Secretaria de Obras e a Secretaria de Assist\u00eancia Social, entrou em contato com os efetivos do Corpo de Bombeiros, Pol\u00edcia Militar e a Pol\u00edcia T\u00e9cnica-Cient\u00edfica para resgate e apoio dos envolvidos.\u00a0\u00a0<\/em><\/p>\n<p style=\"text-align: justify;\"><em>O prefeito de Pacaembu\/SP designou servidores para acompanhar o local e as informa\u00e7\u00f5es primordiais, bem como prestar todo apoio necess\u00e1rio.<\/em><\/p>\n<p style=\"text-align: justify;\"><em>Nesse momento de dor e tristeza o Prefeito, Jo\u00e3o Francisco Mugnai Neves e a vice-prefeita, Elisabete Maria Grat\u00e3o dos Santos, em nome de todos os servidores p\u00fablicos da Prefeitura de Pacaembu\/SP prestam os seus mais sinceros sentimentos e se solidarizam com os familiares e parentes da v\u00edtima.<\/em><\/p>\n<p style=\"text-align: justify;\"><em>A Prefeitura de Pacaembu\/SP, decreta luto oficial por 03 dias em decorr\u00eancia do falecimento de Alici Geovanna Moreira da Fonseca, nascida em 19\/12\/2013.<\/em><\/p>\n<p style=\"text-align: justify;\"><em><strong>PREFEITURA MUNICIPAL DE PACAEMBU\/SP<\/strong><\/em><\/p>\n<p style=\"text-align: justify;\">Em decorr\u00eancia da fatalidade, foi decretado luto oficial de tr\u00eas dias no munic\u00edpio.<\/p>\n<p style=\"text-align: justify;\">O jornalismo Folha Regional se solidariza com os familiares da crian\u00e7a neste momento de profunda tristeza e segue acompanhando o caso.<\/p>\n<p style=\"text-align: justify;\">Fonte: Folha Regional &#8211; Foto Capa Rafael Massarotti<\/p>\n<p><img loading=\"lazy\" decoding=\"async\" class=\"alignnone size-full wp-image-71047\" src=\"https:\/\/jorgezanoni.com.br\/2019\/wp-content\/uploads\/2022\/11\/alicia.jpg\" alt=\"\" width=\"717\" height=\"959\" srcset=\"https:\/\/jorgezanoni.com.br\/2019\/wp-content\/uploads\/2022\/11\/alicia.jpg 717w, https:\/\/jorgezanoni.com.br\/2019\/wp-content\/uploads\/2022\/11\/alicia-224x300.jpg 224w, https:\/\/jorgezanoni.com.br\/2019\/wp-content\/uploads\/2022\/11\/alicia-696x931.jpg 696w, https:\/\/jorgezanoni.com.br\/2019\/wp-content\/uploads\/2022\/11\/alicia-314x420.jpg 314w\" sizes=\"auto, (max-width: 717px) 100vw, 717px\" \/><em>Alici Geovanna Moreira da Fonseca &#8211; Foto Redes Sociais<\/em><\/p>\n","protected":false},"excerpt":{"rendered":"<p>Uma crian\u00e7a morreu ap\u00f3s ser atropelada por um \u00f4nibus pertencente \u00e0 Prefeitura e que faz a linha circular em Pacaembu no fim da tarde desta sexta-feira (11). As informa\u00e7\u00f5es obtidas pelo jornalismo Folha Regional junto as autoridades locais, s\u00e3o de que o acidente ocorreu no Bairro Nova Pacaembu e que a crian\u00e7a teria descido do [&hellip;]<\/p>\n","protected":false},"author":1,"featured_media":71048,"comment_status":"closed","ping_status":"open","sticky":false,"template":"","format":"standard","meta":{"footnotes":""},"categories":[170,110],"tags":[],"class_list":["post-71046","post","type-post","status-publish","format-standard","has-post-thumbnail","hentry","category-acidentes","category-noticiasdestaque"],"_links":{"self":[{"href":"https:\/\/jorgezanoni.com.br\/2019\/wp-json\/wp\/v2\/posts\/71046","targetHints":{"allow":["GET"]}}],"collection":[{"href":"https:\/\/jorgezanoni.com.br\/2019\/wp-json\/wp\/v2\/posts"}],"about":[{"href":"https:\/\/jorgezanoni.com.br\/2019\/wp-json\/wp\/v2\/types\/post"}],"author":[{"embeddable":true,"href":"https:\/\/jorgezanoni.com.br\/2019\/wp-json\/wp\/v2\/users\/1"}],"replies":[{"embeddable":true,"href":"https:\/\/jorgezanoni.com.br\/2019\/wp-json\/wp\/v2\/comments?post=71046"}],"version-history":[{"count":1,"href":"https:\/\/jorgezanoni.com.br\/2019\/wp-json\/wp\/v2\/posts\/71046\/revisions"}],"predecessor-version":[{"id":71049,"href":"https:\/\/jorgezanoni.com.br\/2019\/wp-json\/wp\/v2\/posts\/71046\/revisions\/71049"}],"wp:featuredmedia":[{"embeddable":true,"href":"https:\/\/jorgezanoni.com.br\/2019\/wp-json\/wp\/v2\/media\/71048"}],"wp:attachment":[{"href":"https:\/\/jorgezanoni.com.br\/2019\/wp-json\/wp\/v2\/media?parent=71046"}],"wp:term":[{"taxonomy":"category","embeddable":true,"href":"https:\/\/jorgezanoni.com.br\/2019\/wp-json\/wp\/v2\/categories?post=71046"},{"taxonomy":"post_tag","embeddable":true,"href":"https:\/\/jorgezanoni.com.br\/2019\/wp-json\/wp\/v2\/tags?post=71046"}],"curies":[{"name":"wp","href":"https:\/\/api.w.org\/{rel}","templated":true}]}}