{"id":7097,"date":"2019-09-24T01:31:55","date_gmt":"2019-09-24T01:31:55","guid":{"rendered":"https:\/\/jorgezanoni.com.br\/2019\/?p=7097"},"modified":"2019-09-24T01:40:53","modified_gmt":"2019-09-24T01:40:53","slug":"veiculo-na-contramao-de-direcao-provoca-acidente-na-vila-barros-em-dracena","status":"publish","type":"post","link":"https:\/\/jorgezanoni.com.br\/2019\/veiculo-na-contramao-de-direcao-provoca-acidente-na-vila-barros-em-dracena\/","title":{"rendered":"Ve\u00edculo na contram\u00e3o de dire\u00e7\u00e3o provoca acidente na Vila Barros em Dracena"},"content":{"rendered":"<p style=\"text-align: justify;\">Por volta de 16:30 Horas desta segunda-feira (23) aconteceu um acidente na esquina das ruas Marechal Rondon e Martim Afonso, esquina do Pontilh\u00e3o na Vila Barros em Dracena.<\/p>\n<p><img loading=\"lazy\" decoding=\"async\" class=\"alignnone size-full wp-image-7099\" src=\"https:\/\/jorgezanoni.com.br\/2019\/wp-content\/uploads\/2019\/09\/IMG_9183-1.jpg\" alt=\"\" width=\"900\" height=\"675\" srcset=\"https:\/\/jorgezanoni.com.br\/2019\/wp-content\/uploads\/2019\/09\/IMG_9183-1.jpg 900w, https:\/\/jorgezanoni.com.br\/2019\/wp-content\/uploads\/2019\/09\/IMG_9183-1-300x225.jpg 300w, https:\/\/jorgezanoni.com.br\/2019\/wp-content\/uploads\/2019\/09\/IMG_9183-1-768x576.jpg 768w, https:\/\/jorgezanoni.com.br\/2019\/wp-content\/uploads\/2019\/09\/IMG_9183-1-80x60.jpg 80w, https:\/\/jorgezanoni.com.br\/2019\/wp-content\/uploads\/2019\/09\/IMG_9183-1-265x198.jpg 265w, https:\/\/jorgezanoni.com.br\/2019\/wp-content\/uploads\/2019\/09\/IMG_9183-1-696x522.jpg 696w, https:\/\/jorgezanoni.com.br\/2019\/wp-content\/uploads\/2019\/09\/IMG_9183-1-560x420.jpg 560w\" sizes=\"auto, (max-width: 900px) 100vw, 900px\" \/><\/p>\n<p style=\"text-align: justify;\">Segundo informa\u00e7\u00f5es obtidas no local pela reportagem do Site JZ, um ve\u00edculo Golf placas de Dracena dirigido por uma mulher J.L de 36 anos, subiu no sentido contram\u00e3o no trecho da rua Martim Afonso entre Brasil e Marechal Rondon. Quando chegou na Rondon, uma Caminhonete placas de Presidente Prudente dirigida por E.B.S. de 25 anos, desviou e freou para n\u00e3o bater no ve\u00edculo, em seguida uma Motocicleta placa de Dracena pilotada por B.R.C. de 29 anos colidiu na traseira da Caminhonete.<\/p>\n<p><img loading=\"lazy\" decoding=\"async\" class=\"alignnone size-full wp-image-7100\" src=\"https:\/\/jorgezanoni.com.br\/2019\/wp-content\/uploads\/2019\/09\/IMG_9182.jpg\" alt=\"\" width=\"900\" height=\"675\" srcset=\"https:\/\/jorgezanoni.com.br\/2019\/wp-content\/uploads\/2019\/09\/IMG_9182.jpg 900w, https:\/\/jorgezanoni.com.br\/2019\/wp-content\/uploads\/2019\/09\/IMG_9182-300x225.jpg 300w, https:\/\/jorgezanoni.com.br\/2019\/wp-content\/uploads\/2019\/09\/IMG_9182-768x576.jpg 768w, https:\/\/jorgezanoni.com.br\/2019\/wp-content\/uploads\/2019\/09\/IMG_9182-80x60.jpg 80w, https:\/\/jorgezanoni.com.br\/2019\/wp-content\/uploads\/2019\/09\/IMG_9182-265x198.jpg 265w, https:\/\/jorgezanoni.com.br\/2019\/wp-content\/uploads\/2019\/09\/IMG_9182-696x522.jpg 696w, https:\/\/jorgezanoni.com.br\/2019\/wp-content\/uploads\/2019\/09\/IMG_9182-560x420.jpg 560w\" sizes=\"auto, (max-width: 900px) 100vw, 900px\" \/><\/p>\n<p style=\"text-align: justify;\">O motociclista foi socorrido ao Pronto Atendimento Municipal pela Unidade de Resgate do Corpo de Bombeiros com escoria\u00e7\u00f5es, os dois motoristas nada sofreram.<\/p>\n<p><img loading=\"lazy\" decoding=\"async\" class=\"alignnone size-full wp-image-7101\" src=\"https:\/\/jorgezanoni.com.br\/2019\/wp-content\/uploads\/2019\/09\/IMG_9184.jpg\" alt=\"\" width=\"900\" height=\"675\" srcset=\"https:\/\/jorgezanoni.com.br\/2019\/wp-content\/uploads\/2019\/09\/IMG_9184.jpg 900w, https:\/\/jorgezanoni.com.br\/2019\/wp-content\/uploads\/2019\/09\/IMG_9184-300x225.jpg 300w, https:\/\/jorgezanoni.com.br\/2019\/wp-content\/uploads\/2019\/09\/IMG_9184-768x576.jpg 768w, https:\/\/jorgezanoni.com.br\/2019\/wp-content\/uploads\/2019\/09\/IMG_9184-80x60.jpg 80w, https:\/\/jorgezanoni.com.br\/2019\/wp-content\/uploads\/2019\/09\/IMG_9184-265x198.jpg 265w, https:\/\/jorgezanoni.com.br\/2019\/wp-content\/uploads\/2019\/09\/IMG_9184-696x522.jpg 696w, https:\/\/jorgezanoni.com.br\/2019\/wp-content\/uploads\/2019\/09\/IMG_9184-560x420.jpg 560w\" sizes=\"auto, (max-width: 900px) 100vw, 900px\" \/><\/p>\n<p style=\"text-align: justify;\">A Pol\u00edcia Militar esteve no local e teve que interditar o tr\u00e2nsito, a Pol\u00edcia T\u00e9cnica tamb\u00e9m compareceu e ir\u00e1 apontar as reais causas do acidente.<\/p>\n<p><img loading=\"lazy\" decoding=\"async\" class=\"alignnone size-full wp-image-7102\" src=\"https:\/\/jorgezanoni.com.br\/2019\/wp-content\/uploads\/2019\/09\/IMG_9185.jpg\" alt=\"\" width=\"900\" height=\"675\" srcset=\"https:\/\/jorgezanoni.com.br\/2019\/wp-content\/uploads\/2019\/09\/IMG_9185.jpg 900w, https:\/\/jorgezanoni.com.br\/2019\/wp-content\/uploads\/2019\/09\/IMG_9185-300x225.jpg 300w, https:\/\/jorgezanoni.com.br\/2019\/wp-content\/uploads\/2019\/09\/IMG_9185-768x576.jpg 768w, https:\/\/jorgezanoni.com.br\/2019\/wp-content\/uploads\/2019\/09\/IMG_9185-80x60.jpg 80w, https:\/\/jorgezanoni.com.br\/2019\/wp-content\/uploads\/2019\/09\/IMG_9185-265x198.jpg 265w, https:\/\/jorgezanoni.com.br\/2019\/wp-content\/uploads\/2019\/09\/IMG_9185-696x522.jpg 696w, https:\/\/jorgezanoni.com.br\/2019\/wp-content\/uploads\/2019\/09\/IMG_9185-560x420.jpg 560w\" sizes=\"auto, (max-width: 900px) 100vw, 900px\" \/> <img loading=\"lazy\" decoding=\"async\" class=\"alignnone size-full wp-image-7103\" src=\"https:\/\/jorgezanoni.com.br\/2019\/wp-content\/uploads\/2019\/09\/IMG_9186.jpg\" alt=\"\" width=\"900\" height=\"675\" srcset=\"https:\/\/jorgezanoni.com.br\/2019\/wp-content\/uploads\/2019\/09\/IMG_9186.jpg 900w, https:\/\/jorgezanoni.com.br\/2019\/wp-content\/uploads\/2019\/09\/IMG_9186-300x225.jpg 300w, https:\/\/jorgezanoni.com.br\/2019\/wp-content\/uploads\/2019\/09\/IMG_9186-768x576.jpg 768w, https:\/\/jorgezanoni.com.br\/2019\/wp-content\/uploads\/2019\/09\/IMG_9186-80x60.jpg 80w, https:\/\/jorgezanoni.com.br\/2019\/wp-content\/uploads\/2019\/09\/IMG_9186-265x198.jpg 265w, https:\/\/jorgezanoni.com.br\/2019\/wp-content\/uploads\/2019\/09\/IMG_9186-696x522.jpg 696w, https:\/\/jorgezanoni.com.br\/2019\/wp-content\/uploads\/2019\/09\/IMG_9186-560x420.jpg 560w\" sizes=\"auto, (max-width: 900px) 100vw, 900px\" \/><\/p>\n<p style=\"text-align: justify;\">Jorge Zanoni<\/p>\n","protected":false},"excerpt":{"rendered":"<p>Por volta de 16:30 Horas desta segunda-feira (23) aconteceu um acidente na esquina das ruas Marechal Rondon e Martim Afonso, esquina do Pontilh\u00e3o na Vila Barros em Dracena. Segundo informa\u00e7\u00f5es obtidas no local pela reportagem do Site JZ, um ve\u00edculo Golf placas de Dracena dirigido por uma mulher J.L de 36 anos, subiu no sentido [&hellip;]<\/p>\n","protected":false},"author":1,"featured_media":7104,"comment_status":"closed","ping_status":"open","sticky":false,"template":"","format":"standard","meta":{"footnotes":""},"categories":[170,110],"tags":[],"class_list":["post-7097","post","type-post","status-publish","format-standard","has-post-thumbnail","hentry","category-acidentes","category-noticiasdestaque"],"_links":{"self":[{"href":"https:\/\/jorgezanoni.com.br\/2019\/wp-json\/wp\/v2\/posts\/7097","targetHints":{"allow":["GET"]}}],"collection":[{"href":"https:\/\/jorgezanoni.com.br\/2019\/wp-json\/wp\/v2\/posts"}],"about":[{"href":"https:\/\/jorgezanoni.com.br\/2019\/wp-json\/wp\/v2\/types\/post"}],"author":[{"embeddable":true,"href":"https:\/\/jorgezanoni.com.br\/2019\/wp-json\/wp\/v2\/users\/1"}],"replies":[{"embeddable":true,"href":"https:\/\/jorgezanoni.com.br\/2019\/wp-json\/wp\/v2\/comments?post=7097"}],"version-history":[{"count":0,"href":"https:\/\/jorgezanoni.com.br\/2019\/wp-json\/wp\/v2\/posts\/7097\/revisions"}],"wp:featuredmedia":[{"embeddable":true,"href":"https:\/\/jorgezanoni.com.br\/2019\/wp-json\/wp\/v2\/media\/7104"}],"wp:attachment":[{"href":"https:\/\/jorgezanoni.com.br\/2019\/wp-json\/wp\/v2\/media?parent=7097"}],"wp:term":[{"taxonomy":"category","embeddable":true,"href":"https:\/\/jorgezanoni.com.br\/2019\/wp-json\/wp\/v2\/categories?post=7097"},{"taxonomy":"post_tag","embeddable":true,"href":"https:\/\/jorgezanoni.com.br\/2019\/wp-json\/wp\/v2\/tags?post=7097"}],"curies":[{"name":"wp","href":"https:\/\/api.w.org\/{rel}","templated":true}]}}