{"id":70940,"date":"2022-11-10T00:48:23","date_gmt":"2022-11-10T00:48:23","guid":{"rendered":"https:\/\/jorgezanoni.com.br\/2019\/?p=70940"},"modified":"2022-11-10T00:48:23","modified_gmt":"2022-11-10T00:48:23","slug":"dracenense-fica-ferida-em-acidente-na-br-376-no-estado-do-parana","status":"publish","type":"post","link":"https:\/\/jorgezanoni.com.br\/2019\/dracenense-fica-ferida-em-acidente-na-br-376-no-estado-do-parana\/","title":{"rendered":"Dracenense fica ferida em acidente na BR-376 no estado do Paran\u00e1"},"content":{"rendered":"<p style=\"text-align: justify;\"><strong>Simone Aparecida de Oliveira Souza moradora de Dracena que tinha como destino a trabalho, a cidade de Florian\u00f3polis acabou se envolvendo no acidente.<\/strong><\/p>\n<div class=\"x11i5rnm xat24cr x1mh8g0r x1vvkbs xtlvy1s x126k92a\" style=\"text-align: justify;\">\n<div dir=\"auto\">Na manh\u00e3 desta quarta-feira, por volta das 09h30min, ocorreu um acidente no km 441 da BR-376 sentido norte, em Ortigueira\/PR.<\/div>\n<\/div>\n<div class=\"x11i5rnm xat24cr x1mh8g0r x1vvkbs xtlvy1s x126k92a\" style=\"text-align: justify;\">\n<div dir=\"auto\">Um ve\u00edculo com placas de Londrina e outro com placas de Santa Catarina foram os envolvidos na colis\u00e3o traseira.<\/div>\n<\/div>\n<div class=\"x11i5rnm xat24cr x1mh8g0r x1vvkbs xtlvy1s x126k92a\" style=\"text-align: justify;\">\n<div dir=\"auto\">Foi acionado a equipe do SAMU, DER e PRF, que se deslocaram para o local.<\/div>\n<\/div>\n<div class=\"x11i5rnm xat24cr x1mh8g0r x1vvkbs xtlvy1s x126k92a\" style=\"text-align: justify;\">\n<div dir=\"auto\">Uma v\u00edtima do sexo feminino, 46 anos, foi socorrida pelo SAMU de Ortigueira e encaminhada ao PAM com suspeita de fratura em regi\u00e3o p\u00e9lvica e suspeita de trauma em t\u00f3rax.<\/div>\n<\/div>\n<div class=\"x11i5rnm xat24cr x1mh8g0r x1vvkbs xtlvy1s x126k92a\" style=\"text-align: justify;\">\n<div dir=\"auto\">A PRF de Mau\u00e1 da Serra e DER realizaram os demais procedimentos cab\u00edveis na situa\u00e7\u00e3o.<\/div>\n<\/div>\n<div dir=\"auto\" style=\"text-align: justify;\"><\/div>\n<div dir=\"auto\" style=\"text-align: justify;\">Fonte: Atento a Rede<\/div>\n<div class=\"x11i5rnm xat24cr x1mh8g0r x1vvkbs xtlvy1s x126k92a\" style=\"text-align: justify;\"><\/div>\n<div dir=\"auto\" style=\"text-align: justify;\"><\/div>\n<div dir=\"auto\" style=\"text-align: justify;\">A reportagem do Site JZ falou com Simone que passa bem e est\u00e1 internada na cidade de Ortigueira. Ela dirigia uma ve\u00edculo HB 20 branco, acredita que descendo a Serra, passou em um buraco, perdeu o controle de dire\u00e7\u00e3o, rodou na pista e se chocou contra outro ve\u00edculo, ap\u00f3s foi jogada contra um barranco. Ela \u00e9 moradora de Dracena e saiu esta manh\u00e3 da cidade de Londrina\/pr., onde havia pernoitado.<\/div>\n<div dir=\"auto\"><\/div>\n<div dir=\"auto\"><img loading=\"lazy\" decoding=\"async\" class=\"alignnone size-full wp-image-70941\" src=\"https:\/\/jorgezanoni.com.br\/2019\/wp-content\/uploads\/2022\/11\/Simone-2.jpg\" alt=\"\" width=\"900\" height=\"1600\" srcset=\"https:\/\/jorgezanoni.com.br\/2019\/wp-content\/uploads\/2022\/11\/Simone-2.jpg 900w, https:\/\/jorgezanoni.com.br\/2019\/wp-content\/uploads\/2022\/11\/Simone-2-169x300.jpg 169w, https:\/\/jorgezanoni.com.br\/2019\/wp-content\/uploads\/2022\/11\/Simone-2-576x1024.jpg 576w, https:\/\/jorgezanoni.com.br\/2019\/wp-content\/uploads\/2022\/11\/Simone-2-768x1365.jpg 768w, https:\/\/jorgezanoni.com.br\/2019\/wp-content\/uploads\/2022\/11\/Simone-2-864x1536.jpg 864w, https:\/\/jorgezanoni.com.br\/2019\/wp-content\/uploads\/2022\/11\/Simone-2-696x1237.jpg 696w, https:\/\/jorgezanoni.com.br\/2019\/wp-content\/uploads\/2022\/11\/Simone-2-236x420.jpg 236w\" sizes=\"auto, (max-width: 900px) 100vw, 900px\" \/> <img loading=\"lazy\" decoding=\"async\" class=\"alignnone size-full wp-image-70942\" src=\"https:\/\/jorgezanoni.com.br\/2019\/wp-content\/uploads\/2022\/11\/Simone.jpg\" alt=\"\" width=\"640\" height=\"640\" srcset=\"https:\/\/jorgezanoni.com.br\/2019\/wp-content\/uploads\/2022\/11\/Simone.jpg 640w, https:\/\/jorgezanoni.com.br\/2019\/wp-content\/uploads\/2022\/11\/Simone-300x300.jpg 300w, https:\/\/jorgezanoni.com.br\/2019\/wp-content\/uploads\/2022\/11\/Simone-150x150.jpg 150w, https:\/\/jorgezanoni.com.br\/2019\/wp-content\/uploads\/2022\/11\/Simone-420x420.jpg 420w\" sizes=\"auto, (max-width: 640px) 100vw, 640px\" \/><\/div>\n<div dir=\"auto\">Jorge Zanoni<\/div>\n<div dir=\"auto\">Fotos autorizadas divulga\u00e7\u00e3o<\/div>\n<div dir=\"auto\"><\/div>\n<p>&nbsp;<\/p>\n<p>&nbsp;<\/p>\n","protected":false},"excerpt":{"rendered":"<p>Simone Aparecida de Oliveira Souza moradora de Dracena que tinha como destino a trabalho, a cidade de Florian\u00f3polis acabou se envolvendo no acidente. Na manh\u00e3 desta quarta-feira, por volta das 09h30min, ocorreu um acidente no km 441 da BR-376 sentido norte, em Ortigueira\/PR. Um ve\u00edculo com placas de Londrina e outro com placas de Santa [&hellip;]<\/p>\n","protected":false},"author":1,"featured_media":70943,"comment_status":"closed","ping_status":"open","sticky":false,"template":"","format":"standard","meta":{"footnotes":""},"categories":[170,110],"tags":[],"class_list":["post-70940","post","type-post","status-publish","format-standard","has-post-thumbnail","hentry","category-acidentes","category-noticiasdestaque"],"_links":{"self":[{"href":"https:\/\/jorgezanoni.com.br\/2019\/wp-json\/wp\/v2\/posts\/70940","targetHints":{"allow":["GET"]}}],"collection":[{"href":"https:\/\/jorgezanoni.com.br\/2019\/wp-json\/wp\/v2\/posts"}],"about":[{"href":"https:\/\/jorgezanoni.com.br\/2019\/wp-json\/wp\/v2\/types\/post"}],"author":[{"embeddable":true,"href":"https:\/\/jorgezanoni.com.br\/2019\/wp-json\/wp\/v2\/users\/1"}],"replies":[{"embeddable":true,"href":"https:\/\/jorgezanoni.com.br\/2019\/wp-json\/wp\/v2\/comments?post=70940"}],"version-history":[{"count":1,"href":"https:\/\/jorgezanoni.com.br\/2019\/wp-json\/wp\/v2\/posts\/70940\/revisions"}],"predecessor-version":[{"id":70944,"href":"https:\/\/jorgezanoni.com.br\/2019\/wp-json\/wp\/v2\/posts\/70940\/revisions\/70944"}],"wp:featuredmedia":[{"embeddable":true,"href":"https:\/\/jorgezanoni.com.br\/2019\/wp-json\/wp\/v2\/media\/70943"}],"wp:attachment":[{"href":"https:\/\/jorgezanoni.com.br\/2019\/wp-json\/wp\/v2\/media?parent=70940"}],"wp:term":[{"taxonomy":"category","embeddable":true,"href":"https:\/\/jorgezanoni.com.br\/2019\/wp-json\/wp\/v2\/categories?post=70940"},{"taxonomy":"post_tag","embeddable":true,"href":"https:\/\/jorgezanoni.com.br\/2019\/wp-json\/wp\/v2\/tags?post=70940"}],"curies":[{"name":"wp","href":"https:\/\/api.w.org\/{rel}","templated":true}]}}