{"id":70937,"date":"2022-11-09T23:07:00","date_gmt":"2022-11-09T23:07:00","guid":{"rendered":"https:\/\/jorgezanoni.com.br\/2019\/?p=70937"},"modified":"2022-11-09T23:07:00","modified_gmt":"2022-11-09T23:07:00","slug":"rolando-boldrin-ator-cantor-compositor-e-apresentador-morre-em-sp-aos-86-anos","status":"publish","type":"post","link":"https:\/\/jorgezanoni.com.br\/2019\/rolando-boldrin-ator-cantor-compositor-e-apresentador-morre-em-sp-aos-86-anos\/","title":{"rendered":"Rolando Boldrin, ator, cantor, compositor e apresentador, morre em SP aos 86 anos"},"content":{"rendered":"<h2 class=\"content-head__subtitle\" style=\"text-align: justify;\"><strong>Com o &#8216;Sr. Brasil&#8217;, da TV Cultura, o qual apresentou por 17 anos, Boldrin &#8216;tirou o Brasil da gaveta&#8217; e fez coro com os artistas mais representativos de todas as regi\u00f5es do pa\u00eds, diz nota da Funda\u00e7\u00e3o Anchieta. Ele participou de diversas novelas e ainda apresentou programas como &#8216;Som Brasil&#8217; na TV Globo.<\/strong><\/h2>\n<div id=\"chunk-cisr4\">\n<div class=\"mc-column content-text active-extra-styles \" data-block-type=\"unstyled\" data-block-weight=\"44\" data-block-id=\"3\">\n<p class=\"content-text__container \" style=\"text-align: justify;\" data-track-category=\"Link no Texto\" data-track-links=\"\">O ator, cantor, compositor e apresentador da TV Cultura\u00a0<strong>Rolando Boldrin<\/strong>\u00a0morreu nesta quarta-feira (9) aos 86 anos, em\u00a0<a href=\"https:\/\/g1.globo.com\/sp\/sao-paulo\/cidade\/sao-paulo\/\">S\u00e3o Paulo<\/a>. A causa da morte foi Insufici\u00eancia respirat\u00f3ria e renal, segundo informa\u00e7\u00f5es da emirrosa. Ele estava internado no Hospital Albert Einstein havia dois meses.<\/p>\n<\/div>\n<\/div>\n<div class=\"wall protected-content\">\n<div id=\"chunk-a8vs\">\n<div class=\"mc-column content-text active-extra-styles \" data-block-type=\"unstyled\" data-block-weight=\"68\" data-block-id=\"5\">\n<p class=\"content-text__container \" style=\"text-align: justify;\" data-track-category=\"Link no Texto\" data-track-links=\"\">O vel\u00f3rio de Boldrin ser\u00e1 realizado na Assembleia Legislativa do Estado de S\u00e3o Paulo (Alesp) nesta quinta-feira (10), das 8h \u00e0s 15h, e ser\u00e1 aberto ao p\u00fablico. Ele ser\u00e1 velado no Hall Monumental, e o acesso para visita\u00e7\u00e3o do p\u00fablico ser\u00e1 feito pelo port\u00e3o do estacionamento localizado na avenida Pedro \u00c1lvares Cabral, 201, apenas para pedestres. O sepultamento ocorrer\u00e1 no cemit\u00e9rio Geths\u00eamani Morumbi, \u00e0s 17h.<\/p>\n<div id=\"chunk-e9oo4\" style=\"text-align: justify;\">\n<div class=\"mc-column content-text active-extra-styles \" data-block-type=\"unstyled\" data-block-weight=\"42\" data-block-id=\"7\">\n<p class=\"content-text__container \" data-track-category=\"Link no Texto\" data-track-links=\"\">Com mais de 60 anos de carreira na TV, Rolando Boldrin apresentou o programa musical &#8220;Sr. Brasil&#8221; por 17 anos. Com grandes sucessos,\u00a0<span class=\"highlight highlighted\">Boldrin se consagrou como um dos principais expoentes da cultura sertaneja e das ra\u00edzes da m\u00fasica caipira no Brasil.<\/span><\/p>\n<\/div>\n<\/div>\n<div id=\"chunk-7tvl8\" style=\"text-align: justify;\">\n<div class=\"mc-column content-text active-extra-styles \" data-block-type=\"unstyled\" data-block-weight=\"64\" data-block-id=\"8\">\n<p class=\"content-text__container \" data-track-category=\"Link no Texto\" data-track-links=\"\">&#8220;Ele tirou o Brasil da gaveta&#8217; e fez coro com os artistas mais representativos de todas as regi\u00f5es do pa\u00eds. Em seu programa, o cen\u00e1rio privilegiava os artes\u00e3os brasileiros e era circundado por imagens dos artistas que fizeram a nossa hist\u00f3ria, escrita, falada e cantada, e que j\u00e1 viajaram, muitos deles &#8216;fora do combinado&#8217;, conforme costumava dizer Rolando&#8221;, diz nota da TV Cultura.<\/p>\n<\/div>\n<\/div>\n<div id=\"chunk-8rkbb\">\n<div class=\"row medium-uncollapsed content-media content-photo\" data-block-type=\"backstage-photo\" data-block-id=\"9\">\n<div class=\"mc-column content-media__container\">\n<div class=\"content-media-container glb-skeleton-box\" style=\"text-align: justify;\">\n<figure class=\"content-media-figure\"><img decoding=\"async\" class=\"i-amphtml-fill-content i-amphtml-replaced-content\" src=\"https:\/\/s2.glbimg.com\/EYTl4DIlsxAFk-aSFYVUhbn7RRE=\/0x0:766x514\/984x0\/smart\/filters:strip_icc()\/i.s3.glbimg.com\/v1\/AUTH_59edd422c0c84a879bd37670ae4f538a\/internal_photos\/bs\/2022\/u\/f\/vGQgL9QBuL2xCsHRn01g\/boldrin.png\" sizes=\"(max-width: 1366px) 648px, 100vw\" srcset=\"https:\/\/s2.glbimg.com\/tXTesIzIg-htqZHJj5oIvGKrzLw=\/0x0:766x514\/1000x0\/smart\/filters:strip_icc()\/i.s3.glbimg.com\/v1\/AUTH_59edd422c0c84a879bd37670ae4f538a\/internal_photos\/bs\/2022\/u\/f\/vGQgL9QBuL2xCsHRn01g\/boldrin.png 1000w, https:\/\/s2.glbimg.com\/EYTl4DIlsxAFk-aSFYVUhbn7RRE=\/0x0:766x514\/984x0\/smart\/filters:strip_icc()\/i.s3.glbimg.com\/v1\/AUTH_59edd422c0c84a879bd37670ae4f538a\/internal_photos\/bs\/2022\/u\/f\/vGQgL9QBuL2xCsHRn01g\/boldrin.png 984w, https:\/\/s2.glbimg.com\/7UHmZ-Nm0_Lw5C-utipB-NhyPKw=\/0x0:766x514\/640x0\/smart\/filters:strip_icc()\/i.s3.glbimg.com\/v1\/AUTH_59edd422c0c84a879bd37670ae4f538a\/internal_photos\/bs\/2022\/u\/f\/vGQgL9QBuL2xCsHRn01g\/boldrin.png 640w, https:\/\/s2.glbimg.com\/0jqB16-cr39npACy1-sPkZrBMKw=\/0x0:766x514\/600x0\/smart\/filters:strip_icc()\/i.s3.glbimg.com\/v1\/AUTH_59edd422c0c84a879bd37670ae4f538a\/internal_photos\/bs\/2022\/u\/f\/vGQgL9QBuL2xCsHRn01g\/boldrin.png 600w\" alt=\"O ator, cantor, compositor e apresentador da TV Cultura, Rolando Boldrin, morto na tarde desta quarta-feira (9), aos 86 anos. \u2014 Foto: Divulga\u00e7\u00e3o\/TV Cultura\" \/><\/figure>\n<\/div>\n<p class=\"content-media__description \" style=\"text-align: justify;\">O ator, cantor, compositor e apresentador da TV Cultura, Rolando Boldrin, morto na tarde desta quarta-feira (9), aos 86 anos. \u2014 Foto: Divulga\u00e7\u00e3o\/TV Cultura<\/p>\n<div id=\"chunk-5nf17\" style=\"text-align: justify;\">\n<div class=\"mc-column content-text active-extra-styles \" data-block-type=\"unstyled\" data-block-weight=\"30\" data-block-id=\"11\">\n<p class=\"content-text__container \" data-track-category=\"Link no Texto\" data-track-links=\"\">Um dos grandes sucessos de Boldrin na televis\u00e3o foi o Som Brasil, que come\u00e7ou no r\u00e1dio e estreou na\u00a0<strong>TV Globo<\/strong>\u00a0em 1981. O programa foi criado pelo pr\u00f3prio artista.<\/p>\n<\/div>\n<\/div>\n<div id=\"chunk-4ejdo\" style=\"text-align: justify;\">\n<div class=\"mc-column content-text active-extra-styles \" data-block-type=\"unstyled\" data-block-weight=\"29\" data-block-id=\"12\">\n<p class=\"content-text__container \" data-track-category=\"Link no Texto\" data-track-links=\"\">No Som Brasil, Rolando Boldrin contava causos, dan\u00e7ava e exibia pe\u00e7as teatrais e pequenos document\u00e1rios. Mas o destaque eram as atra\u00e7\u00f5es musicais com forte apelo \u00e0 cultura popular brasileira.<\/p>\n<\/div>\n<\/div>\n<div id=\"chunk-8387o\" style=\"text-align: justify;\">\n<div class=\"mc-column content-text active-extra-styles \" data-block-type=\"unstyled\" data-block-weight=\"27\" data-block-id=\"13\">\n<p class=\"content-text__container \" data-track-category=\"Link no Texto\" data-track-links=\"\">Na televis\u00e3o, ainda apresentou os programas \u201cEmp\u00f3rio Brasileiro\u201d na TV Bandeirantes e \u201cEmp\u00f3rio Brasil\u201d no SBT. Na TV Cultura, estava \u00e0 frente do \u201cSr. Brasil\u201d desde 2005.<\/p>\n<\/div>\n<\/div>\n<div id=\"chunk-63r6q\" style=\"text-align: justify;\">\n<div class=\"mc-column content-text active-extra-styles \" data-block-type=\"unstyled\" data-block-weight=\"51\" data-block-id=\"14\">\n<p class=\"content-text__container \" data-track-category=\"Link no Texto\" data-track-links=\"\">Boldrin tamb\u00e9m fez carreira na teledramaturgia. Como ator, Rolando atuou em mais de 30 novelas, como \u201cO Direito de Nascer\u201d, \u201cAs Pupilas do Senhor Reitor\u201d, \u201cOs Deuses Est\u00e3o Mortos\u201d, \u201cQuero Viver\u201d, \u201cMulheres de Areia\u201d, \u201cOs Inocentes\u201d, \u201cA Viagem\u201d, \u201cO Profeta\u201d, \u201cRoda de Fogo\u201d, \u201cCara a Cara\u201d, \u201cCavalo Amarelo\u201d e \u201cOs Imigrantes\u201d.<\/p>\n<\/div>\n<\/div>\n<div id=\"chunk-4eimk\">\n<div class=\"mc-column content-text active-extra-styles \" data-block-type=\"unstyled\" data-block-weight=\"40\" data-block-id=\"15\">\n<p class=\"content-text__container \" style=\"text-align: justify;\" data-track-category=\"Link no Texto\" data-track-links=\"\">Segundo a nota da Funda\u00e7\u00e3o Padre Anchieta, Boldrin dizia que era fundamentalmente um ator: &#8220;esse tem sido meu trabalho a vida inteira; radioator, ator de novela, de teatro, de cinema, um ator que canta, declama poesias e conta hist\u00f3rias\u201d, falava.<\/p>\n<p style=\"text-align: justify;\" data-track-category=\"Link no Texto\" data-track-links=\"\">Fonte: https:\/\/g1.globo.com\/sp\/sao-paulo\/noticia\/2022\/11\/09\/rolando-boldrin-ator-cantor-compositor-e-apresentador-morre-em-sp-aos-86-anos.ghtml<\/p>\n<\/div>\n<\/div>\n<\/div>\n<\/div>\n<\/div>\n<\/div>\n<\/div>\n<\/div>\n","protected":false},"excerpt":{"rendered":"<p>Com o &#8216;Sr. Brasil&#8217;, da TV Cultura, o qual apresentou por 17 anos, Boldrin &#8216;tirou o Brasil da gaveta&#8217; e fez coro com os artistas mais representativos de todas as regi\u00f5es do pa\u00eds, diz nota da Funda\u00e7\u00e3o Anchieta. Ele participou de diversas novelas e ainda apresentou programas como &#8216;Som Brasil&#8217; na TV Globo. O ator, [&hellip;]<\/p>\n","protected":false},"author":1,"featured_media":70938,"comment_status":"closed","ping_status":"open","sticky":false,"template":"","format":"standard","meta":{"footnotes":""},"categories":[178,110],"tags":[],"class_list":["post-70937","post","type-post","status-publish","format-standard","has-post-thumbnail","hentry","category-notadefalecimento","category-noticiasdestaque"],"_links":{"self":[{"href":"https:\/\/jorgezanoni.com.br\/2019\/wp-json\/wp\/v2\/posts\/70937","targetHints":{"allow":["GET"]}}],"collection":[{"href":"https:\/\/jorgezanoni.com.br\/2019\/wp-json\/wp\/v2\/posts"}],"about":[{"href":"https:\/\/jorgezanoni.com.br\/2019\/wp-json\/wp\/v2\/types\/post"}],"author":[{"embeddable":true,"href":"https:\/\/jorgezanoni.com.br\/2019\/wp-json\/wp\/v2\/users\/1"}],"replies":[{"embeddable":true,"href":"https:\/\/jorgezanoni.com.br\/2019\/wp-json\/wp\/v2\/comments?post=70937"}],"version-history":[{"count":1,"href":"https:\/\/jorgezanoni.com.br\/2019\/wp-json\/wp\/v2\/posts\/70937\/revisions"}],"predecessor-version":[{"id":70939,"href":"https:\/\/jorgezanoni.com.br\/2019\/wp-json\/wp\/v2\/posts\/70937\/revisions\/70939"}],"wp:featuredmedia":[{"embeddable":true,"href":"https:\/\/jorgezanoni.com.br\/2019\/wp-json\/wp\/v2\/media\/70938"}],"wp:attachment":[{"href":"https:\/\/jorgezanoni.com.br\/2019\/wp-json\/wp\/v2\/media?parent=70937"}],"wp:term":[{"taxonomy":"category","embeddable":true,"href":"https:\/\/jorgezanoni.com.br\/2019\/wp-json\/wp\/v2\/categories?post=70937"},{"taxonomy":"post_tag","embeddable":true,"href":"https:\/\/jorgezanoni.com.br\/2019\/wp-json\/wp\/v2\/tags?post=70937"}],"curies":[{"name":"wp","href":"https:\/\/api.w.org\/{rel}","templated":true}]}}