{"id":70934,"date":"2022-11-09T15:48:06","date_gmt":"2022-11-09T15:48:06","guid":{"rendered":"https:\/\/jorgezanoni.com.br\/2019\/?p=70934"},"modified":"2022-11-09T15:48:06","modified_gmt":"2022-11-09T15:48:06","slug":"gal-costa-uma-das-maiores-cantoras-do-brasil-morre-aos-77-anos","status":"publish","type":"post","link":"https:\/\/jorgezanoni.com.br\/2019\/gal-costa-uma-das-maiores-cantoras-do-brasil-morre-aos-77-anos\/","title":{"rendered":"Gal Costa, uma das maiores cantoras do Brasil, morre aos 77 anos"},"content":{"rendered":"<h2 class=\"content-head__subtitle\" style=\"text-align: justify;\"><strong>Informa\u00e7\u00e3o foi confirmada pela assessoria da cantora. Foram 57 anos de carreira e cl\u00e1ssicos da MPB como &#8216;Baby&#8217;, &#8216;Meu nome \u00e9 Gal&#8217;, &#8216;Chuva de Prata&#8217;, &#8216;Meu bem, meu mal&#8217; e &#8216;Barato total&#8217;.<\/strong><\/h2>\n<div id=\"chunk-1hste\" style=\"text-align: justify;\">\n<div class=\"mc-column content-text active-extra-styles active-capital-letter\" data-block-type=\"unstyled\" data-block-weight=\"46\" data-block-id=\"3\">\n<p class=\"content-text__container theme-color-primary-first-letter\" data-track-category=\"Link no Texto\" data-track-links=\"\"><a href=\"https:\/\/g1.globo.com\/tudo-sobre\/gal-costa\/\">Gal Costa<\/a>, uma das maiores cantoras do Brasil, morreu aos 77 anos, em S\u00e3o Paulo. A informa\u00e7\u00e3o foi confirmada pela assessoria da cantora nesta quarta-feira (9). Ela havia dado uma pausa em shows, ap\u00f3s passar por uma cirurgia para retirar um n\u00f3dulo na fossa nasal direita.<\/p>\n<\/div>\n<\/div>\n<div class=\"wall protected-content\">\n<div class=\"mc-column content-text active-extra-styles\" style=\"text-align: justify;\" data-block-type=\"raw\" data-block-weight=\"25\" data-block-id=\"4\">\n<ul class=\"content-unordered-list\">\n<li><strong>FOTOS:\u00a0<\/strong><a href=\"https:\/\/g1.globo.com\/pop-arte\/musica\/noticia\/2022\/11\/09\/gal-costa-relembre-a-carreira-em-fotos.ghtml\">Relembre carreira e vida de Gal<\/a><\/li>\n<li><strong>HOMENAGENS:\u00a0<\/strong><a href=\"https:\/\/g1.globo.com\/pop-arte\/musica\/noticia\/2022\/11\/09\/gal-costa-famosos-lamentam-morte-da-cantora.ghtml\">Artistas e amigos lamentam<\/a><\/li>\n<li><strong>V\u00cdDEOS:<\/strong>\u00a0<a href=\"https:\/\/g1.globo.com\/pop-arte\/playlist\/videos-gal-costa-morre-aos-77-anos.ghtml\">M\u00fasicas e entrevistas com Gal Costa<\/a><\/li>\n<li><strong>M\u00daSICAS:<\/strong>\u00a0<a href=\"https:\/\/g1.globo.com\/pop-arte\/musica\/blog\/mauro-ferreira\/post\/2020\/09\/21\/gal-costa-faz-75-anos-com-75-gravacoes-emblematicas-na-historia-da-musica-do-brasil.ghtml\">As principais can\u00e7\u00f5es de Gal<\/a><\/li>\n<\/ul>\n<\/div>\n<div id=\"chunk-1l60h\" style=\"text-align: justify;\">\n<div class=\"mc-column content-text active-extra-styles \" data-block-type=\"unstyled\" data-block-weight=\"41\" data-block-id=\"5\">\n<p class=\"content-text__container \" data-track-category=\"Link no Texto\" data-track-links=\"\">Maria da Gra\u00e7a Costa Penna Burgos nasceu em 26 de setembro de 1945 em Salvador e foi a voz de cl\u00e1ssicos da MPB como &#8220;Baby&#8221;, &#8220;Meu nome \u00e9 Gal&#8221;, &#8220;Chuva de Prata&#8221;, &#8220;Meu bem, meu mal&#8221;, &#8220;P\u00e9rola Negra&#8221; e &#8220;Barato total&#8221;.<\/p>\n<\/div>\n<\/div>\n<div id=\"chunk-85ptc\" style=\"text-align: justify;\">\n<div class=\"mc-column content-text active-extra-styles \" data-block-type=\"unstyled\" data-block-weight=\"44\" data-block-id=\"6\">\n<p class=\"content-text__container \" data-track-category=\"Link no Texto\" data-track-links=\"\">Foram 57 anos de carreira, iniciada em 1965, quando a cantora apresentou m\u00fasicas in\u00e9ditas de Caetano Veloso e Gilberto Gil. Ela ainda era Maria da Gra\u00e7a quando lan\u00e7ou &#8220;Eu vim da Bahia&#8221;, samba de Gil sobre a origem da cantora e do compositor.<\/p>\n<\/div>\n<\/div>\n<div class=\"mc-column content-text active-extra-styles\" style=\"text-align: justify;\" data-block-type=\"raw\" data-block-weight=\"6\" data-block-id=\"7\">\n<ul class=\"content-unordered-list\">\n<li><a href=\"https:\/\/api.whatsapp.com\/send?text=https:\/\/g1.globo.com\/pop-arte\/musica\/noticia\/2022\/11\/09\/gal-costa-morre-aos-77-anos.ghtml?utm_source%3Dwhatsapp%26utm_medium%3Dshare-engagement%26utm_campaign%3Dte-materias\" target=\"_blank\" rel=\"noopener\">COMPARTILHE NO WHATSAPP<\/a><\/li>\n<li><a href=\"https:\/\/telegram.me\/share\/url?url=https:\/\/g1.globo.com\/pop-arte\/musica\/noticia\/2022\/11\/09\/gal-costa-morre-aos-77-anos.ghtml?utm_source%3Dtelegram%26utm_medium%3Dshare-engagement%26utm_campaign%3Dte-materias\" target=\"_blank\" rel=\"noopener\">COMPARTILHE NO TELEGRAM<\/a><\/li>\n<\/ul>\n<\/div>\n<div id=\"chunk-jvt1\" style=\"text-align: justify;\">\n<div class=\"row medium-uncollapsed content-media content-photo\" data-block-type=\"backstage-photo\" data-block-id=\"8\">\n<div class=\"column medium-22 large-20 medium-centered content-media__container\">\n<div class=\"content-media-container glb-skeleton-box\">\n<figure class=\"content-media-figure\"><img decoding=\"async\" class=\"i-amphtml-fill-content i-amphtml-replaced-content\" src=\"https:\/\/s2.glbimg.com\/FEDnfJ0ldJgz28mWUDrAjqIa8E4=\/0x0:1963x1299\/1008x0\/smart\/filters:strip_icc()\/i.s3.glbimg.com\/v1\/AUTH_59edd422c0c84a879bd37670ae4f538a\/internal_photos\/bs\/2022\/R\/w\/qKOVRbRASmEtyZOS00Xw\/4253487.143401.jpg\" srcset=\"\" alt=\"Os m\u00fasicos Jo\u00e3o Gilberto, Caetano Veloso e Gal Costa, em agosto de 1971 \u2014 Foto: Estad\u00e3o Conte\u00fado\/Arquivo\" \/><\/figure>\n<\/div>\n<p class=\"content-media__description \">Os m\u00fasicos Jo\u00e3o Gilberto, Caetano Veloso e Gal Costa, em agosto de 1971 \u2014 Foto: Estad\u00e3o Conte\u00fado\/Arquivo<\/p>\n<\/div>\n<\/div>\n<\/div>\n<div id=\"chunk-4lfd5\" style=\"text-align: justify;\">\n<div class=\"mc-column content-text active-extra-styles \" data-block-type=\"unstyled\" data-block-weight=\"42\" data-block-id=\"10\">\n<p class=\"content-text__container \" data-track-category=\"Link no Texto\" data-track-links=\"\">Tr\u00eas anos depois, veio outro cl\u00e1ssico: &#8220;Baby&#8221;, de Caetano Veloso. A can\u00e7\u00e3o foi feita para Maria Beth\u00e2nia, mas Gal a lan\u00e7ou em disco e a projetou no \u00e1lbum-manifesto da Tropic\u00e1lia. &#8220;Divino maravilhoso&#8221; (de Gil e Caetano) foi outra da fase tropicalista.<\/p>\n<\/div>\n<\/div>\n<div id=\"chunk-7hk4b\" style=\"text-align: justify;\">\n<div class=\"mc-column content-text active-extra-styles \" data-block-type=\"unstyled\" data-block-weight=\"58\" data-block-id=\"11\">\n<p class=\"content-text__container \" data-track-category=\"Link no Texto\" data-track-links=\"\">Ao longo dos anos 60 e 70, ela seguiu misturando estilos. Dedicou-se ao suingue de Jorge Ben Jor com &#8220;Que pena (Ela j\u00e1 n\u00e3o gosta mais de mim)&#8221; e foi pelo rock com &#8220;Cinema Olympia&#8221;, mais uma de Caetano. &#8220;Meu nome \u00e9 Gal&#8221;, de Roberto e Erasmo Carlos, serviu como carta de apresenta\u00e7\u00e3o unindo Jovem Guarda e Tropic\u00e1lia.<\/p>\n<\/div>\n<\/div>\n<div id=\"chunk-ffdun\" style=\"text-align: justify;\">\n<div class=\"mc-column content-text active-extra-styles \" data-block-type=\"unstyled\" data-block-weight=\"33\" data-block-id=\"12\">\n<p class=\"content-text__container \" data-track-category=\"Link no Texto\" data-track-links=\"\">Ao gravar &#8220;P\u00e9rola negra&#8221;, em 1971, ajudou a revelar o ent\u00e3o jovem compositor Luiz Melodia (1951-2017). No mesmo ano, lan\u00e7ou &#8220;Vapor barato&#8221;, mostrando a for\u00e7a dos versos de Jards Macal\u00e9 e Waly Salom\u00e3o.<\/p>\n<\/div>\n<\/div>\n<div id=\"chunk-1lcbd\" style=\"text-align: justify;\">\n<div class=\"row medium-uncollapsed content-media content-photo\" data-block-type=\"backstage-photo\" data-block-id=\"13\">\n<div class=\"column medium-22 large-20 medium-centered content-media__container\">\n<div class=\"content-media-container glb-skeleton-box\">\n<figure class=\"content-media-figure\"><img decoding=\"async\" class=\"i-amphtml-fill-content i-amphtml-replaced-content\" src=\"https:\/\/s2.glbimg.com\/nWG-aW-rQBrzVUbFPndNMEsRcE8=\/0x0:3646x2506\/1008x0\/smart\/filters:strip_icc()\/i.s3.glbimg.com\/v1\/AUTH_59edd422c0c84a879bd37670ae4f538a\/internal_photos\/bs\/2022\/A\/I\/dbfKbsTeyMpCx11Vz0GA\/galcosta07.143501.jpg\" srcset=\"\" alt=\"A cantora Gal Costa durante ensaio no Rio de Janeiro em setembro de 1968 para a capa do disco 'Gal Costa', lan\u00e7ado em 1969, pela gravadora Philips \u2014 Foto: Estad\u00e3o Conte\u00fado\/Arquivo\" \/><\/figure>\n<\/div>\n<p class=\"content-media__description \">A cantora Gal Costa durante ensaio no Rio de Janeiro em setembro de 1968 para a capa do disco &#8216;Gal Costa&#8217;, lan\u00e7ado em 1969, pela gravadora Philips \u2014 Foto: Estad\u00e3o Conte\u00fado\/Arquivo<\/p>\n<\/div>\n<\/div>\n<\/div>\n<div id=\"chunk-61k1t\" style=\"text-align: justify;\">\n<div class=\"mc-column content-text active-extra-styles \" data-block-type=\"unstyled\" data-block-weight=\"40\" data-block-id=\"15\">\n<p class=\"content-text__container \" data-track-category=\"Link no Texto\" data-track-links=\"\">Ela seguiu gravando v\u00e1rias m\u00fasicas de Gil e Caetano, mas foi incluindo no repert\u00f3rio versos de outros compositores como Cazuza (&#8220;Brasil&#8221;, 1998); Michael Sullivan e Paulo Massadas (&#8220;Um dia de domingo&#8221;, de 1985); e Mar\u00edlia Mendon\u00e7a (&#8220;Cuidando de longe&#8221;, 2018).<\/p>\n<\/div>\n<\/div>\n<div id=\"chunk-14d9b\">\n<div class=\"mc-column content-text active-extra-styles \" data-block-type=\"unstyled\" data-block-weight=\"24\" data-block-id=\"16\">\n<p class=\"content-text__container \" style=\"text-align: justify;\" data-track-category=\"Link no Texto\" data-track-links=\"\">Na longa carreira, Gal lan\u00e7ou mais de 40 \u00e1lbuns entre discos de est\u00fadio e ao vivo. &#8220;Fa-tal&#8221;, &#8220;\u00cdndia&#8221; e &#8220;Profana&#8221; foram tr\u00eas dos principais.<\/p>\n<p style=\"text-align: justify;\" data-track-category=\"Link no Texto\" data-track-links=\"\">Fonte: https:\/\/g1.globo.com\/pop-arte\/musica\/noticia\/2022\/11\/09\/gal-costa-morre-aos-77-anos.ghtml<\/p>\n<\/div>\n<\/div>\n<\/div>\n","protected":false},"excerpt":{"rendered":"<p>Informa\u00e7\u00e3o foi confirmada pela assessoria da cantora. Foram 57 anos de carreira e cl\u00e1ssicos da MPB como &#8216;Baby&#8217;, &#8216;Meu nome \u00e9 Gal&#8217;, &#8216;Chuva de Prata&#8217;, &#8216;Meu bem, meu mal&#8217; e &#8216;Barato total&#8217;. Gal Costa, uma das maiores cantoras do Brasil, morreu aos 77 anos, em S\u00e3o Paulo. A informa\u00e7\u00e3o foi confirmada pela assessoria da cantora [&hellip;]<\/p>\n","protected":false},"author":1,"featured_media":70935,"comment_status":"closed","ping_status":"open","sticky":false,"template":"","format":"standard","meta":{"footnotes":""},"categories":[178,110],"tags":[],"class_list":["post-70934","post","type-post","status-publish","format-standard","has-post-thumbnail","hentry","category-notadefalecimento","category-noticiasdestaque"],"_links":{"self":[{"href":"https:\/\/jorgezanoni.com.br\/2019\/wp-json\/wp\/v2\/posts\/70934","targetHints":{"allow":["GET"]}}],"collection":[{"href":"https:\/\/jorgezanoni.com.br\/2019\/wp-json\/wp\/v2\/posts"}],"about":[{"href":"https:\/\/jorgezanoni.com.br\/2019\/wp-json\/wp\/v2\/types\/post"}],"author":[{"embeddable":true,"href":"https:\/\/jorgezanoni.com.br\/2019\/wp-json\/wp\/v2\/users\/1"}],"replies":[{"embeddable":true,"href":"https:\/\/jorgezanoni.com.br\/2019\/wp-json\/wp\/v2\/comments?post=70934"}],"version-history":[{"count":1,"href":"https:\/\/jorgezanoni.com.br\/2019\/wp-json\/wp\/v2\/posts\/70934\/revisions"}],"predecessor-version":[{"id":70936,"href":"https:\/\/jorgezanoni.com.br\/2019\/wp-json\/wp\/v2\/posts\/70934\/revisions\/70936"}],"wp:featuredmedia":[{"embeddable":true,"href":"https:\/\/jorgezanoni.com.br\/2019\/wp-json\/wp\/v2\/media\/70935"}],"wp:attachment":[{"href":"https:\/\/jorgezanoni.com.br\/2019\/wp-json\/wp\/v2\/media?parent=70934"}],"wp:term":[{"taxonomy":"category","embeddable":true,"href":"https:\/\/jorgezanoni.com.br\/2019\/wp-json\/wp\/v2\/categories?post=70934"},{"taxonomy":"post_tag","embeddable":true,"href":"https:\/\/jorgezanoni.com.br\/2019\/wp-json\/wp\/v2\/tags?post=70934"}],"curies":[{"name":"wp","href":"https:\/\/api.w.org\/{rel}","templated":true}]}}