{"id":70895,"date":"2022-11-07T16:23:24","date_gmt":"2022-11-07T16:23:24","guid":{"rendered":"https:\/\/jorgezanoni.com.br\/2019\/?p=70895"},"modified":"2022-11-07T16:23:24","modified_gmt":"2022-11-07T16:23:24","slug":"ultimas-semanas-para-inscricao-no-vestibular-de-medicina-da-unifadra-dracena","status":"publish","type":"post","link":"https:\/\/jorgezanoni.com.br\/2019\/ultimas-semanas-para-inscricao-no-vestibular-de-medicina-da-unifadra-dracena\/","title":{"rendered":"\u00daltimas semanas para inscri\u00e7\u00e3o no vestibular de Medicina da Unifadra Dracena"},"content":{"rendered":"<p style=\"text-align: justify;\"><span style=\"font-size: large;\">A Unifadra est\u00e1 com inscri\u00e7\u00f5es abertas at\u00e9 o dia 20 de novembro para o Vestibular de Ver\u00e3o do curso de Medicina. A prova ser\u00e1 presencial, no dia 11 de dezembro, \u00e0s 14h, na Unifadra, em Dracena (SP). Esta \u00e9 sua oportunidade para iniciar os estudos em 2023!!<\/span><\/p>\n<p><span style=\"font-size: large;\">O resultado do vestibular de Medicina ser\u00e1 divulgado no dia 9 de janeiro e as matr\u00edculas dos aprovados na primeira chamada ser\u00e3o realizadas nos dias 10 e 11 de janeiro, em tr\u00eas per\u00edodos, das 8h30 \u00e0s 11h30, das 14h \u00e0s 16h30 e das 18h30 \u00e0s 21h.<\/span><\/p>\n<p><span style=\"font-size: large;\">Conhe\u00e7a o curso de Medicina da Unifadra Dracena:\u00a0<a href=\"https:\/\/www.youtube.com\/watch?v=Kg8_50SXkjQ\" target=\"_blank\" rel=\"noopener noreferrer\">https:\/\/www.youtube.com\/watch?v=Kg8_50SXkjQ<\/a><\/span><\/p>\n<p><b><span style=\"font-size: large;\">Vestibular de Ver\u00e3o &#8211; Medicina Unifadra Dracena<\/span><br \/>\n<\/b><span style=\"font-size: large;\"><b>Inscri\u00e7\u00f5es<\/b>: at\u00e9 20\/11\/2022, pelo site\u00a0<a href=\"https:\/\/www.vunesp.com.br\/FDEC2202\" target=\"_blank\" rel=\"noopener noreferrer\">https:\/\/www.vunesp.com.br\/FDEC2202<\/a><\/span><br \/>\n<span style=\"font-size: large;\"><b>Prova presencial<\/b>: 11\/12\/22, \u00e0s 14h<\/span><br \/>\n<span style=\"font-size: large;\"><b>Centro de Informa\u00e7\u00f5es<\/b>: (18) 3821-9004 | Whatsapp (18) 99802-1237<\/span><\/p>\n<p>Fonte: Depto. Comunica\u00e7\u00e3o Fundec<\/p>\n<p>&nbsp;<\/p>\n<p>&nbsp;<\/p>\n","protected":false},"excerpt":{"rendered":"<p>A Unifadra est\u00e1 com inscri\u00e7\u00f5es abertas at\u00e9 o dia 20 de novembro para o Vestibular de Ver\u00e3o do curso de Medicina. A prova ser\u00e1 presencial, no dia 11 de dezembro, \u00e0s 14h, na Unifadra, em Dracena (SP). Esta \u00e9 sua oportunidade para iniciar os estudos em 2023!! O resultado do vestibular de Medicina ser\u00e1 divulgado [&hellip;]<\/p>\n","protected":false},"author":1,"featured_media":70896,"comment_status":"closed","ping_status":"open","sticky":false,"template":"","format":"standard","meta":{"footnotes":""},"categories":[110,122],"tags":[],"class_list":["post-70895","post","type-post","status-publish","format-standard","has-post-thumbnail","hentry","category-noticiasdestaque","category-saudeeducacaoeconcurso"],"_links":{"self":[{"href":"https:\/\/jorgezanoni.com.br\/2019\/wp-json\/wp\/v2\/posts\/70895","targetHints":{"allow":["GET"]}}],"collection":[{"href":"https:\/\/jorgezanoni.com.br\/2019\/wp-json\/wp\/v2\/posts"}],"about":[{"href":"https:\/\/jorgezanoni.com.br\/2019\/wp-json\/wp\/v2\/types\/post"}],"author":[{"embeddable":true,"href":"https:\/\/jorgezanoni.com.br\/2019\/wp-json\/wp\/v2\/users\/1"}],"replies":[{"embeddable":true,"href":"https:\/\/jorgezanoni.com.br\/2019\/wp-json\/wp\/v2\/comments?post=70895"}],"version-history":[{"count":1,"href":"https:\/\/jorgezanoni.com.br\/2019\/wp-json\/wp\/v2\/posts\/70895\/revisions"}],"predecessor-version":[{"id":70897,"href":"https:\/\/jorgezanoni.com.br\/2019\/wp-json\/wp\/v2\/posts\/70895\/revisions\/70897"}],"wp:featuredmedia":[{"embeddable":true,"href":"https:\/\/jorgezanoni.com.br\/2019\/wp-json\/wp\/v2\/media\/70896"}],"wp:attachment":[{"href":"https:\/\/jorgezanoni.com.br\/2019\/wp-json\/wp\/v2\/media?parent=70895"}],"wp:term":[{"taxonomy":"category","embeddable":true,"href":"https:\/\/jorgezanoni.com.br\/2019\/wp-json\/wp\/v2\/categories?post=70895"},{"taxonomy":"post_tag","embeddable":true,"href":"https:\/\/jorgezanoni.com.br\/2019\/wp-json\/wp\/v2\/tags?post=70895"}],"curies":[{"name":"wp","href":"https:\/\/api.w.org\/{rel}","templated":true}]}}