{"id":70892,"date":"2022-11-07T15:56:10","date_gmt":"2022-11-07T15:56:10","guid":{"rendered":"https:\/\/jorgezanoni.com.br\/2019\/?p=70892"},"modified":"2022-11-07T15:56:10","modified_gmt":"2022-11-07T15:56:10","slug":"etec-profa-carmelina-barbosa-de-dracena-comemora-52-anos","status":"publish","type":"post","link":"https:\/\/jorgezanoni.com.br\/2019\/etec-profa-carmelina-barbosa-de-dracena-comemora-52-anos\/","title":{"rendered":"ETEC &#8220;Prof\u00aa Carmelina Barbosa&#8221; de Dracena comemora 52 anos"},"content":{"rendered":"<p style=\"text-align: justify;\"><strong>ETEC \u201cPROF\u00aa. CARMELINA BARBOSA\u201d &#8211; UNIDADE 052 \u2013 DRACENA \u2013 SPE.<\/strong><\/p>\n<p style=\"text-align: justify;\">A escola est\u00e1 situada no km. 653 da Rodovia \u201cComandante Jo\u00e3o Ribeiro de Barros\u201d, no Bairro das Antas, munic\u00edpio de Dracena, cidade localizada na regi\u00e3o Oeste do Estado de S\u00e3o Paulo, que possui aproximadamente 45.000 habitantes, distante cerca de 07 (sete) quil\u00f4metros do centro urbano de Dracena. A escola fica a 09 (nove) quil\u00f4metros da cidade de Tupi Paulista.<\/p>\n<p style=\"text-align: justify;\">A escola foi criada em novembro de 1970, pelo Decreto 52.553, do Governo do Estado de S\u00e3o Paulo e denominava-se Col\u00e9gio T\u00e9cnico Agr\u00edcola Estadual de Dracena.<\/p>\n<p style=\"text-align: justify;\">A seguir, os diretores da ETEC desde sua funda\u00e7\u00e3o at\u00e9 o presente momento:<\/p>\n<p>1\u00ba<br \/>\nCl\u00e1udio Mura<br \/>\nGraduado em Engenharia Agron\u00f4mica<br \/>\nDe 1971 a 1975<\/p>\n<p>2\u00ba<br \/>\nAylton Cavallini<br \/>\nLicenciado em Ci\u00eancias<br \/>\nDe 1976 a 1976<\/p>\n<p>3\u00ba<br \/>\nArnaldo Registro<br \/>\nLicenciado em Biologia<br \/>\nDe 1977 a 1978<\/p>\n<p>4\u00ba<br \/>\nJayme Gonzaga da Silva<br \/>\nLicenciado em Hist\u00f3ria<br \/>\nDe 1979 a 1980<\/p>\n<p>5\u00ba<br \/>\nNene Coracine Santos<br \/>\nFormada em Pedagogia<br \/>\nDe 1980 a 1981<\/p>\n<p>6\u00ba<br \/>\nAgenor Furio<br \/>\nFormada em Pedagogia<br \/>\nDe 1982 a 1983<\/p>\n<p>7\u00ba<br \/>\nIvani Pereira Coelho<br \/>\nLicenciada em Matem\u00e1tica<br \/>\nDe 1984 a 1985<\/p>\n<p>8\u00ba<br \/>\nArnaldo Registro<br \/>\nLicenciado em Biologia<br \/>\nDe 1986 a 1986<\/p>\n<p>9\u00ba<br \/>\nMaria Helena de Azevedo Pereira<br \/>\nLicenciada em Letras<br \/>\nDe 1987 a 1987<\/p>\n<p>10\u00ba<br \/>\nSergio Roberto Santoro Frutuoso<br \/>\nLicenciado em Educa\u00e7\u00e3o Art\u00edstica<br \/>\nDe 1988 a 1991<\/p>\n<p>11\u00ba<br \/>\nCarmelina Barbosa *<br \/>\nLicenciada em Letras<br \/>\nDe 1992 a 1995<\/p>\n<p>12\u00ba<br \/>\nLeony Carloni Pupo de Menezes<br \/>\nLicenciada em Letras<br \/>\nDe 1995 a 1997<\/p>\n<p>13\u00ba<br \/>\nJos\u00e9 Edno Zanata<br \/>\nFormado em Pedagogia<br \/>\nDe 1998 a 1998<\/p>\n<p>14\u00ba<br \/>\nOzier Esteves de Souza<br \/>\nLicenciado em Letras<br \/>\nDe 1999 a 2003<\/p>\n<p>15\u00ba<br \/>\nIrineu Elias Conca<br \/>\nLicenciado em Letras<br \/>\nDe 2004 a 2004<\/p>\n<p>16\u00ba<br \/>\nPaulo Eduardo Gargantini<br \/>\nGraduado em Engenharia Agron\u00f4mica \/Mestre em Agronomia<br \/>\nDe 2004 a 2012<\/p>\n<p>17\u00ba<br \/>\nJos\u00e9 Geraldo de Souza<br \/>\nGraduado em Engenharia Agron\u00f4mica \/Mestre em Agronomia<br \/>\nDe 2012 a 2021<\/p>\n<p>18\u00ba<br \/>\nM\u00e1rcio Dimas Bini Filho<br \/>\nGraduado em Farm\u00e1cia\/ Licenciado em Qu\u00edmica<br \/>\nDe 2021 a Atual<\/p>\n<p>* ORIGEM DO NOME &#8211; ETEC &#8220;PROFESSORA CARMELINA BARBOSA&#8221;.<\/p>\n<p style=\"text-align: justify;\">\u2022 Em 16 de mar\u00e7o de 1972 o ent\u00e3o governador do Estado de S\u00e3o Paulo Roberto Costa de Abreu Sodr\u00e9, por meio do Decreto n\u00ba 52.553, de 6 de novembro de 1970, vendo a necessidade de profissionais na \u00e1rea da agricultura e da pecu\u00e1ria no Estado e visando o aproveitamento de pr\u00e9dios pertencentes a Secretaria da Educa\u00e7\u00e3o, decide criar Col\u00e9gios T\u00e9cnicos Agr\u00edcolas Estaduais de Segundo Grau, criando um no munic\u00edpio de Dracena\/SP<br \/>\n\u2022 No dia 27 de outubro de 1993, o ent\u00e3o governador Luiz Ant\u00f4nio Fleury, vendo a necessidade de m\u00e3o de obra qualificada e capaz de pensar e decidir, cria o decreto n\u00ba 37.735, transferindo as escolas pertencentes a Divis\u00e3o Estadual de Ensino Tecnol\u00f3gico (DEET) da Secretaria de Ci\u00eancia, Tecnologia e Desenvolvimento Econ\u00f4mico para o Centro Estadual de Educa\u00e7\u00e3o Tecnol\u00f3gica Paula Souza (CEETEPS), pertencendo a ele a Escolas T\u00e9cnica Agr\u00edcola Estadual de Segundo Grau de Dracena.<br \/>\n\u2022 Em 31 de maio de 1994, pelo Decreto n\u00ba 38.703, o governador do Estado Luiz Ant\u00f4nio Fleury, decide alterar as denomina\u00e7\u00f5es referentes ao Decreto n\u00ba 37.735. Alterando o nome da \u201cEscolas T\u00e9cnicas Agr\u00edcolas Estaduais de Segundo Grau de Dracena\u201d para \u201cEscola T\u00e9cnica Agr\u00edcola de Dracena\u201d.<br \/>\n\u2022 Tr\u00eas anos ap\u00f3s o falecimento de Carmelina Barbosa, seu pai o Senhor Jos\u00e9 Barbosa juntamente com o vereador C\u00e9zar Calegari veio ao ent\u00e3o diretor Jos\u00e9 Edno Zanata fazer o pedido para homenagearem sua filha \u201cProfessora Carmelina Barbosa\u201d, devido ela ter falecido vindo de uma viagem de Piracicaba\/SP para uma confraterniza\u00e7\u00e3o que estava havendo na Escola T\u00e9cnica Agr\u00edcola de Dracena. O nome para esta unidade estava indicado para ser \u201cUlisses Guimar\u00e3es\u201d, mas devido o pedido e \u00e0s circunst\u00e2ncias e devido ao fato ter sido recente o nome escolhido e enviado para o Centro Estadual de Educa\u00e7\u00e3o Tecnol\u00f3gica Paula Souza (CEETEPS) foi o da professora.<br \/>\n\u2022 No dia 8 de dezembro de 1999 pelo Decreto n\u00ba 44.300, Mario covas governador do Estado, decide alterar o nome da Escola T\u00e9cnica Agr\u00edcola para \u201cEscola T\u00e9cnica Estadual Professora Carmelina Barbosa\u201d.<br \/>\nCarmelina Jos\u00e9 Barbosa filha de Jos\u00e9 Barbosa e Carmelina S\u00e9rgio de Souza, nasceu em 08 de maio de 1947 em Conchas, interior de S\u00e3o Paulo em uma fam\u00edlia de classe m\u00e9dia. Quando adulta, mudou-se com seus pais para o interior do oeste paulista onde come\u00e7ou a trabalhar e a estudar. No dia 06 de junho de 1968 contraiu-se em matrim\u00f4nio no regime de comunh\u00e3o de bens com F\u00e1bio da Costa Bezerra, qual tiveram dois filhos leg\u00edtimos e uma adotada; eram eles: F\u00e1bio Jos\u00e9 Barbosa Bezerra \u2013 o mais velho, nascido no dia 23 maio de 1969, e Alessandro Barbosa Bezerra \u2013 o mais novo, nascido em 1974 e Fabiane Barbosa Bezerra \u2013 adotada um ano ap\u00f3s seu nascimento em 13 de dezembro de 1983. O casamento n\u00e3o durou por muito tempo, alguns anos ap\u00f3s os dois se separam.<br \/>\nEm 28 de dezembro de 1974 formou-se em pedagogia na Faculdade de Filosofia, Ci\u00eancias e Letras \u201cMinistro Tarso Dutra\u201d na cidade de Dracena; dezesseis anos ap\u00f3s licenciada, no dia 13 de junho de 1992 por indica\u00e7\u00e3o do diretor S\u00e9rgio Roberto Santori Frutuoso, iniciou seus trabalhos na ent\u00e3o \u201cEscola T\u00e9cnica Agr\u00edcola Estadual de Segundo Grau de Dracena\u201d hoje \u201cETEC Professora Carmelina Barbosa\u201d pertencente \u00e0 Divis\u00e3o Estadual de Ensino Tecnol\u00f3gico (DEET), da Secretaria de Ci\u00eancia, Tecnologia e Desenvolvimento Econ\u00f4mico, como auxiliar de dire\u00e7\u00e3o (vice-diretora) na qual ficou por um per\u00edodo de dois anos. No dia 27 de outubro de 1993 o ent\u00e3o governador do Estado de S\u00e3o Paulo Luiz Ant\u00f4nio Fleury Filho, constatando uma grande falta de profissionais capacitados em novas categorias profissionais, imp\u00f5e a necessidade de m\u00e3o-de-obra capaz de compreender, questionar e decidi criar o decreto n\u00famero 37.735. Este decreto definiu que a partir de 1 de janeiro de 1994 as Escolas T\u00e9cnicas Estaduais fossem administradas pelo Centro Estadual de Educa\u00e7\u00e3o Tecnol\u00f3gica Paula Souza (CEETPS), e que a Divis\u00e3o Estadual de Ensino Tecnol\u00f3gico (DEET) da Secretaria de Ci\u00eancia, Tecnologia e Desenvolvimento Econ\u00f4mico fosse extinta, transferindo professores e diretores para o CEETEPS. Como requerido no Artigo 6\u00ba, Carmelina Barbosa entrega por escrito o seu pedido de afastamento junto ao CEETEPS por 15 dias para o Secret\u00e1rio da Educa\u00e7\u00e3o Carlos Estevam Aldo Martins. Este afastamento n\u00e3o traria nenhum preju\u00edzo dos direitos e vantagens j\u00e1 adquiridas, mas isto seria tempor\u00e1rio.<br \/>\nConforme o mesmo Artigo no inciso 3\u00ba este afastamento n\u00e3o importaria em hip\u00f3tese alguma na inclus\u00e3o no quadro de funcion\u00e1rios do CEETEPS. Para sua perman\u00eancia na Institui\u00e7\u00e3o, professores fizeram uma prova que para os diretores da ent\u00e3o DEET n\u00e3o foi necess\u00e1ria. Devido Carmelina ter entrado na ETE pela indica\u00e7\u00e3o do diretor S\u00e9rgio Roberto como vice-diretora, n\u00e3o foi necess\u00e1rio que ela realizasse esta prova. No final do ano letivo o professor S\u00e9rgio Roberto largou suas fun\u00e7\u00f5es como diretor da unidade voltando para a \u00e1rea da educa\u00e7\u00e3o, fazendo com que no dia 1 de janeiro de 1994 Carmelina Barbosa, assinasse seu contrato de trabalho com o CEETEPS como Diretor Pr\u00f3-tempore, com tempo determinado.<br \/>\nDurante seu curto per\u00edodo como diretora, Carmelina Barbosa criou muitos afetos entre alunos; construiu uma escadaria ao lado do atual \u201carquivo morto\u201d da escola, tendo seus trabalhos voltado mais para a quest\u00e3o pedag\u00f3gica de seus alunos.<br \/>\nNo dia 10 de junho de 1995 pela manh\u00e3 ao voltar de uma festa de casamento que ocorreu na cidade de Piracicaba\/SP com sua filha Fabiane, seu filho Alessandro e sua nora, para uma confraterniza\u00e7\u00e3o que estava ocorrendo na ETEC, Carmelina por um momento adormeceu ao volante entrando na contram\u00e3o, colidiu de frente com uma carreta pr\u00f3ximo ao trevo da cidade de Fl\u00f3rida Paulista\/SP. Devido \u00e0 gravidade do acidente Carmelina teve traumatismo craniano, morrendo no pr\u00f3prio local do acidente. Sua filha Fabiane foi internada \u00e0s pressas na Santa Casa de Adamantina, onde ficou por 2 dias em coma neurol\u00f3gico, n\u00e3o resistindo faleceu de traumatismo craniano encef\u00e1lico. Sua nora tamb\u00e9m n\u00e3o resistiu, restando apenas seu filho com apenas escoria\u00e7\u00f5es pelo corpo e um corte em sua perna. No dia 14 de setembro de 1995 na p\u00e1gina 72, se\u00e7\u00e3o II, foi publicado o termo de rescis\u00e3o contratual de Carmelina Barbosa devido seu falecimento. Entrando em seu lugar a professora de gram\u00e1tica e produ\u00e7\u00e3o de texto Cleony Carloni Pupo de Menezes.<br \/>\nBiografia produzida pela professora de Hist\u00f3ria Simone Aparecida de Campos Scarpini e Ermes Rodrigues de Almeida Neto, 3\u00ba Etim Qu\u00edmica, como atividade do projeto Biblioteca Ativa Nossa Etec.<\/p>\n<p style=\"text-align: justify;\">A ESCOLA<\/p>\n<p style=\"text-align: justify;\">A unidade ocupa uma \u00e1rea de 67,2 hectares, contando com instala\u00e7\u00f5es para o desenvolvimento de atividades agropecu\u00e1rias, tais como: bovinocultura, ovinocultura, suinocultura, avicultura de corte e postura, cunicultura, olericultura, cafeicultura, heveicultura, fruticultura, culturas anuais e outras que servem de ambiente para aulas pr\u00e1ticas e para realiza\u00e7\u00e3o de est\u00e1gios. Toda a produ\u00e7\u00e3o destes ambientes \u00e9 gerenciada pela Cooperativa-escola mantida pelos alunos. A produ\u00e7\u00e3o \u00e9 destinada para a comercializa\u00e7\u00e3o na pr\u00f3pria unidade escolar para a empresa terceirizada no setor de alimenta\u00e7\u00e3o. O excedente \u00e9 comercializado e isso gera recursos para a manuten\u00e7\u00e3o e desenvolvimento de outras atividades. Atualmente a unidade conta com dez salas de aula, quatro laborat\u00f3rios de Inform\u00e1tica com aproximadamente 20 computadores em cada laborat\u00f3rio, sala de leitura\/estudo com pequeno acervo, dois laborat\u00f3rios de Qu\u00edmica, Enfermagem, Zootecnia, Processamento de Carne e Processamento de Leite. Conta ainda com uma sala de v\u00eddeo\/TV, quadra de esportes, quadra de v\u00f4lei de areia, campo de futebol. Para o desenvolvimento de atividades culturais a escola possui o espa\u00e7o do anfiteatro ao ar livre para aproximadamente duzentas pessoas. Na sala de leitura\/estudo existem 05 (Cinco computadores) conectados \u00e0 Internet para uso dos alunos na realiza\u00e7\u00e3o de trabalhos de pesquisas. A escola conta ainda com alojamentos, refeit\u00f3rio e cozinha industrial para o atendimento dos alunos residentes.<\/p>\n<p style=\"text-align: justify;\">No in\u00edcio das atividades da escola, dois cursos eram oferecidos aos jovens: MONITOR AGROPECU\u00c1RIO, que correspondia ao 1\u00ba. Grau e era composto por cinco semestres e o curso T\u00c9CNICO EM AGROPECU\u00c1RIA. A escola desde sua forma\u00e7\u00e3o tem anualmente formado t\u00e9cnicos para atuar no mercado da \u00e1rea agropecu\u00e1ria, sendo que a primeira turma a se formar foi no ano de 1975, ocasi\u00e3o em que se formaram 50 t\u00e9cnicos agr\u00edcolas. Seu primeiro diretor foi o Sr. Cl\u00e1udio Mura. O atual diretor da unidade \u00e9 o Farmac\u00eautico M\u00e1rcio Dimas Bini Filho. A escola j\u00e1 recebeu alunos das mais diferentes partes do Brasil: Mato Grosso do Sul, Mato Grosso, Paran\u00e1, Rond\u00f4nia, Par\u00e1, Goi\u00e1s e de S\u00e3o Paulo. Existe uma grande porcentagem de alunos dos cursos da \u00e1rea agropecu\u00e1ria e qu\u00edmica que residem na pr\u00f3pria escola. A Etec possui 20 apartamentos gerenciados pela cooperativa escola. A grande maioria dos alunos que frequentam apenas um curso t\u00e9cnico, normalmente no per\u00edodo noturno, s\u00e3o de cidades circunvizinhas, tais como: Dracena, Tupi Paulista, Santa Mercedes, Nova Guataporanga, Panorama, Paulic\u00e9ia, Brasil\u00e2ndia, Junqueir\u00f3polis, Irapuru, Pacaembu e Ouro Verde.<\/p>\n<p style=\"text-align: justify;\">No ano de 2009 iniciou-se o curso de T\u00e9cnico de Qu\u00edmica na classe descentralizada no munic\u00edpio de Santa Mercedes. Em julho de 2014 teve in\u00edcio uma classe de expans\u00e3o II no munic\u00edpio de Dracena na E.E. Alfredo Machado com o curso de T\u00e9cnico em Administra\u00e7\u00e3o que em 2020 mudou-se para a EE Eng\u00b0 Isac Pereira Garcez. No segundo semestre de 2016 deu-se in\u00edcio ao curso de T\u00e9cnico em Alimentos na escola sede ETEC e no 2\u00ba Semestre de 2018 iniciou-se uma classe descentralizada na Penitenci\u00e1ria Feminina de Tupi Paulista com o curso T\u00e9cnico em Administra\u00e7\u00e3o como um projeto piloto, sendo um trabalho in\u00e9dito oferecendo as pessoas privadas de liberdade um curso de n\u00edvel t\u00e9cnico atrativo e din\u00e2mico, proporcionando novas oportunidades e permitindo a ressocializa\u00e7\u00e3o.<\/p>\n<p style=\"text-align: justify;\">No Ano de 2020 iniciou-se o curso de T\u00e9cnico em Log\u00edstica em parceria com a prefeitura Municipal de Panorama; no mesmo ano o CPS iniciou junto ao ENSINO M\u00c9DIO COM HABILITA\u00c7\u00c3O PROFISSIONAL (PARCERIA COM A SECRETARIA DA EDUCA\u00c7\u00c3O DO ESTADO DE S\u00c3O PAULO) \u2013 PEI 9, na modalidade H\u00edbrida junto a escola Estadual Eng\u00b0 Isac Pereira Garcez, com habilita\u00e7\u00e3o profissional em T\u00e9cnico em Inform\u00e1tica, em ato continuo no ano de 2021 a parceria estendeu-se para a habilita\u00e7\u00e3o em T\u00e9cnico em Administra\u00e7\u00e3o e T\u00e9cnico em Inform\u00e1tica junto a escola Estadual Alfredo Machado.<\/p>\n<p style=\"text-align: justify;\">No 2\u00baSemestre de 2022 foi implantado na Etec Sede o Curso T\u00e9cnico em Farm\u00e1cia, na modalidade Modular no per\u00edodo noturno com dura\u00e7\u00e3o de 1 ano e meio.<\/p>\n<p>Fonte: Dire\u00e7\u00e3o ETEC<\/p>\n","protected":false},"excerpt":{"rendered":"<p>ETEC \u201cPROF\u00aa. CARMELINA BARBOSA\u201d &#8211; UNIDADE 052 \u2013 DRACENA \u2013 SPE. A escola est\u00e1 situada no km. 653 da Rodovia \u201cComandante Jo\u00e3o Ribeiro de Barros\u201d, no Bairro das Antas, munic\u00edpio de Dracena, cidade localizada na regi\u00e3o Oeste do Estado de S\u00e3o Paulo, que possui aproximadamente 45.000 habitantes, distante cerca de 07 (sete) quil\u00f4metros do centro [&hellip;]<\/p>\n","protected":false},"author":1,"featured_media":70893,"comment_status":"closed","ping_status":"open","sticky":false,"template":"","format":"standard","meta":{"footnotes":""},"categories":[110,122],"tags":[],"class_list":["post-70892","post","type-post","status-publish","format-standard","has-post-thumbnail","hentry","category-noticiasdestaque","category-saudeeducacaoeconcurso"],"_links":{"self":[{"href":"https:\/\/jorgezanoni.com.br\/2019\/wp-json\/wp\/v2\/posts\/70892","targetHints":{"allow":["GET"]}}],"collection":[{"href":"https:\/\/jorgezanoni.com.br\/2019\/wp-json\/wp\/v2\/posts"}],"about":[{"href":"https:\/\/jorgezanoni.com.br\/2019\/wp-json\/wp\/v2\/types\/post"}],"author":[{"embeddable":true,"href":"https:\/\/jorgezanoni.com.br\/2019\/wp-json\/wp\/v2\/users\/1"}],"replies":[{"embeddable":true,"href":"https:\/\/jorgezanoni.com.br\/2019\/wp-json\/wp\/v2\/comments?post=70892"}],"version-history":[{"count":1,"href":"https:\/\/jorgezanoni.com.br\/2019\/wp-json\/wp\/v2\/posts\/70892\/revisions"}],"predecessor-version":[{"id":70894,"href":"https:\/\/jorgezanoni.com.br\/2019\/wp-json\/wp\/v2\/posts\/70892\/revisions\/70894"}],"wp:featuredmedia":[{"embeddable":true,"href":"https:\/\/jorgezanoni.com.br\/2019\/wp-json\/wp\/v2\/media\/70893"}],"wp:attachment":[{"href":"https:\/\/jorgezanoni.com.br\/2019\/wp-json\/wp\/v2\/media?parent=70892"}],"wp:term":[{"taxonomy":"category","embeddable":true,"href":"https:\/\/jorgezanoni.com.br\/2019\/wp-json\/wp\/v2\/categories?post=70892"},{"taxonomy":"post_tag","embeddable":true,"href":"https:\/\/jorgezanoni.com.br\/2019\/wp-json\/wp\/v2\/tags?post=70892"}],"curies":[{"name":"wp","href":"https:\/\/api.w.org\/{rel}","templated":true}]}}