{"id":7086,"date":"2019-09-23T23:40:09","date_gmt":"2019-09-23T23:40:09","guid":{"rendered":"https:\/\/jorgezanoni.com.br\/2019\/?p=7086"},"modified":"2019-09-24T00:00:31","modified_gmt":"2019-09-24T00:00:31","slug":"ailton-gomes-da-silva-e-a-vitima-fatal-do-acidente-de-hoje-na-sp-294-proximo-a-pacaembu","status":"publish","type":"post","link":"https:\/\/jorgezanoni.com.br\/2019\/ailton-gomes-da-silva-e-a-vitima-fatal-do-acidente-de-hoje-na-sp-294-proximo-a-pacaembu\/","title":{"rendered":"Ailton Gomes da Silva \u00e9 a v\u00edtima fatal do acidente de hoje na SP-294 pr\u00f3ximo a Pacaembu"},"content":{"rendered":"<p style=\"text-align: justify;\">A\u00edlton Gomes da Silva de 47 anos, \u00e9 a v\u00edtima fatal do acidente ocorrido no in\u00edcio da tarde de hoje na rodovia Cmte. Jo\u00e3o Ribeiro de Barros, SP-294. Era funcion\u00e1rio de uma empresa que vende produtos para Supermercados.<\/p>\n<p style=\"text-align: justify;\">Ele dirigia um ve\u00edculo Fiat P\u00e1lio placas de Dracena e teria invadido a pista contr\u00e1ria batendo no eixo traseiro de um caminh\u00e3o placas de Fl\u00f3rida Paulista que fazia o sentido contr\u00e1rio. Ainda n\u00e3o se sabe as causas do acidente.<\/p>\n<p style=\"text-align: justify;\">Era morador da rua das Dracenas no jardim das Palmeiras I em Dracena, casado e deixa dois filhos.<\/p>\n<p style=\"text-align: justify;\">O Vel\u00f3rio e Sepultamento ser\u00e1 na cidade de Ouro Verde onde tem familiares.<\/p>\n<p style=\"text-align: justify;\">Fonte: Vida Prev<\/p>\n","protected":false},"excerpt":{"rendered":"<p>A\u00edlton Gomes da Silva de 47 anos, \u00e9 a v\u00edtima fatal do acidente ocorrido no in\u00edcio da tarde de hoje na rodovia Cmte. Jo\u00e3o Ribeiro de Barros, SP-294. Era funcion\u00e1rio de uma empresa que vende produtos para Supermercados. Ele dirigia um ve\u00edculo Fiat P\u00e1lio placas de Dracena e teria invadido a pista contr\u00e1ria batendo no [&hellip;]<\/p>\n","protected":false},"author":1,"featured_media":7087,"comment_status":"closed","ping_status":"open","sticky":false,"template":"","format":"standard","meta":{"footnotes":""},"categories":[170,110],"tags":[],"class_list":["post-7086","post","type-post","status-publish","format-standard","has-post-thumbnail","hentry","category-acidentes","category-noticiasdestaque"],"_links":{"self":[{"href":"https:\/\/jorgezanoni.com.br\/2019\/wp-json\/wp\/v2\/posts\/7086","targetHints":{"allow":["GET"]}}],"collection":[{"href":"https:\/\/jorgezanoni.com.br\/2019\/wp-json\/wp\/v2\/posts"}],"about":[{"href":"https:\/\/jorgezanoni.com.br\/2019\/wp-json\/wp\/v2\/types\/post"}],"author":[{"embeddable":true,"href":"https:\/\/jorgezanoni.com.br\/2019\/wp-json\/wp\/v2\/users\/1"}],"replies":[{"embeddable":true,"href":"https:\/\/jorgezanoni.com.br\/2019\/wp-json\/wp\/v2\/comments?post=7086"}],"version-history":[{"count":0,"href":"https:\/\/jorgezanoni.com.br\/2019\/wp-json\/wp\/v2\/posts\/7086\/revisions"}],"wp:featuredmedia":[{"embeddable":true,"href":"https:\/\/jorgezanoni.com.br\/2019\/wp-json\/wp\/v2\/media\/7087"}],"wp:attachment":[{"href":"https:\/\/jorgezanoni.com.br\/2019\/wp-json\/wp\/v2\/media?parent=7086"}],"wp:term":[{"taxonomy":"category","embeddable":true,"href":"https:\/\/jorgezanoni.com.br\/2019\/wp-json\/wp\/v2\/categories?post=7086"},{"taxonomy":"post_tag","embeddable":true,"href":"https:\/\/jorgezanoni.com.br\/2019\/wp-json\/wp\/v2\/tags?post=7086"}],"curies":[{"name":"wp","href":"https:\/\/api.w.org\/{rel}","templated":true}]}}