{"id":70785,"date":"2022-11-06T13:34:34","date_gmt":"2022-11-06T13:34:34","guid":{"rendered":"https:\/\/jorgezanoni.com.br\/2019\/?p=70785"},"modified":"2022-11-06T13:34:34","modified_gmt":"2022-11-06T13:34:34","slug":"morre-vanderli-dinardi-monteiro-esposa-do-jaime","status":"publish","type":"post","link":"https:\/\/jorgezanoni.com.br\/2019\/morre-vanderli-dinardi-monteiro-esposa-do-jaime\/","title":{"rendered":"Morre Vanderl\u00ed Dinardi Monteiro, esposa do Jaime"},"content":{"rendered":"<div class=\"xdj266r x11i5rnm xat24cr x1mh8g0r x1vvkbs x126k92a\">\n<div dir=\"auto\" style=\"text-align: justify;\">Comunicamos com pesar o falecimento da senhora Vanderl\u00ed Dinardi Monteiro de 63 anos, esposa do Jaime Monteiro dos Santos. Ela lutava contra um c\u00e2ncer e n\u00e3o resistiu. Faleceu em Ja\u00fa.<\/div>\n<\/div>\n<div dir=\"auto\" style=\"text-align: justify;\"><\/div>\n<div dir=\"auto\" style=\"text-align: justify;\">Deixa o esposo Jaime, filha V\u00e2nia, genro e neta. Perdeu a m\u00e3e e dois filhos durante a pandemia de Covid.<\/div>\n<div dir=\"auto\" style=\"text-align: justify;\"><\/div>\n<div dir=\"auto\" style=\"text-align: justify;\">Era moradora da Rua Bahia no Bairro Metr\u00f3pole em Dracena.<\/div>\n<div dir=\"auto\" style=\"text-align: justify;\"><\/div>\n<div dir=\"auto\" style=\"text-align: justify;\">O Vel\u00f3rio acontecer\u00e1 na sala 3 do Memorial Vida Prev a partir das 12:00 Horas e o Sepultamento ser\u00e1 as 16:00 Horas no Cemit\u00e9rio Municipal de Dracena.<\/div>\n<div dir=\"auto\" style=\"text-align: justify;\"><\/div>\n<div dir=\"auto\" style=\"text-align: justify;\">O Site JZ se solidariza com o amigo Jaime, demais familiares e amigos neste dif\u00edcil momento.<\/div>\n<div dir=\"auto\" style=\"text-align: justify;\"><\/div>\n<div dir=\"auto\" style=\"text-align: justify;\">Jorge Zanoni<\/div>\n<div dir=\"auto\"><\/div>\n<div dir=\"auto\"><img loading=\"lazy\" decoding=\"async\" class=\"alignnone size-full wp-image-70786\" src=\"https:\/\/jorgezanoni.com.br\/2019\/wp-content\/uploads\/2022\/11\/Vanderli-1.jpg\" alt=\"\" width=\"540\" height=\"540\" srcset=\"https:\/\/jorgezanoni.com.br\/2019\/wp-content\/uploads\/2022\/11\/Vanderli-1.jpg 540w, https:\/\/jorgezanoni.com.br\/2019\/wp-content\/uploads\/2022\/11\/Vanderli-1-300x300.jpg 300w, https:\/\/jorgezanoni.com.br\/2019\/wp-content\/uploads\/2022\/11\/Vanderli-1-150x150.jpg 150w, https:\/\/jorgezanoni.com.br\/2019\/wp-content\/uploads\/2022\/11\/Vanderli-1-420x420.jpg 420w\" sizes=\"auto, (max-width: 540px) 100vw, 540px\" \/><\/div>\n<div dir=\"auto\"><\/div>\n<div dir=\"auto\"><\/div>\n<div class=\"xdj266r x11i5rnm xat24cr x1mh8g0r x1vvkbs x126k92a\"><\/div>\n<div class=\"x11i5rnm xat24cr x1mh8g0r x1vvkbs xtlvy1s x126k92a\">\n<div dir=\"auto\"><\/div>\n<\/div>\n","protected":false},"excerpt":{"rendered":"<p>Comunicamos com pesar o falecimento da senhora Vanderl\u00ed Dinardi Monteiro de 63 anos, esposa do Jaime Monteiro dos Santos. Ela lutava contra um c\u00e2ncer e n\u00e3o resistiu. Faleceu em Ja\u00fa. Deixa o esposo Jaime, filha V\u00e2nia, genro e neta. Perdeu a m\u00e3e e dois filhos durante a pandemia de Covid. Era moradora da Rua Bahia [&hellip;]<\/p>\n","protected":false},"author":1,"featured_media":70787,"comment_status":"closed","ping_status":"open","sticky":false,"template":"","format":"standard","meta":{"footnotes":""},"categories":[178,110],"tags":[],"class_list":["post-70785","post","type-post","status-publish","format-standard","has-post-thumbnail","hentry","category-notadefalecimento","category-noticiasdestaque"],"_links":{"self":[{"href":"https:\/\/jorgezanoni.com.br\/2019\/wp-json\/wp\/v2\/posts\/70785","targetHints":{"allow":["GET"]}}],"collection":[{"href":"https:\/\/jorgezanoni.com.br\/2019\/wp-json\/wp\/v2\/posts"}],"about":[{"href":"https:\/\/jorgezanoni.com.br\/2019\/wp-json\/wp\/v2\/types\/post"}],"author":[{"embeddable":true,"href":"https:\/\/jorgezanoni.com.br\/2019\/wp-json\/wp\/v2\/users\/1"}],"replies":[{"embeddable":true,"href":"https:\/\/jorgezanoni.com.br\/2019\/wp-json\/wp\/v2\/comments?post=70785"}],"version-history":[{"count":1,"href":"https:\/\/jorgezanoni.com.br\/2019\/wp-json\/wp\/v2\/posts\/70785\/revisions"}],"predecessor-version":[{"id":70788,"href":"https:\/\/jorgezanoni.com.br\/2019\/wp-json\/wp\/v2\/posts\/70785\/revisions\/70788"}],"wp:featuredmedia":[{"embeddable":true,"href":"https:\/\/jorgezanoni.com.br\/2019\/wp-json\/wp\/v2\/media\/70787"}],"wp:attachment":[{"href":"https:\/\/jorgezanoni.com.br\/2019\/wp-json\/wp\/v2\/media?parent=70785"}],"wp:term":[{"taxonomy":"category","embeddable":true,"href":"https:\/\/jorgezanoni.com.br\/2019\/wp-json\/wp\/v2\/categories?post=70785"},{"taxonomy":"post_tag","embeddable":true,"href":"https:\/\/jorgezanoni.com.br\/2019\/wp-json\/wp\/v2\/tags?post=70785"}],"curies":[{"name":"wp","href":"https:\/\/api.w.org\/{rel}","templated":true}]}}