{"id":7077,"date":"2019-09-23T17:12:04","date_gmt":"2019-09-23T17:12:04","guid":{"rendered":"https:\/\/jorgezanoni.com.br\/2019\/?p=7077"},"modified":"2019-09-23T17:12:04","modified_gmt":"2019-09-23T17:12:04","slug":"video-mostra-acidente-que-deixou-tres-mortos-na-castello-branco-policia-investiga-se-motorista-participava-de-racha","status":"publish","type":"post","link":"https:\/\/jorgezanoni.com.br\/2019\/video-mostra-acidente-que-deixou-tres-mortos-na-castello-branco-policia-investiga-se-motorista-participava-de-racha\/","title":{"rendered":"V\u00eddeo mostra acidente que deixou tr\u00eas mortos na Castello Branco; pol\u00edcia investiga se motorista participava de racha"},"content":{"rendered":"<div class=\"row content-head non-featured \">\n<div class=\"medium-centered subtitle\">\n<h2 class=\"content-head__subtitle\" style=\"text-align: justify;\"><strong>Motorista perdeu controle do ve\u00edculo, atravessou canteiro central e colidiu em outros tr\u00eas carros no sentido contr\u00e1rio neste domingo (22).<\/strong><\/h2>\n<div class=\"mc-column content-text active-extra-styles \" style=\"text-align: justify;\" data-block-type=\"unstyled\" data-block-weight=\"51\" data-block-id=\"2\">\n<p class=\"content-text__container \" data-track-category=\"Link no Texto\" data-track-links=\"\">Um v\u00eddeo mostra as imagens do acidente que deixou tr\u00eas pessoas mortas e cinco feridas na manh\u00e3 deste domingo (22), na Rodovia Castello Branco, em Santana do Parna\u00edba, na Grande S\u00e3o Paulo. A pol\u00edcia investiga se o motorista que\u00a0<a href=\"https:\/\/g1.globo.com\/sp\/sao-paulo\/noticia\/2019\/09\/22\/acidente-deixou-tres-mortos-na-rodovia-castello-branco-em-santana-do-parnaiba.ghtml\">perdeu o controle de um ve\u00edculo\u00a0<\/a>estava participando de um racha.<\/p>\n<\/div>\n<div class=\"wall protected-content\">\n<div class=\"mc-column content-text active-extra-styles \" style=\"text-align: justify;\" data-block-type=\"unstyled\" data-block-weight=\"76\" data-block-id=\"3\">\n<p class=\"content-text__container \" data-track-category=\"Link no Texto\" data-track-links=\"\">De acordo com as imagens de uma c\u00e2mera de seguran\u00e7a da CCR ViaOeste, concession\u00e1ria que administra a rodovia, \u00e9 poss\u00edvel ver que um Mitsubishi Lancer, que trafegava no sentido interior, vindo em alta velocidade quando o motorista perde o controle do ve\u00edculo, atravessa o canteiro central da rodovia e atinge de frente um Space Fox que vinha no sentido capital. Na sequ\u00eancia, ele atinge mais dois ve\u00edculos: um Hyundai i 30 e um Honda Civic.<\/p>\n<\/div>\n<div class=\"mc-column content-text active-extra-styles \" style=\"text-align: justify;\" data-block-type=\"unstyled\" data-block-weight=\"19\" data-block-id=\"4\">\n<p class=\"content-text__container \" data-track-category=\"Link no Texto\" data-track-links=\"\">O motorista do Mitsubishi Lancer e duas pessoas que estavam no Space Fox morreram no local do acidente.<\/p>\n<\/div>\n<div class=\"mc-column content-text active-extra-styles \" style=\"text-align: justify;\" data-block-type=\"unstyled\" data-block-weight=\"34\" data-block-id=\"5\">\n<p class=\"content-text__container \" data-track-category=\"Link no Texto\" data-track-links=\"\">Outros dois ve\u00edculos aparecem no v\u00eddeo pr\u00f3ximos ao carro que era dirigido pelo motorista que provocou o acidente e, segundo a pol\u00edcia, eles poderiam estar participando do racha junto com o Mitsubishi.<\/p>\n<\/div>\n<div class=\"mc-column content-text active-extra-styles \" data-block-type=\"unstyled\" data-block-weight=\"16\" data-block-id=\"6\">\n<p class=\"content-text__container \" style=\"text-align: justify;\" data-track-category=\"Link no Texto\" data-track-links=\"\">O caso foi registrado como homic\u00eddio culposo e les\u00e3o corporal culposa na dire\u00e7\u00e3o de ve\u00edculo automotor.<\/p>\n<div class=\"mc-column content-text active-extra-styles\" style=\"text-align: justify;\" data-block-type=\"raw\" data-block-weight=\"1\" data-block-id=\"9\">\n<div class=\"content-intertitle\">\n<h2>V\u00edtimas<\/h2>\n<\/div>\n<\/div>\n<div class=\"mc-column content-text active-extra-styles \" data-block-type=\"unstyled\" data-block-weight=\"37\" data-block-id=\"10\">\n<p class=\"content-text__container \" style=\"text-align: justify;\" data-track-category=\"Link no Texto\" data-track-links=\"\">Dois feridos est\u00e3o internados no Hospital Regional de Osasco. Segundo informa\u00e7\u00f5es do hospital, um homem de 30 anos teve uma fratura na perna e uma mulher de 19 anos teve traumatismo craniano. N\u00e3o h\u00e1 previs\u00e3o de alta.<\/p>\n<p data-track-category=\"Link no Texto\" data-track-links=\"\"><img loading=\"lazy\" decoding=\"async\" class=\"alignnone size-full wp-image-7078\" src=\"https:\/\/jorgezanoni.com.br\/2019\/wp-content\/uploads\/2019\/09\/castello1.jpg\" alt=\"\" width=\"1000\" height=\"563\" srcset=\"https:\/\/jorgezanoni.com.br\/2019\/wp-content\/uploads\/2019\/09\/castello1.jpg 1000w, https:\/\/jorgezanoni.com.br\/2019\/wp-content\/uploads\/2019\/09\/castello1-300x169.jpg 300w, https:\/\/jorgezanoni.com.br\/2019\/wp-content\/uploads\/2019\/09\/castello1-768x432.jpg 768w, https:\/\/jorgezanoni.com.br\/2019\/wp-content\/uploads\/2019\/09\/castello1-696x392.jpg 696w, https:\/\/jorgezanoni.com.br\/2019\/wp-content\/uploads\/2019\/09\/castello1-746x420.jpg 746w\" sizes=\"auto, (max-width: 1000px) 100vw, 1000px\" \/><\/p>\n<div class=\"row medium-uncollapsed content-media content-photo\" data-block-type=\"backstage-photo\" data-block-id=\"11\">\n<div class=\"mc-column content-media__container\">\n<p class=\"content-media__description \" style=\"text-align: justify;\">Um dos 4 carros envolvidos no acidente que deixou 3 mortos na Castello Branco nesse domingo (22) \u2014 Foto: Reprodu\u00e7\u00e3o\/TV Globo<\/p>\n<\/div>\n<\/div>\n<div class=\"mc-column content-text active-extra-styles\" style=\"text-align: justify;\" data-block-type=\"raw\" data-block-weight=\"1\" data-block-id=\"12\">\n<div class=\"content-intertitle\">\n<h2>Acidente<\/h2>\n<\/div>\n<\/div>\n<div class=\"mc-column content-text active-extra-styles \" style=\"text-align: justify;\" data-block-type=\"unstyled\" data-block-weight=\"35\" data-block-id=\"13\">\n<p class=\"content-text__container \" data-track-category=\"Link no Texto\" data-track-links=\"\">O acidente ocorreu na altura do km 40 da rodovia por volta das 10h. Por volta das 11h, a rodovia tinha 5 km de congestionamento no sentido S\u00e3o Paulo. Uma faixa da rodovia estava interditada.<\/p>\n<\/div>\n<div class=\"mc-column content-text active-extra-styles \" data-block-type=\"unstyled\" data-block-weight=\"38\" data-block-id=\"14\">\n<p class=\"content-text__container \" style=\"text-align: justify;\" data-track-category=\"Link no Texto\" data-track-links=\"\">O motorista do ve\u00edculo que perdeu o controle tem 27 anos e \u00e9 um dos mortos. Os outros dois, um jovem de 20 anos e uma mulher de 18, estavam no Space Fox que foi atingido de frente.<\/p>\n<p style=\"text-align: justify;\" data-track-category=\"Link no Texto\" data-track-links=\"\"><img loading=\"lazy\" decoding=\"async\" class=\"alignnone size-full wp-image-7079\" src=\"https:\/\/jorgezanoni.com.br\/2019\/wp-content\/uploads\/2019\/09\/castello2.jpg\" alt=\"\" width=\"1000\" height=\"563\" srcset=\"https:\/\/jorgezanoni.com.br\/2019\/wp-content\/uploads\/2019\/09\/castello2.jpg 1000w, https:\/\/jorgezanoni.com.br\/2019\/wp-content\/uploads\/2019\/09\/castello2-300x169.jpg 300w, https:\/\/jorgezanoni.com.br\/2019\/wp-content\/uploads\/2019\/09\/castello2-768x432.jpg 768w, https:\/\/jorgezanoni.com.br\/2019\/wp-content\/uploads\/2019\/09\/castello2-696x392.jpg 696w, https:\/\/jorgezanoni.com.br\/2019\/wp-content\/uploads\/2019\/09\/castello2-746x420.jpg 746w\" sizes=\"auto, (max-width: 1000px) 100vw, 1000px\" \/>Um dos 4 carros envolvidos no acidente que deixou 3 mortos na Castello Branco nesse domingo (22) \u2014 Foto: Reprodu\u00e7\u00e3o\/TV Globo<\/p>\n<p style=\"text-align: justify;\" data-track-category=\"Link no Texto\" data-track-links=\"\">Fonte: https:\/\/g1.globo.com\/sp\/sao-paulo\/noticia\/2019\/09\/23\/video-mostra-acidente-que-deixou-tres-mortos-na-castello-branco-policia-investiga-se-motorista-participava-de-racha.ghtml<\/p>\n<\/div>\n<\/div>\n<\/div>\n<\/div>\n<\/div>\n<\/div>\n<div class=\"content__signa-share\">\n<div class=\"content__signature\">\n<div class=\"content-publication-data\">\n<div class=\"content-publication-data__text\"><\/div>\n<\/div>\n<\/div>\n<\/div>\n","protected":false},"excerpt":{"rendered":"<p>Motorista perdeu controle do ve\u00edculo, atravessou canteiro central e colidiu em outros tr\u00eas carros no sentido contr\u00e1rio neste domingo (22). Um v\u00eddeo mostra as imagens do acidente que deixou tr\u00eas pessoas mortas e cinco feridas na manh\u00e3 deste domingo (22), na Rodovia Castello Branco, em Santana do Parna\u00edba, na Grande S\u00e3o Paulo. A pol\u00edcia investiga [&hellip;]<\/p>\n","protected":false},"author":1,"featured_media":7080,"comment_status":"closed","ping_status":"open","sticky":false,"template":"","format":"standard","meta":{"footnotes":""},"categories":[170,110],"tags":[],"class_list":["post-7077","post","type-post","status-publish","format-standard","has-post-thumbnail","hentry","category-acidentes","category-noticiasdestaque"],"_links":{"self":[{"href":"https:\/\/jorgezanoni.com.br\/2019\/wp-json\/wp\/v2\/posts\/7077","targetHints":{"allow":["GET"]}}],"collection":[{"href":"https:\/\/jorgezanoni.com.br\/2019\/wp-json\/wp\/v2\/posts"}],"about":[{"href":"https:\/\/jorgezanoni.com.br\/2019\/wp-json\/wp\/v2\/types\/post"}],"author":[{"embeddable":true,"href":"https:\/\/jorgezanoni.com.br\/2019\/wp-json\/wp\/v2\/users\/1"}],"replies":[{"embeddable":true,"href":"https:\/\/jorgezanoni.com.br\/2019\/wp-json\/wp\/v2\/comments?post=7077"}],"version-history":[{"count":0,"href":"https:\/\/jorgezanoni.com.br\/2019\/wp-json\/wp\/v2\/posts\/7077\/revisions"}],"wp:featuredmedia":[{"embeddable":true,"href":"https:\/\/jorgezanoni.com.br\/2019\/wp-json\/wp\/v2\/media\/7080"}],"wp:attachment":[{"href":"https:\/\/jorgezanoni.com.br\/2019\/wp-json\/wp\/v2\/media?parent=7077"}],"wp:term":[{"taxonomy":"category","embeddable":true,"href":"https:\/\/jorgezanoni.com.br\/2019\/wp-json\/wp\/v2\/categories?post=7077"},{"taxonomy":"post_tag","embeddable":true,"href":"https:\/\/jorgezanoni.com.br\/2019\/wp-json\/wp\/v2\/tags?post=7077"}],"curies":[{"name":"wp","href":"https:\/\/api.w.org\/{rel}","templated":true}]}}