{"id":70727,"date":"2022-11-04T01:17:27","date_gmt":"2022-11-04T01:17:27","guid":{"rendered":"https:\/\/jorgezanoni.com.br\/2019\/?p=70727"},"modified":"2022-11-04T01:17:27","modified_gmt":"2022-11-04T01:17:27","slug":"tabernaculo-o-brasil-para-cristo-comemora-61-de-atividades-em-dracena","status":"publish","type":"post","link":"https:\/\/jorgezanoni.com.br\/2019\/tabernaculo-o-brasil-para-cristo-comemora-61-de-atividades-em-dracena\/","title":{"rendered":"Tabern\u00e1culo o Brasil para Cristo comemora 61 de atividades em Dracena"},"content":{"rendered":"<p style=\"text-align: justify;\"><strong>Neste pr\u00f3ximo dia 15 de Novembro estaremos celebrando 61 anos de Funda\u00e7\u00e3o da igreja nesta cidade.<\/strong><\/p>\n<p style=\"text-align: justify;\">Entre os dias 12 a 15, acontecer\u00e3o noites de celebra\u00e7\u00e3o pelo Jubileu de Cobre.<\/p>\n<p style=\"text-align: justify;\">Dentro das comemora\u00e7\u00f5es, haver\u00e1 uma noite em destaque, no dia 14, estaremos recebendo o filho do fundador da Igreja que tamb\u00e9m exerce o cargo de vice-presidente nacional das Igrejas O Brasil para Cristo (Pr Paulo Lutero de Melo).<\/p>\n<p style=\"text-align: justify;\">Para celebrarmos nosso anivers\u00e1rio de funda\u00e7\u00e3o estamos buscando empresas e comerciantes para o projeto assistencial, onde arrecadaremos cestas b\u00e1sicas para assim realizarmos UM NATAL MELHOR aos menos favorecidos.<\/p>\n<p style=\"text-align: justify;\">Caso algum empres\u00e1rio ou pessoa se interesse em nos ajudar, pode nos procurar, no dia 14 al\u00e9m de divulgarmos em nossas redes sociais tamb\u00e9m no culto p\u00fablico acontecer\u00e1 nossos agradecimentos.<\/p>\n<p style=\"text-align: justify;\">Fonte: Assessoria de Imprensa<\/p>\n","protected":false},"excerpt":{"rendered":"<p>Neste pr\u00f3ximo dia 15 de Novembro estaremos celebrando 61 anos de Funda\u00e7\u00e3o da igreja nesta cidade. Entre os dias 12 a 15, acontecer\u00e3o noites de celebra\u00e7\u00e3o pelo Jubileu de Cobre. Dentro das comemora\u00e7\u00f5es, haver\u00e1 uma noite em destaque, no dia 14, estaremos recebendo o filho do fundador da Igreja que tamb\u00e9m exerce o cargo de [&hellip;]<\/p>\n","protected":false},"author":1,"featured_media":70728,"comment_status":"closed","ping_status":"open","sticky":false,"template":"","format":"standard","meta":{"footnotes":""},"categories":[110,118],"tags":[],"class_list":["post-70727","post","type-post","status-publish","format-standard","has-post-thumbnail","hentry","category-noticiasdestaque","category-religiaoesolidariedade"],"_links":{"self":[{"href":"https:\/\/jorgezanoni.com.br\/2019\/wp-json\/wp\/v2\/posts\/70727","targetHints":{"allow":["GET"]}}],"collection":[{"href":"https:\/\/jorgezanoni.com.br\/2019\/wp-json\/wp\/v2\/posts"}],"about":[{"href":"https:\/\/jorgezanoni.com.br\/2019\/wp-json\/wp\/v2\/types\/post"}],"author":[{"embeddable":true,"href":"https:\/\/jorgezanoni.com.br\/2019\/wp-json\/wp\/v2\/users\/1"}],"replies":[{"embeddable":true,"href":"https:\/\/jorgezanoni.com.br\/2019\/wp-json\/wp\/v2\/comments?post=70727"}],"version-history":[{"count":1,"href":"https:\/\/jorgezanoni.com.br\/2019\/wp-json\/wp\/v2\/posts\/70727\/revisions"}],"predecessor-version":[{"id":70729,"href":"https:\/\/jorgezanoni.com.br\/2019\/wp-json\/wp\/v2\/posts\/70727\/revisions\/70729"}],"wp:featuredmedia":[{"embeddable":true,"href":"https:\/\/jorgezanoni.com.br\/2019\/wp-json\/wp\/v2\/media\/70728"}],"wp:attachment":[{"href":"https:\/\/jorgezanoni.com.br\/2019\/wp-json\/wp\/v2\/media?parent=70727"}],"wp:term":[{"taxonomy":"category","embeddable":true,"href":"https:\/\/jorgezanoni.com.br\/2019\/wp-json\/wp\/v2\/categories?post=70727"},{"taxonomy":"post_tag","embeddable":true,"href":"https:\/\/jorgezanoni.com.br\/2019\/wp-json\/wp\/v2\/tags?post=70727"}],"curies":[{"name":"wp","href":"https:\/\/api.w.org\/{rel}","templated":true}]}}