{"id":70720,"date":"2022-11-03T23:45:09","date_gmt":"2022-11-03T23:45:09","guid":{"rendered":"https:\/\/jorgezanoni.com.br\/2019\/?p=70720"},"modified":"2022-11-04T15:58:07","modified_gmt":"2022-11-04T15:58:07","slug":"academicos-de-psicologia-desenvolvem-atividade-de-extensao-com-adolescentes-da-associacao-sao-francisco-de-assis","status":"publish","type":"post","link":"https:\/\/jorgezanoni.com.br\/2019\/academicos-de-psicologia-desenvolvem-atividade-de-extensao-com-adolescentes-da-associacao-sao-francisco-de-assis\/","title":{"rendered":"Acad\u00eamicos de Psicologia desenvolvem atividade de extens\u00e3o com adolescentes da Associa\u00e7\u00e3o S\u00e3o Francisco de Assis"},"content":{"rendered":"<p style=\"text-align: justify;\"><span style=\"font-size: large;\">Os alunos do 10\u00ba termo de Psicologia da Unifadra realizaram, no dia 19 de outubro, uma interven\u00e7\u00e3o com adolescentes da Associa\u00e7\u00e3o S\u00e3o Francisco de Assis (ASFA), a partir de uma demanda apontada pela pr\u00f3pria associa\u00e7\u00e3o.<\/span><\/p>\n<p style=\"text-align: justify;\"><span style=\"font-size: large;\">Orientados pela\u00a0<\/span>Profa. Dra.<span style=\"font-size: large;\">\u00a0Alessandra de Arriba Rossetto, os acad\u00eamicos abriram um espa\u00e7o de reflex\u00e3o sobre a adolesc\u00eancia, com foco na ansiedade, na depress\u00e3o e nos cuidados com a sa\u00fade mental.<\/span><\/p>\n<p style=\"text-align: justify;\"><span style=\"font-size: large;\">A interven\u00e7\u00e3o de psicoterapia em grupo foi realizada pelas alunas Eliane Guedes e Isabela Alves, tendo como objetivo abordar conflitos atuais e demandas emergentes, como dificuldades e conflitos nas intera\u00e7\u00f5es sociais, quadros ansiosos e depressivos e quest\u00f5es relacionadas ao bullying.<\/span><\/p>\n<p style=\"text-align: justify;\"><span style=\"font-size: large;\">As adolescentes da ASFA puderam compartilhar suas hist\u00f3rias, trocar ideias e partilhar percep\u00e7\u00f5es e experi\u00eancias em um clima de amizade, solidariedade e companheirismo, reconhecendo as transforma\u00e7\u00f5es e desafios da adolesc\u00eancia, sendo incentivadas a buscar seus sonhos e lutar pelos seus ideais, descobrindo e construindo sua identidade.<\/span><\/p>\n<p style=\"text-align: justify;\"><span style=\"font-size: large;\">A Profa. Ma. Andr\u00e9a Frizo, coordenadora do curso de Psicologia, salienta que a\u00e7\u00f5es voltadas para a comunidade e com foco na sa\u00fade mental s\u00e3o important\u00edssimas no contexto atual. &#8220;Sabe-se que os adolescentes est\u00e3o em um per\u00edodo do desenvolvimento humano cheio de desafios e transforma\u00e7\u00f5es, e tudo ficou ainda mais complexo ap\u00f3s o per\u00edodo pand\u00eamico, exigindo uma maior aten\u00e7\u00e3o de todos, principalmente da Psicologia, para esse p\u00fablico. Al\u00e9m disso, atividades de extens\u00e3o enriquecem a forma\u00e7\u00e3o acad\u00eamica e favorecem a constru\u00e7\u00e3o de profissionais mais preparados para o mercado de trabalho e para as demandas da contemporaneidade&#8221;, finaliza.<\/span><\/p>\n<p style=\"text-align: justify;\"><span style=\"font-size: large;\">A Associa\u00e7\u00e3o S\u00e3o Francisco de Assis (ASFA) \u00e9 uma organiza\u00e7\u00e3o da sociedade civil, sem fins lucrativos, localizada no Jardim Brasil\u00e2ndia \u2013 um dos bairros de maior vulnerabilidade social do munic\u00edpio de Dracena. A ASFA oferta atividades socioeducativas para crian\u00e7as e adolescentes, como o Projeto Vida, com atividades de apoio pedag\u00f3gico e recrea\u00e7\u00e3o; o Projeto Vem Dan\u00e7ar, com aulas de jazz; al\u00e9m de futsal e karat\u00ea, em parceria com a Secretaria de Esportes do munic\u00edpio. Atualmente, a associa\u00e7\u00e3o atende cerca de 110 crian\u00e7as\/adolescentes.<\/span><\/p>\n<p style=\"text-align: justify;\">Fonte: Depto. de Comunica\u00e7\u00e3o da Fundec<\/p>\n","protected":false},"excerpt":{"rendered":"<p>Os alunos do 10\u00ba termo de Psicologia da Unifadra realizaram, no dia 19 de outubro, uma interven\u00e7\u00e3o com adolescentes da Associa\u00e7\u00e3o S\u00e3o Francisco de Assis (ASFA), a partir de uma demanda apontada pela pr\u00f3pria associa\u00e7\u00e3o. Orientados pela\u00a0Profa. Dra.\u00a0Alessandra de Arriba Rossetto, os acad\u00eamicos abriram um espa\u00e7o de reflex\u00e3o sobre a adolesc\u00eancia, com foco na ansiedade, [&hellip;]<\/p>\n","protected":false},"author":1,"featured_media":70733,"comment_status":"closed","ping_status":"open","sticky":false,"template":"","format":"standard","meta":{"footnotes":""},"categories":[110,122],"tags":[],"class_list":["post-70720","post","type-post","status-publish","format-standard","has-post-thumbnail","hentry","category-noticiasdestaque","category-saudeeducacaoeconcurso"],"_links":{"self":[{"href":"https:\/\/jorgezanoni.com.br\/2019\/wp-json\/wp\/v2\/posts\/70720","targetHints":{"allow":["GET"]}}],"collection":[{"href":"https:\/\/jorgezanoni.com.br\/2019\/wp-json\/wp\/v2\/posts"}],"about":[{"href":"https:\/\/jorgezanoni.com.br\/2019\/wp-json\/wp\/v2\/types\/post"}],"author":[{"embeddable":true,"href":"https:\/\/jorgezanoni.com.br\/2019\/wp-json\/wp\/v2\/users\/1"}],"replies":[{"embeddable":true,"href":"https:\/\/jorgezanoni.com.br\/2019\/wp-json\/wp\/v2\/comments?post=70720"}],"version-history":[{"count":3,"href":"https:\/\/jorgezanoni.com.br\/2019\/wp-json\/wp\/v2\/posts\/70720\/revisions"}],"predecessor-version":[{"id":70735,"href":"https:\/\/jorgezanoni.com.br\/2019\/wp-json\/wp\/v2\/posts\/70720\/revisions\/70735"}],"wp:featuredmedia":[{"embeddable":true,"href":"https:\/\/jorgezanoni.com.br\/2019\/wp-json\/wp\/v2\/media\/70733"}],"wp:attachment":[{"href":"https:\/\/jorgezanoni.com.br\/2019\/wp-json\/wp\/v2\/media?parent=70720"}],"wp:term":[{"taxonomy":"category","embeddable":true,"href":"https:\/\/jorgezanoni.com.br\/2019\/wp-json\/wp\/v2\/categories?post=70720"},{"taxonomy":"post_tag","embeddable":true,"href":"https:\/\/jorgezanoni.com.br\/2019\/wp-json\/wp\/v2\/tags?post=70720"}],"curies":[{"name":"wp","href":"https:\/\/api.w.org\/{rel}","templated":true}]}}