{"id":70713,"date":"2022-11-03T23:29:07","date_gmt":"2022-11-03T23:29:07","guid":{"rendered":"https:\/\/jorgezanoni.com.br\/2019\/?p=70713"},"modified":"2022-11-03T23:29:07","modified_gmt":"2022-11-03T23:29:07","slug":"alunos-de-psicologia-da-unifadra-participam-de-congresso-de-iniciacao-cientifica","status":"publish","type":"post","link":"https:\/\/jorgezanoni.com.br\/2019\/alunos-de-psicologia-da-unifadra-participam-de-congresso-de-iniciacao-cientifica\/","title":{"rendered":"Alunos de Psicologia da Unifadra participam de Congresso de Inicia\u00e7\u00e3o Cient\u00edfica"},"content":{"rendered":"<p style=\"text-align: justify;\"><span style=\"font-size: large;\">Os alunos do 10\u00ba termo do curso de Psicologia da Unifadra Dracena, orientados pela Profa. Ma. Cl\u00e1udia Regina Parra, apresentaram seus Trabalhos de Conclus\u00e3o de Curso, no dia 25 de outubro, no CIC UNIFAI 2022.<\/span><\/p>\n<p><span style=\"font-size: large;\">Entre os temas abordados pelos acad\u00eamicos da Unifadra estavam:<\/span><\/p>\n<ul style=\"text-align: justify;\">\n<li><span style=\"font-size: large;\">O psic\u00f3logo escolar e a adapta\u00e7\u00e3o dos alunos p\u00f3s-pandemia (autores: Beatriz Basso de Souza e J\u00e9ssica Nunes Carvalho de Oliveira)<\/span><\/li>\n<li><span style=\"font-size: large;\">A influ\u00eancia do acolhimento na sa\u00fade mental do acad\u00eamico em contexto pand\u00eamico (autores: Raul Felipe Machado Calado e Stephanie Sant&#8217;Anna Valderramos Bittencourt)<\/span><\/li>\n<li><span style=\"font-size: large;\">A viol\u00eancia contra a mulher na pandemia: um estudo sobre a vulnerabilidade da prestadora de servi\u00e7o dom\u00e9stico (autores: Eliane Guedes Dias e Isabella Silva Alves)<\/span><\/li>\n<li><span style=\"font-size: large;\">A relev\u00e2ncia da inclus\u00e3o de pessoas surdas nos atendimentos psicoterap\u00eauticos (autora: Dyheissi Duarte de Melo)<\/span><\/li>\n<\/ul>\n<p style=\"text-align: justify;\"><span style=\"font-size: large;\">Segundo a coordenadora do curso de\u00a0<\/span>Psicologia Profa.<span style=\"font-size: large;\">\u00a0Ma. Andr\u00e9a Frizo, a participa\u00e7\u00e3o em congressos cient\u00edficos \u00e9 de extrema import\u00e2ncia para a divulga\u00e7\u00e3o dos estudos que s\u00e3o desenvolvidos no \u00e2mbito acad\u00eamico, bem como para complementar o processo formativo do aluno.<\/span><\/p>\n<p><span style=\"font-size: large;\">&#8220;Enquanto docentes, estamos sempre preocupados em incentivar que o aluno explore e se aprofunde em quest\u00f5es importantes para o desenvolvimento da sociedade, para que desenvolva um perfil reflexivo e cr\u00edtico, produtor de conhecimento e agente de transforma\u00e7\u00e3o social&#8221;, ressalta a coordenadora.<\/span><\/p>\n<p><img loading=\"lazy\" decoding=\"async\" class=\"alignnone size-full wp-image-70714\" src=\"https:\/\/jorgezanoni.com.br\/2019\/wp-content\/uploads\/2022\/11\/psi.jpg\" alt=\"\" width=\"281\" height=\"500\" srcset=\"https:\/\/jorgezanoni.com.br\/2019\/wp-content\/uploads\/2022\/11\/psi.jpg 281w, https:\/\/jorgezanoni.com.br\/2019\/wp-content\/uploads\/2022\/11\/psi-169x300.jpg 169w, https:\/\/jorgezanoni.com.br\/2019\/wp-content\/uploads\/2022\/11\/psi-236x420.jpg 236w\" sizes=\"auto, (max-width: 281px) 100vw, 281px\" \/> <img loading=\"lazy\" decoding=\"async\" class=\"alignnone size-full wp-image-70716\" src=\"https:\/\/jorgezanoni.com.br\/2019\/wp-content\/uploads\/2022\/11\/psi2.jpg\" alt=\"\" width=\"890\" height=\"500\" srcset=\"https:\/\/jorgezanoni.com.br\/2019\/wp-content\/uploads\/2022\/11\/psi2.jpg 890w, https:\/\/jorgezanoni.com.br\/2019\/wp-content\/uploads\/2022\/11\/psi2-300x169.jpg 300w, https:\/\/jorgezanoni.com.br\/2019\/wp-content\/uploads\/2022\/11\/psi2-768x431.jpg 768w, https:\/\/jorgezanoni.com.br\/2019\/wp-content\/uploads\/2022\/11\/psi2-696x391.jpg 696w, https:\/\/jorgezanoni.com.br\/2019\/wp-content\/uploads\/2022\/11\/psi2-748x420.jpg 748w\" sizes=\"auto, (max-width: 890px) 100vw, 890px\" \/> <img loading=\"lazy\" decoding=\"async\" class=\"alignnone size-full wp-image-70717\" src=\"https:\/\/jorgezanoni.com.br\/2019\/wp-content\/uploads\/2022\/11\/psi3.jpg\" alt=\"\" width=\"889\" height=\"500\" srcset=\"https:\/\/jorgezanoni.com.br\/2019\/wp-content\/uploads\/2022\/11\/psi3.jpg 889w, https:\/\/jorgezanoni.com.br\/2019\/wp-content\/uploads\/2022\/11\/psi3-300x169.jpg 300w, https:\/\/jorgezanoni.com.br\/2019\/wp-content\/uploads\/2022\/11\/psi3-768x432.jpg 768w, https:\/\/jorgezanoni.com.br\/2019\/wp-content\/uploads\/2022\/11\/psi3-696x391.jpg 696w, https:\/\/jorgezanoni.com.br\/2019\/wp-content\/uploads\/2022\/11\/psi3-747x420.jpg 747w\" sizes=\"auto, (max-width: 889px) 100vw, 889px\" \/> <img loading=\"lazy\" decoding=\"async\" class=\"alignnone size-full wp-image-70718\" src=\"https:\/\/jorgezanoni.com.br\/2019\/wp-content\/uploads\/2022\/11\/psi4.jpg\" alt=\"\" width=\"889\" height=\"500\" srcset=\"https:\/\/jorgezanoni.com.br\/2019\/wp-content\/uploads\/2022\/11\/psi4.jpg 889w, https:\/\/jorgezanoni.com.br\/2019\/wp-content\/uploads\/2022\/11\/psi4-300x169.jpg 300w, https:\/\/jorgezanoni.com.br\/2019\/wp-content\/uploads\/2022\/11\/psi4-768x432.jpg 768w, https:\/\/jorgezanoni.com.br\/2019\/wp-content\/uploads\/2022\/11\/psi4-696x391.jpg 696w, https:\/\/jorgezanoni.com.br\/2019\/wp-content\/uploads\/2022\/11\/psi4-747x420.jpg 747w\" sizes=\"auto, (max-width: 889px) 100vw, 889px\" \/><\/p>\n<p style=\"text-align: justify;\">Fonte: Deapto. Comercial Fundec\/<\/p>\n","protected":false},"excerpt":{"rendered":"<p>Os alunos do 10\u00ba termo do curso de Psicologia da Unifadra Dracena, orientados pela Profa. Ma. Cl\u00e1udia Regina Parra, apresentaram seus Trabalhos de Conclus\u00e3o de Curso, no dia 25 de outubro, no CIC UNIFAI 2022. Entre os temas abordados pelos acad\u00eamicos da Unifadra estavam: O psic\u00f3logo escolar e a adapta\u00e7\u00e3o dos alunos p\u00f3s-pandemia (autores: Beatriz [&hellip;]<\/p>\n","protected":false},"author":1,"featured_media":70715,"comment_status":"closed","ping_status":"open","sticky":false,"template":"","format":"standard","meta":{"footnotes":""},"categories":[110,122],"tags":[],"class_list":["post-70713","post","type-post","status-publish","format-standard","has-post-thumbnail","hentry","category-noticiasdestaque","category-saudeeducacaoeconcurso"],"_links":{"self":[{"href":"https:\/\/jorgezanoni.com.br\/2019\/wp-json\/wp\/v2\/posts\/70713","targetHints":{"allow":["GET"]}}],"collection":[{"href":"https:\/\/jorgezanoni.com.br\/2019\/wp-json\/wp\/v2\/posts"}],"about":[{"href":"https:\/\/jorgezanoni.com.br\/2019\/wp-json\/wp\/v2\/types\/post"}],"author":[{"embeddable":true,"href":"https:\/\/jorgezanoni.com.br\/2019\/wp-json\/wp\/v2\/users\/1"}],"replies":[{"embeddable":true,"href":"https:\/\/jorgezanoni.com.br\/2019\/wp-json\/wp\/v2\/comments?post=70713"}],"version-history":[{"count":1,"href":"https:\/\/jorgezanoni.com.br\/2019\/wp-json\/wp\/v2\/posts\/70713\/revisions"}],"predecessor-version":[{"id":70719,"href":"https:\/\/jorgezanoni.com.br\/2019\/wp-json\/wp\/v2\/posts\/70713\/revisions\/70719"}],"wp:featuredmedia":[{"embeddable":true,"href":"https:\/\/jorgezanoni.com.br\/2019\/wp-json\/wp\/v2\/media\/70715"}],"wp:attachment":[{"href":"https:\/\/jorgezanoni.com.br\/2019\/wp-json\/wp\/v2\/media?parent=70713"}],"wp:term":[{"taxonomy":"category","embeddable":true,"href":"https:\/\/jorgezanoni.com.br\/2019\/wp-json\/wp\/v2\/categories?post=70713"},{"taxonomy":"post_tag","embeddable":true,"href":"https:\/\/jorgezanoni.com.br\/2019\/wp-json\/wp\/v2\/tags?post=70713"}],"curies":[{"name":"wp","href":"https:\/\/api.w.org\/{rel}","templated":true}]}}