{"id":70708,"date":"2022-11-03T22:06:32","date_gmt":"2022-11-03T22:06:32","guid":{"rendered":"https:\/\/jorgezanoni.com.br\/2019\/?p=70708"},"modified":"2022-11-03T22:06:32","modified_gmt":"2022-11-03T22:06:32","slug":"alunos-do-ensino-fundamental-visitam-a-unifadra-em-atividade-de-disciplina-eletiva-do-isac","status":"publish","type":"post","link":"https:\/\/jorgezanoni.com.br\/2019\/alunos-do-ensino-fundamental-visitam-a-unifadra-em-atividade-de-disciplina-eletiva-do-isac\/","title":{"rendered":"Alunos do ensino fundamental visitam a Unifadra em atividade de disciplina eletiva do Isac"},"content":{"rendered":"<p style=\"text-align: justify;\"><span style=\"font-size: large;\">Os alunos dos 6\u00ba e 7\u00ba anos do ensino fundamental da escola p\u00fablica Eng\u00ba Isac Pereira Garcez, de Dracena, conheceram a infraestrutura da Unifadra no dia 21 de outubro. A visita\u00e7\u00e3o faz parte das atividades da disciplina eletiva &#8220;Descobertas da Vida&#8221;, ministrada pelas professoras Magda Morelli da Silva Prates e Edilaine Pasquini Silveira Campos.<\/span><\/p>\n<p><span style=\"font-size: large;\">Os alunos foram recebidos pela vice-diretora acad\u00eamica, Daniela Mac\u00e1rio Cust\u00f3dio, que deu as boas-vindas e apresentou o trabalho da Fundec e de suas unidades escolares.<\/span><\/p>\n<p><span style=\"font-size: large;\">Em seguida, os alunos puderam conhecer toda a institui\u00e7\u00e3o durante uma visita guiada pelos profissionais t\u00e9cnicos M\u00e1rcio Rodrigues e Erika de Oliveira Souza.<\/span><\/p>\n<p><span style=\"font-size: large;\">Segundo a professora Magda, respons\u00e1vel pela disciplina, &#8220;nossos alunos sonham em ser m\u00e9dicos e ficaram deslumbrados com a infraestrutura da faculdade e com a receptividade do corpo docente, dos funcion\u00e1rios e at\u00e9 mesmo dos acad\u00eamicos. Nossos alunos visitaram as instala\u00e7\u00f5es, viram os manequins, as salas de estudo e at\u00e9 tiveram contato com os acad\u00eamicos que estavam se preparando para as provas pr\u00e1ticas. Como professora que estava acompanhando a turma, tamb\u00e9m me surpreendi com tamanha infraestrutura e com o preparo que a faculdade de Medicina pode oferecer aos acad\u00eamicos. E tudo isso aqui mesmo, em Dracena!&#8221;<\/span><\/p>\n<p><span style=\"font-size: large;\">Ao final, os alunos fizeram algumas perguntas e tiraram suas d\u00favidas com os profissionais da Fundec e com o\u00a0<\/span>Prof. Dr.<span style=\"font-size: large;\">\u00a0Enio Garbelini, diretor acad\u00eamico da Unifadra, que ressaltou a satisfa\u00e7\u00e3o em receb\u00ea-los na institui\u00e7\u00e3o e a import\u00e2ncia de visitas como esta para a forma\u00e7\u00e3o dos jovens estudantes, que nesta idade est\u00e3o mais \u00e1vidos por conhecimento.<\/span><\/p>\n<p><img loading=\"lazy\" decoding=\"async\" class=\"alignnone size-full wp-image-70709\" src=\"https:\/\/jorgezanoni.com.br\/2019\/wp-content\/uploads\/2022\/11\/isac.jpeg\" alt=\"\" width=\"700\" height=\"525\" srcset=\"https:\/\/jorgezanoni.com.br\/2019\/wp-content\/uploads\/2022\/11\/isac.jpeg 700w, https:\/\/jorgezanoni.com.br\/2019\/wp-content\/uploads\/2022\/11\/isac-300x225.jpeg 300w, https:\/\/jorgezanoni.com.br\/2019\/wp-content\/uploads\/2022\/11\/isac-80x60.jpeg 80w, https:\/\/jorgezanoni.com.br\/2019\/wp-content\/uploads\/2022\/11\/isac-265x198.jpeg 265w, https:\/\/jorgezanoni.com.br\/2019\/wp-content\/uploads\/2022\/11\/isac-696x522.jpeg 696w, https:\/\/jorgezanoni.com.br\/2019\/wp-content\/uploads\/2022\/11\/isac-560x420.jpeg 560w\" sizes=\"auto, (max-width: 700px) 100vw, 700px\" \/> <img loading=\"lazy\" decoding=\"async\" class=\"alignnone size-full wp-image-70710\" src=\"https:\/\/jorgezanoni.com.br\/2019\/wp-content\/uploads\/2022\/11\/isac1.jpg\" alt=\"\" width=\"700\" height=\"525\" srcset=\"https:\/\/jorgezanoni.com.br\/2019\/wp-content\/uploads\/2022\/11\/isac1.jpg 700w, https:\/\/jorgezanoni.com.br\/2019\/wp-content\/uploads\/2022\/11\/isac1-300x225.jpg 300w, https:\/\/jorgezanoni.com.br\/2019\/wp-content\/uploads\/2022\/11\/isac1-80x60.jpg 80w, https:\/\/jorgezanoni.com.br\/2019\/wp-content\/uploads\/2022\/11\/isac1-265x198.jpg 265w, https:\/\/jorgezanoni.com.br\/2019\/wp-content\/uploads\/2022\/11\/isac1-696x522.jpg 696w, https:\/\/jorgezanoni.com.br\/2019\/wp-content\/uploads\/2022\/11\/isac1-560x420.jpg 560w\" sizes=\"auto, (max-width: 700px) 100vw, 700px\" \/>Fonte: Depto. de Comunica\u00e7\u00e3o da Fundec<\/p>\n","protected":false},"excerpt":{"rendered":"<p>Os alunos dos 6\u00ba e 7\u00ba anos do ensino fundamental da escola p\u00fablica Eng\u00ba Isac Pereira Garcez, de Dracena, conheceram a infraestrutura da Unifadra no dia 21 de outubro. A visita\u00e7\u00e3o faz parte das atividades da disciplina eletiva &#8220;Descobertas da Vida&#8221;, ministrada pelas professoras Magda Morelli da Silva Prates e Edilaine Pasquini Silveira Campos. Os [&hellip;]<\/p>\n","protected":false},"author":1,"featured_media":70711,"comment_status":"closed","ping_status":"open","sticky":false,"template":"","format":"standard","meta":{"footnotes":""},"categories":[110,122],"tags":[],"class_list":["post-70708","post","type-post","status-publish","format-standard","has-post-thumbnail","hentry","category-noticiasdestaque","category-saudeeducacaoeconcurso"],"_links":{"self":[{"href":"https:\/\/jorgezanoni.com.br\/2019\/wp-json\/wp\/v2\/posts\/70708","targetHints":{"allow":["GET"]}}],"collection":[{"href":"https:\/\/jorgezanoni.com.br\/2019\/wp-json\/wp\/v2\/posts"}],"about":[{"href":"https:\/\/jorgezanoni.com.br\/2019\/wp-json\/wp\/v2\/types\/post"}],"author":[{"embeddable":true,"href":"https:\/\/jorgezanoni.com.br\/2019\/wp-json\/wp\/v2\/users\/1"}],"replies":[{"embeddable":true,"href":"https:\/\/jorgezanoni.com.br\/2019\/wp-json\/wp\/v2\/comments?post=70708"}],"version-history":[{"count":1,"href":"https:\/\/jorgezanoni.com.br\/2019\/wp-json\/wp\/v2\/posts\/70708\/revisions"}],"predecessor-version":[{"id":70712,"href":"https:\/\/jorgezanoni.com.br\/2019\/wp-json\/wp\/v2\/posts\/70708\/revisions\/70712"}],"wp:featuredmedia":[{"embeddable":true,"href":"https:\/\/jorgezanoni.com.br\/2019\/wp-json\/wp\/v2\/media\/70711"}],"wp:attachment":[{"href":"https:\/\/jorgezanoni.com.br\/2019\/wp-json\/wp\/v2\/media?parent=70708"}],"wp:term":[{"taxonomy":"category","embeddable":true,"href":"https:\/\/jorgezanoni.com.br\/2019\/wp-json\/wp\/v2\/categories?post=70708"},{"taxonomy":"post_tag","embeddable":true,"href":"https:\/\/jorgezanoni.com.br\/2019\/wp-json\/wp\/v2\/tags?post=70708"}],"curies":[{"name":"wp","href":"https:\/\/api.w.org\/{rel}","templated":true}]}}