{"id":70616,"date":"2022-11-01T22:01:49","date_gmt":"2022-11-01T22:01:49","guid":{"rendered":"https:\/\/jorgezanoni.com.br\/2019\/?p=70616"},"modified":"2022-11-01T22:01:49","modified_gmt":"2022-11-01T22:01:49","slug":"luto-dia-dos-mortos-e-outros-desencontros-por-sergio-barbosa","status":"publish","type":"post","link":"https:\/\/jorgezanoni.com.br\/2019\/luto-dia-dos-mortos-e-outros-desencontros-por-sergio-barbosa\/","title":{"rendered":"\u201cLUTO\u201d, Dia dos MORTOS e outros desencontros&#8230; (por S\u00e9rgio Barbosa)"},"content":{"rendered":"<p style=\"text-align: justify;\"><strong>\u201cLUTO\u201d, Dia dos MORTOS e outros desencontros&#8230;<\/strong><\/p>\n<p style=\"text-align: justify;\"><em>\u201cInfelizmente a vida \u00e9 assim, sempre nos trazendo momentos tristes e dif\u00edceis, muitos insuper\u00e1veis como a m\u00e3e que perde seu filho e o irm\u00e3o mais velho que perde o mais novo. Tudo na vida \u00e9 suport\u00e1vel, embora deixe cicatrizes que se apagaram no momento que nos encontrarmos com nossos entes queridos e amigos quase irm\u00e3os que se foram antes de n\u00f3s. Talvez essa seja a pior parte de envelhecer, passar pela vida perdendo tantas pessoas que amamos&#8230;\u201d <\/em><em>(<\/em><a href=\"https:\/\/www.pensador.com\/autor\/sandro_roberto_sandrao_dj\/\"><em>Sandro Roberto\/Sandr\u00e3o DJ)<\/em><\/a><strong>\u00a0<\/strong><\/p>\n<p style=\"text-align: justify;\"><strong>S\u00e9rgio Barbosa (*)<\/strong><\/p>\n<p style=\"text-align: justify;\">Pelas milhares de POSTAGENS divulgadas nas REDES SOCIAIS ap\u00f3s o resultado das ELEI\u00c7\u00d5ES do dia 30, ainda, registrando que tais MENTES MED\u00cdOCRES est\u00e3o de LUTO pelo seu COISO que se coloca como o SALVADOR DOS ILUDIDOS\/AS pelos FAKE NEWS&#8230;<\/p>\n<p style=\"text-align: justify;\">Portanto, seria mais do que interessante que tais ENTULATADOS\/AS pela PERDA DO PODER em nome da DEMOCRACIA e da PAZ neste PA\u00cdS DO FAZ DE CONTA, aproveitassem este momento, ou seja, 2 de novembro, DIA DE FINADOS para refletirem sobre aqueles\/as que partiram nestes anos de PANDEMIA, ou seja, mais de 600 MIL MORTES e ponto quase final&#8230;<\/p>\n<p style=\"text-align: justify;\">Entretanto, pelos n\u00fameros que o GENOCIDA conseguiu neste segundo turno na denominada regi\u00e3o da NOVA ALTA PAULISTA, a saber: 146.844 MENTES MED\u00cdOCRES votam com o DESGOVERNO BOZZONARO, isso mesmo, aquele que foi CONTRA A VACINA e menosprezou este tempo de PANDEMIA com suas BRAVATAS e IRONIAS para com aqueles\/as que PARTIRAM para o outro tempo do tempo&#8230;<\/p>\n<p style=\"text-align: justify;\">Portanto, 66,74% foram CUMPL\u00cdCES do GENOCIDA em pauta, bem como, o outro representante do COISO em terras paulista, isso \u00e9, aquele que APARECEU sem mais e com muitos menos, tamb\u00e9m, GENOCIDA, levou 142.753 MENTES MED\u00cdOCRES junto com o seu discurso de MILICIANO das terras cariocas&#8230;<\/p>\n<p style=\"text-align: justify;\">Tais N\u00daMEROS est\u00e3o al\u00e9m do TOLER\u00c1VEL em qualquer contexto atual, haja vista que foram MILHARES DE MORTES e com certeza, VOC\u00ca conheceu esta ou aquela pessoa que partiu por causa da PANDEMIA, ainda, talvez um PARENTE, AMIGO\/A. COLEGA, FAMILIAR&#8230;<\/p>\n<p style=\"text-align: justify;\">Portanto, quem esteve deste lado das MENTES MED\u00cdOCRES, deve-se considerar um APOIADOR da POL\u00cdTICA GENOCIDA e CA\u00d3TICA deste, ainda, DESGOVERNO BOZZONARO com seus COISOS com COISAS&#8230;<\/p>\n<p style=\"text-align: justify;\">E tem mais, PERDER faz parte do processo DEMOCR\u00c1TICO, bem como, GANHAR, todavia, tudo indica que o COISO n\u00e3o est\u00e1 querendo deixar a CADEIRA PRESIDENCIAL, por\u00e9m, est\u00e1 com os DIAS CONTADOS e com certeza, VAI TER QUE PRESTAR CONTAS destes \u00faltimos QUATRO ANOS de ETERNAS TROCAS NADA SIMB\u00d3LICAS, bem como, dos tais 100 ANOS DE SIGILOS disto ou daquilo&#8230;<\/p>\n<p style=\"text-align: justify;\">Que este NOVO TEMPO NOVO possa ser um TEMPO NOVO TEMPO para todos\/as, at\u00e9 mesmo para os DEFENSORES\/AS do GENOCIDA em n\u00edvel REGIOCAL, ou seja, do REGIONAL para o LOCAL em tempo de p\u00f3s-globaliza\u00e7\u00e3o midi\u00e1tica&#8230;<\/p>\n<p style=\"text-align: justify;\"><strong>AVE REGI\u00c3O NORDESTE!<\/strong><\/p>\n<p style=\"text-align: justify;\"><strong>AVE CAPITAL PAULISTA!<\/strong><\/p>\n<p style=\"text-align: justify;\"><strong>AVE 73.182 MENTES ESPECIAIS que ficaram do lado da DEMOCRACIA!<\/strong><\/p>\n<p style=\"text-align: justify;\"><strong>AVE 66.682 MENTES EDUCADAS que votaram no PROFESSOR!<\/strong><\/p>\n<p style=\"text-align: justify;\"><strong>AVE S.J.P. D\u00b4ALHO!<\/strong><\/p>\n<p style=\"text-align: justify;\"><strong><em>(*) jornalista diplomado, professor do curso de hist\u00f3ria da unifai e pesquisador da c\u00e1tedra unesco\/umesp de comunica\u00e7\u00e3o para o desenvolvimento regional.<\/em><\/strong><\/p>\n<p style=\"text-align: justify;\"><strong><em>e-mail:\u00a0<a href=\"mailto:barbosa.sebar@gmail.com\">barbosa.sebar@gmail.com<\/a><\/em><\/strong><\/p>\n<p>&nbsp;<\/p>\n","protected":false},"excerpt":{"rendered":"<p>\u201cLUTO\u201d, Dia dos MORTOS e outros desencontros&#8230; \u201cInfelizmente a vida \u00e9 assim, sempre nos trazendo momentos tristes e dif\u00edceis, muitos insuper\u00e1veis como a m\u00e3e que perde seu filho e o irm\u00e3o mais velho que perde o mais novo. Tudo na vida \u00e9 suport\u00e1vel, embora deixe cicatrizes que se apagaram no momento que nos encontrarmos com [&hellip;]<\/p>\n","protected":false},"author":1,"featured_media":70617,"comment_status":"closed","ping_status":"open","sticky":false,"template":"","format":"standard","meta":{"footnotes":""},"categories":[175],"tags":[],"class_list":["post-70616","post","type-post","status-publish","format-standard","has-post-thumbnail","hentry","category-artigos"],"_links":{"self":[{"href":"https:\/\/jorgezanoni.com.br\/2019\/wp-json\/wp\/v2\/posts\/70616","targetHints":{"allow":["GET"]}}],"collection":[{"href":"https:\/\/jorgezanoni.com.br\/2019\/wp-json\/wp\/v2\/posts"}],"about":[{"href":"https:\/\/jorgezanoni.com.br\/2019\/wp-json\/wp\/v2\/types\/post"}],"author":[{"embeddable":true,"href":"https:\/\/jorgezanoni.com.br\/2019\/wp-json\/wp\/v2\/users\/1"}],"replies":[{"embeddable":true,"href":"https:\/\/jorgezanoni.com.br\/2019\/wp-json\/wp\/v2\/comments?post=70616"}],"version-history":[{"count":1,"href":"https:\/\/jorgezanoni.com.br\/2019\/wp-json\/wp\/v2\/posts\/70616\/revisions"}],"predecessor-version":[{"id":70618,"href":"https:\/\/jorgezanoni.com.br\/2019\/wp-json\/wp\/v2\/posts\/70616\/revisions\/70618"}],"wp:featuredmedia":[{"embeddable":true,"href":"https:\/\/jorgezanoni.com.br\/2019\/wp-json\/wp\/v2\/media\/70617"}],"wp:attachment":[{"href":"https:\/\/jorgezanoni.com.br\/2019\/wp-json\/wp\/v2\/media?parent=70616"}],"wp:term":[{"taxonomy":"category","embeddable":true,"href":"https:\/\/jorgezanoni.com.br\/2019\/wp-json\/wp\/v2\/categories?post=70616"},{"taxonomy":"post_tag","embeddable":true,"href":"https:\/\/jorgezanoni.com.br\/2019\/wp-json\/wp\/v2\/tags?post=70616"}],"curies":[{"name":"wp","href":"https:\/\/api.w.org\/{rel}","templated":true}]}}