{"id":70538,"date":"2022-10-28T22:40:08","date_gmt":"2022-10-28T22:40:08","guid":{"rendered":"https:\/\/jorgezanoni.com.br\/2019\/?p=70538"},"modified":"2022-10-28T22:41:04","modified_gmt":"2022-10-28T22:41:04","slug":"morre-a-senhora-edenir-matriarca-da-familia-vidaprev","status":"publish","type":"post","link":"https:\/\/jorgezanoni.com.br\/2019\/morre-a-senhora-edenir-matriarca-da-familia-vidaprev\/","title":{"rendered":"Morre a senhora Edenir, matriarca da Fam\u00edlia VidaPrev"},"content":{"rendered":"<p style=\"text-align: justify;\">Comunicamos com pesar o falecimento da senhora Edenir Veneziano de Oliveira de 87 anos.<\/p>\n<p style=\"text-align: justify;\">Deixa esposo Otorides, os filhos Orotides J\u00fanior e Wilson Oliveira propriet\u00e1rios da empresa VIDAPREV, as noras Eunice e S\u00f4nia, netos, demais familiares e amigos.<\/p>\n<p style=\"text-align: justify;\">A despedida ter\u00e1 in\u00edcio amanh\u00e3 (29) a partir das 06h00 na Sala Vip do Memorial Vida Prev e o Sepultamento ocorre \u00e0s 15h00 no Cemit\u00e9rio Municipal de Dracena.<\/p>\n<p style=\"text-align: justify;\">O Site JZ se solidariza com a fam\u00edlia neste dif\u00edcil momento.<\/p>\n<p style=\"text-align: justify;\">Jorge Zanoni<\/p>\n<p><img loading=\"lazy\" decoding=\"async\" class=\"alignnone size-full wp-image-70539\" src=\"https:\/\/jorgezanoni.com.br\/2019\/wp-content\/uploads\/2022\/10\/Mae.jpg\" alt=\"\" width=\"1280\" height=\"1279\" srcset=\"https:\/\/jorgezanoni.com.br\/2019\/wp-content\/uploads\/2022\/10\/Mae.jpg 1280w, https:\/\/jorgezanoni.com.br\/2019\/wp-content\/uploads\/2022\/10\/Mae-300x300.jpg 300w, https:\/\/jorgezanoni.com.br\/2019\/wp-content\/uploads\/2022\/10\/Mae-1024x1024.jpg 1024w, https:\/\/jorgezanoni.com.br\/2019\/wp-content\/uploads\/2022\/10\/Mae-150x150.jpg 150w, https:\/\/jorgezanoni.com.br\/2019\/wp-content\/uploads\/2022\/10\/Mae-768x767.jpg 768w, https:\/\/jorgezanoni.com.br\/2019\/wp-content\/uploads\/2022\/10\/Mae-696x695.jpg 696w, https:\/\/jorgezanoni.com.br\/2019\/wp-content\/uploads\/2022\/10\/Mae-1068x1067.jpg 1068w, https:\/\/jorgezanoni.com.br\/2019\/wp-content\/uploads\/2022\/10\/Mae-420x420.jpg 420w\" sizes=\"auto, (max-width: 1280px) 100vw, 1280px\" \/><\/p>\n","protected":false},"excerpt":{"rendered":"<p>Comunicamos com pesar o falecimento da senhora Edenir Veneziano de Oliveira de 87 anos. Deixa esposo Otorides, os filhos Orotides J\u00fanior e Wilson Oliveira propriet\u00e1rios da empresa VIDAPREV, as noras Eunice e S\u00f4nia, netos, demais familiares e amigos. A despedida ter\u00e1 in\u00edcio amanh\u00e3 (29) a partir das 06h00 na Sala Vip do Memorial Vida Prev [&hellip;]<\/p>\n","protected":false},"author":1,"featured_media":70541,"comment_status":"closed","ping_status":"open","sticky":false,"template":"","format":"standard","meta":{"footnotes":""},"categories":[178,110],"tags":[],"class_list":["post-70538","post","type-post","status-publish","format-standard","has-post-thumbnail","hentry","category-notadefalecimento","category-noticiasdestaque"],"_links":{"self":[{"href":"https:\/\/jorgezanoni.com.br\/2019\/wp-json\/wp\/v2\/posts\/70538","targetHints":{"allow":["GET"]}}],"collection":[{"href":"https:\/\/jorgezanoni.com.br\/2019\/wp-json\/wp\/v2\/posts"}],"about":[{"href":"https:\/\/jorgezanoni.com.br\/2019\/wp-json\/wp\/v2\/types\/post"}],"author":[{"embeddable":true,"href":"https:\/\/jorgezanoni.com.br\/2019\/wp-json\/wp\/v2\/users\/1"}],"replies":[{"embeddable":true,"href":"https:\/\/jorgezanoni.com.br\/2019\/wp-json\/wp\/v2\/comments?post=70538"}],"version-history":[{"count":1,"href":"https:\/\/jorgezanoni.com.br\/2019\/wp-json\/wp\/v2\/posts\/70538\/revisions"}],"predecessor-version":[{"id":70542,"href":"https:\/\/jorgezanoni.com.br\/2019\/wp-json\/wp\/v2\/posts\/70538\/revisions\/70542"}],"wp:featuredmedia":[{"embeddable":true,"href":"https:\/\/jorgezanoni.com.br\/2019\/wp-json\/wp\/v2\/media\/70541"}],"wp:attachment":[{"href":"https:\/\/jorgezanoni.com.br\/2019\/wp-json\/wp\/v2\/media?parent=70538"}],"wp:term":[{"taxonomy":"category","embeddable":true,"href":"https:\/\/jorgezanoni.com.br\/2019\/wp-json\/wp\/v2\/categories?post=70538"},{"taxonomy":"post_tag","embeddable":true,"href":"https:\/\/jorgezanoni.com.br\/2019\/wp-json\/wp\/v2\/tags?post=70538"}],"curies":[{"name":"wp","href":"https:\/\/api.w.org\/{rel}","templated":true}]}}