{"id":70531,"date":"2022-10-28T21:44:33","date_gmt":"2022-10-28T21:44:33","guid":{"rendered":"https:\/\/jorgezanoni.com.br\/2019\/?p=70531"},"modified":"2022-10-28T21:44:33","modified_gmt":"2022-10-28T21:44:33","slug":"agencia-bancaria-e-alvo-de-furto-em-adamantina-e-mais-de-r-100-mil-teriam-sido-levados","status":"publish","type":"post","link":"https:\/\/jorgezanoni.com.br\/2019\/agencia-bancaria-e-alvo-de-furto-em-adamantina-e-mais-de-r-100-mil-teriam-sido-levados\/","title":{"rendered":"Ag\u00eancia banc\u00e1ria \u00e9 alvo de furto em Adamantina e mais de R$ 100 mil teriam sido levados"},"content":{"rendered":"<p style=\"text-align: justify;\"><strong>Uma ag\u00eancia banc\u00e1ria foi alvo de furto em Adamantina.<\/strong><\/p>\n<p style=\"text-align: justify;\">Informa\u00e7\u00f5es extraoficiais obtidas pelo jornalismo Adamantina Net, d\u00e3o conta de que pelo menos R$ 140 mil teriam sido levados nesta a\u00e7\u00e3o criminosa.<\/p>\n<p style=\"text-align: justify;\">Os autores teriam acessado a ag\u00eancia atrav\u00e9s de uma obra nas imedia\u00e7\u00f5es.<\/p>\n<p style=\"text-align: justify;\">Pelo telhado e com o uso de uma furadeira, eles teriam acessado o cofre do local e subtra\u00eddo a quantia em dinheiro.<\/p>\n<p style=\"text-align: justify;\">O jornalismo Adamantina Net solicitou informa\u00e7\u00f5es oficiais na tarde de ontem (27), acerca dos fatos ao Setor de Comunica\u00e7\u00e3o do 25\u00ba Batalh\u00e3o da Pol\u00edcia Militar para a Pol\u00edcia Civil.<\/p>\n<p style=\"text-align: justify;\">A Pol\u00edcia Civil confirmou o ocorrido, mas limitou-se apenas em informar que \u201co caso segue sob investiga\u00e7\u00e3o da Delegacia de Investiga\u00e7\u00f5es Gerais \u2013 a DIG\u201d.<\/p>\n<p style=\"text-align: justify;\">A Pol\u00edcia Militar ainda n\u00e3o se manifestou e o conte\u00fado desta reportagem segue aberto para eventuais informa\u00e7\u00f5es cedidas pela corpora\u00e7\u00e3o.<\/p>\n<p>Fonte: Adamantina Net<\/p>\n","protected":false},"excerpt":{"rendered":"<p>Uma ag\u00eancia banc\u00e1ria foi alvo de furto em Adamantina. Informa\u00e7\u00f5es extraoficiais obtidas pelo jornalismo Adamantina Net, d\u00e3o conta de que pelo menos R$ 140 mil teriam sido levados nesta a\u00e7\u00e3o criminosa. Os autores teriam acessado a ag\u00eancia atrav\u00e9s de uma obra nas imedia\u00e7\u00f5es. Pelo telhado e com o uso de uma furadeira, eles teriam acessado [&hellip;]<\/p>\n","protected":false},"author":1,"featured_media":70532,"comment_status":"closed","ping_status":"open","sticky":false,"template":"","format":"standard","meta":{"footnotes":""},"categories":[110,2],"tags":[],"class_list":["post-70531","post","type-post","status-publish","format-standard","has-post-thumbnail","hentry","category-noticiasdestaque","category-policial"],"_links":{"self":[{"href":"https:\/\/jorgezanoni.com.br\/2019\/wp-json\/wp\/v2\/posts\/70531","targetHints":{"allow":["GET"]}}],"collection":[{"href":"https:\/\/jorgezanoni.com.br\/2019\/wp-json\/wp\/v2\/posts"}],"about":[{"href":"https:\/\/jorgezanoni.com.br\/2019\/wp-json\/wp\/v2\/types\/post"}],"author":[{"embeddable":true,"href":"https:\/\/jorgezanoni.com.br\/2019\/wp-json\/wp\/v2\/users\/1"}],"replies":[{"embeddable":true,"href":"https:\/\/jorgezanoni.com.br\/2019\/wp-json\/wp\/v2\/comments?post=70531"}],"version-history":[{"count":1,"href":"https:\/\/jorgezanoni.com.br\/2019\/wp-json\/wp\/v2\/posts\/70531\/revisions"}],"predecessor-version":[{"id":70533,"href":"https:\/\/jorgezanoni.com.br\/2019\/wp-json\/wp\/v2\/posts\/70531\/revisions\/70533"}],"wp:featuredmedia":[{"embeddable":true,"href":"https:\/\/jorgezanoni.com.br\/2019\/wp-json\/wp\/v2\/media\/70532"}],"wp:attachment":[{"href":"https:\/\/jorgezanoni.com.br\/2019\/wp-json\/wp\/v2\/media?parent=70531"}],"wp:term":[{"taxonomy":"category","embeddable":true,"href":"https:\/\/jorgezanoni.com.br\/2019\/wp-json\/wp\/v2\/categories?post=70531"},{"taxonomy":"post_tag","embeddable":true,"href":"https:\/\/jorgezanoni.com.br\/2019\/wp-json\/wp\/v2\/tags?post=70531"}],"curies":[{"name":"wp","href":"https:\/\/api.w.org\/{rel}","templated":true}]}}