{"id":7053,"date":"2019-09-23T12:49:51","date_gmt":"2019-09-23T12:49:51","guid":{"rendered":"https:\/\/jorgezanoni.com.br\/2019\/?p=7053"},"modified":"2019-09-23T12:49:51","modified_gmt":"2019-09-23T12:49:51","slug":"primavera-de-2019-deve-ter-menos-chuvas-do-que-o-normal-diz-inmet","status":"publish","type":"post","link":"https:\/\/jorgezanoni.com.br\/2019\/primavera-de-2019-deve-ter-menos-chuvas-do-que-o-normal-diz-inmet\/","title":{"rendered":"Primavera de 2019 deve ter menos chuvas do que o normal, diz Inmet"},"content":{"rendered":"<h2 class=\"content-head__subtitle\" style=\"text-align: justify;\"><strong>Esta\u00e7\u00e3o come\u00e7ou nesta segunda-feira, \u00e0s 4h50, e vai at\u00e9 o dia 22 de dezembro, quando tem in\u00edcio o ver\u00e3o.<\/strong><\/h2>\n<h2 class=\"content-head__subtitle\" style=\"text-align: justify;\"><strong><img loading=\"lazy\" decoding=\"async\" class=\"alignnone size-full wp-image-7054\" src=\"https:\/\/jorgezanoni.com.br\/2019\/wp-content\/uploads\/2019\/09\/prima.jpg\" alt=\"\" width=\"1000\" height=\"610\" srcset=\"https:\/\/jorgezanoni.com.br\/2019\/wp-content\/uploads\/2019\/09\/prima.jpg 1000w, https:\/\/jorgezanoni.com.br\/2019\/wp-content\/uploads\/2019\/09\/prima-300x183.jpg 300w, https:\/\/jorgezanoni.com.br\/2019\/wp-content\/uploads\/2019\/09\/prima-768x468.jpg 768w, https:\/\/jorgezanoni.com.br\/2019\/wp-content\/uploads\/2019\/09\/prima-696x425.jpg 696w, https:\/\/jorgezanoni.com.br\/2019\/wp-content\/uploads\/2019\/09\/prima-689x420.jpg 689w\" sizes=\"auto, (max-width: 1000px) 100vw, 1000px\" \/><\/strong>Primavera vai come\u00e7ar com aspecto de inverno do Paran\u00e1 \u2014 Foto: Everson Moreira\/RPC<\/h2>\n<div class=\"mc-column content-text active-extra-styles \" data-block-type=\"unstyled\" data-block-weight=\"56\" data-block-id=\"2\">\n<p class=\"content-text__container \" style=\"text-align: justify;\" data-track-category=\"Link no Texto\" data-track-links=\"\">A primavera come\u00e7ou oficialmente \u00e0s 4h50 desta segunda-feira (23). De acordo com o Instituto Nacional de Meteorologia (<a href=\"https:\/\/g1.globo.com\/tudo-sobre\/inmet\/\">Inmet<\/a>), a primavera de 2019 dever\u00e1 ter menos chuvas do que o normal para esta \u00e9poca do ano na maior parte do pa\u00eds. A esta\u00e7\u00e3o vai at\u00e9 o dia 22 de dezembro, quando come\u00e7a o ver\u00e3o, \u00e0 1h19.<\/p>\n<\/div>\n<div class=\"wall protected-content\" style=\"text-align: justify;\">\n<div class=\"mc-column content-text active-extra-styles \" data-block-type=\"unstyled\" data-block-weight=\"43\" data-block-id=\"3\">\n<p class=\"content-text__container \" data-track-category=\"Link no Texto\" data-track-links=\"\">Tradicionalmente, a primavera \u00e9 um per\u00edodo de transi\u00e7\u00e3o entre a esta\u00e7\u00e3o mais seca e a mais chuvosa na regi\u00e3o central do Brasil. J\u00e1 na regi\u00e3o Norte, no interior do Nordeste e em algumas \u00e1reas centrais do pa\u00eds, as temperaturas sobem durante a primavera.<\/p>\n<\/div>\n<div class=\"mc-column content-text active-extra-styles \" data-block-type=\"unstyled\" data-block-weight=\"56\" data-block-id=\"4\">\n<p class=\"content-text__container \" data-track-category=\"Link no Texto\" data-track-links=\"\">Os estados do Rio Grande do Sul e Santa Catarina ser\u00e3o uma exce\u00e7\u00e3o neste in\u00edcio de primavera pois dever\u00e3o receber uma frente fria vinda da Argentina e do Paraguai, trazendo chuva forte para a regi\u00e3o e talvez at\u00e9 granizo. Tamb\u00e9m os estados do Paran\u00e1 e do Mato Grosso do Sul ser\u00e3o impactados, mas com menor intensidade.<\/p>\n<\/div>\n<div class=\"mc-column content-text active-extra-styles \" data-block-type=\"unstyled\" data-block-weight=\"29\" data-block-id=\"5\">\n<p class=\"content-text__container \" data-track-category=\"Link no Texto\" data-track-links=\"\">Partes do Sul e do Sudeste come\u00e7am a primavera ainda com cara de inverno mas, na maior parte do pa\u00eds, o inverno se despede j\u00e1 com cara de primavera.<\/p>\n<\/div>\n<div class=\"mc-column content-text active-extra-styles\" data-block-type=\"raw\" data-block-weight=\"14\" data-block-id=\"6\">\n<ul class=\"content-unordered-list\">\n<li><a href=\"https:\/\/g1.globo.com\/previsao-do-tempo\/\">Previs\u00e3o do tempo na sua cidade<\/a><\/li>\n<li><a href=\"https:\/\/g1.globo.com\/globo-reporter\/noticia\/2019\/09\/20\/primavera-na-holanda-veja-a-integra-do-globo-reporter.ghtml\">Globo Rep\u00f3rter sobre a florida primavera da Holanda<\/a><\/li>\n<\/ul>\n<\/div>\n<div class=\"mc-column content-text active-extra-styles \" data-block-type=\"unstyled\" data-block-weight=\"30\" data-block-id=\"7\">\n<p class=\"content-text__container \" data-track-category=\"Link no Texto\" data-track-links=\"\">Em Goi\u00e1s, parte do Mato Grosso e em Minas Gerais, as chuvas durante a primavera deste ano dever\u00e3o ser irregulares e um pouco abaixo da m\u00e9dia climatol\u00f3gica para a esta\u00e7\u00e3o.<\/p>\n<div class=\"mc-column content-text active-extra-styles\" data-block-type=\"raw\" data-block-weight=\"4\" data-block-id=\"10\">\n<div class=\"content-intertitle\">\n<h2>Temperaturas acima da m\u00e9dia<\/h2>\n<\/div>\n<\/div>\n<div class=\"mc-column content-text active-extra-styles \" data-block-type=\"unstyled\" data-block-weight=\"19\" data-block-id=\"11\">\n<p class=\"content-text__container \" data-track-category=\"Link no Texto\" data-track-links=\"\">O progn\u00f3stico do Inmet \u00e9 de que a primavera comece com temperaturas acima da m\u00e9dia climatol\u00f3gica para este per\u00edodo.<\/p>\n<\/div>\n<div class=\"mc-column content-text active-extra-styles \" data-block-type=\"unstyled\" data-block-weight=\"58\" data-block-id=\"12\">\n<p class=\"content-text__container \" data-track-category=\"Link no Texto\" data-track-links=\"\">Os term\u00f4metros dever\u00e3o registrar\u00a0<a href=\"https:\/\/g1.globo.com\/natureza\/noticia\/2019\/09\/19\/primavera-comeca-na-segunda-com-temperaturas-acima-da-media-e-pouca-chuva-na-maior-parte-do-pais-diz-inmet.ghtml\"><strong>temperaturas de 1\u00b0C a 1,5\u00b0C acima da m\u00e9dia<\/strong><\/a>\u00a0\u2013 isso deve se traduzir em dias com temperaturas bem altas e outros com temperaturas mais baixas ou dentro da m\u00e9dia, o que na varia\u00e7\u00e3o entre os tr\u00eas meses chega \u00e0 eleva\u00e7\u00e3o prevista, afirma o chefe da previs\u00e3o do tempo do Inmet, Francisco de Assis Diniz.<\/p>\n<\/div>\n<div class=\"mc-column content-text active-extra-styles \" data-block-type=\"unstyled\" data-block-weight=\"57\" data-block-id=\"13\">\n<p class=\"content-text__container \" data-track-category=\"Link no Texto\" data-track-links=\"\">Em parte do Tocantins e estados do Nordeste, as temperaturas dever\u00e3o ficar de 1\u00b0C a 1,5\u00b0C acima da m\u00e9dia. Nos estados de Minas, Bahia, Goi\u00e1s e Mato Grosso do Sul, os term\u00f4metros dever\u00e3o registrar cerca de 1\u00b0C acima da m\u00e9dia. Nas demais regi\u00f5es, as temperaturas ficar\u00e3o 0,5\u00b0C acima da m\u00e9dia, de acordo com a previs\u00e3o do Inmet.<\/p>\n<div class=\"mc-column content-text active-extra-styles\" data-block-type=\"raw\" data-block-weight=\"6\" data-block-id=\"16\">\n<div class=\"content-intertitle\">\n<h2>Destaques em cada regi\u00e3o do pa\u00eds<\/h2>\n<\/div>\n<\/div>\n<div class=\"mc-column content-text active-extra-styles \" data-block-type=\"unstyled\" data-block-weight=\"75\" data-block-id=\"17\">\n<p class=\"content-text__container \" data-track-category=\"Link no Texto\" data-track-links=\"\">Na\u00a0<strong>regi\u00e3o Norte<\/strong>, o alerta para queimadas ainda est\u00e1 ativo para \u00e1reas do noroeste do Amazonas, Par\u00e1 e Amap\u00e1, que tiveram chuvas abaixo da m\u00e9dia nos meses de junho a agosto deste ano. &#8220;A redu\u00e7\u00e3o das chuvas em localidades dos estados de Rond\u00f4nia, Tocantins e sul do Par\u00e1, aliada \u00e0s altas temperaturas e baixa umidade relativa do ar, favoreceram\u00a0<a href=\"https:\/\/g1.globo.com\/natureza\/noticia\/2019\/09\/02\/balanco-das-queimadas-na-amazonia-em-setembro-segundo-o-inpe.ghtml\">a incid\u00eancia de queimadas<\/a>, muito comuns nesta \u00e9poca do ano&#8221;, afirma o Inmet em seu relat\u00f3rio.<\/p>\n<\/div>\n<div class=\"mc-column content-text active-extra-styles \" data-block-type=\"unstyled\" data-block-weight=\"57\" data-block-id=\"18\">\n<p class=\"content-text__container \" data-track-category=\"Link no Texto\" data-track-links=\"\">Durante a primavera, a regi\u00e3o ainda deve ter chuvas irregulares. &#8220;Em \u00e1reas onde normalmente ocorre a redu\u00e7\u00e3o de chuvas, como em Roraima, Amap\u00e1, nordeste do Amazonas e meio norte do Par\u00e1, a previs\u00e3o indica significativa probabilidade das chuvas ocorrerem pr\u00f3ximas ou abaixo da m\u00e9dia para o per\u00edodo&#8221;, continua. As temperaturas ser\u00e3o de normais a acima da m\u00e9dia.<\/p>\n<\/div>\n<div class=\"mc-column content-text active-extra-styles \" data-block-type=\"unstyled\" data-block-weight=\"59\" data-block-id=\"19\">\n<p class=\"content-text__container \" data-track-category=\"Link no Texto\" data-track-links=\"\">A\u00a0<strong>regi\u00e3o Nordeste<\/strong>\u00a0tamb\u00e9m teve chuvas dentro ou abaixo da m\u00e9dia nos \u00faltimo meses, com exce\u00e7\u00e3o de uma faixa leste. A previs\u00e3o do Inmet para a primavera indica maior probabilidade de chuvas pr\u00f3ximas \u00e0 m\u00e9dia na parte leste da regi\u00e3o Nordeste. Nas demais \u00e1reas, prevalecem chuvas ligeiramente abaixo da m\u00e9dia. As temperaturas estar\u00e3o mais elevadas em toda a regi\u00e3o.<\/p>\n<p data-track-category=\"Link no Texto\" data-track-links=\"\">Na regi\u00e3o\u00a0<strong>Centro-Oeste<\/strong>, as chuvas estiveram dentro ou um pouco abaixo da m\u00e9dia durante o inverno. O Inmet prev\u00ea, para a primavera, alta probabilidade de chuvas na m\u00e9dia ou um pouco acima em grande parte da regi\u00e3o, exceto na metade norte de Goi\u00e1s, onde as chuvas ser\u00e3o ligeiramente abaixo da m\u00e9dia. As temperaturas ser\u00e3o acima da m\u00e9dia, principalmente no sul do Mato Grosso do Sul, norte de Mato Grosso e no Distrito Federal.<\/p>\n<div class=\"mc-column content-text active-extra-styles \" data-block-type=\"unstyled\" data-block-weight=\"33\" data-block-id=\"23\">\n<p class=\"content-text__container \" data-track-category=\"Link no Texto\" data-track-links=\"\">Na regi\u00e3o\u00a0<strong>Sudeste<\/strong>, a distribui\u00e7\u00e3o das chuvas seguiu as caracter\u00edsticas t\u00edpicas durante o inverno, com baixa ou total aus\u00eancia de chuvas, com exce\u00e7\u00e3o do leste de S\u00e3o Paulo e Rio de Janeiro.<\/p>\n<\/div>\n<div class=\"mc-column content-text active-extra-styles \" data-block-type=\"unstyled\" data-block-weight=\"61\" data-block-id=\"24\">\n<p class=\"content-text__container \" data-track-category=\"Link no Texto\" data-track-links=\"\">A previs\u00e3o do Inmet \u00e9 de que, nos meses da primavera, haja \u00e1reas com chuvas ligeiramente abaixo do que \u00e9 normal para a esta\u00e7\u00e3o, exceto no estado de S\u00e3o Paulo, sul de Minas Gerais e Rio de Janeiro, onde podem ocorrer chuvas mais fortes, principalmente no m\u00eas de novembro. As temperaturas devem permanecer acima da m\u00e9dia em grande parte da regi\u00e3o.<\/p>\n<\/div>\n<div data-track-category=\"multicontent\" data-track-action=\"ultimo chunk conteudo\" data-track-noninteraction=\"false\" data-track-scroll=\"view\">\n<div class=\"mc-column content-text active-extra-styles \" data-block-type=\"unstyled\" data-block-weight=\"66\" data-block-id=\"25\">\n<p class=\"content-text__container \" data-track-category=\"Link no Texto\" data-track-links=\"\">Na regi\u00e3o<strong>\u00a0Sul<\/strong>, a previs\u00e3o \u00e9 de que os padr\u00f5es de chuva fiquem dentro do normal, mas frentes frias e \u00e1reas de instabilidade devem fazer com que os tr\u00eas estados da regi\u00e3o tenham momentos de chuva um pouco mais volumosas que o normal. &#8220;J\u00e1 as temperaturas m\u00e9dias devem predominar dentro da normalidade na parte oeste da regi\u00e3o e acima da m\u00e9dia no restante&#8221;, diz o Inmet.<\/p>\n<p data-track-category=\"Link no Texto\" data-track-links=\"\">Fonte: https:\/\/g1.globo.com\/natureza\/noticia\/2019\/09\/23\/primavera-de-2019-deve-ter-menos-chuvas-do-que-o-normal-diz-inmet.ghtml<\/p>\n<\/div>\n<\/div>\n<\/div>\n<\/div>\n<\/div>\n<\/div>\n<p style=\"text-align: justify;\">\n","protected":false},"excerpt":{"rendered":"<p>Esta\u00e7\u00e3o come\u00e7ou nesta segunda-feira, \u00e0s 4h50, e vai at\u00e9 o dia 22 de dezembro, quando tem in\u00edcio o ver\u00e3o. Primavera vai come\u00e7ar com aspecto de inverno do Paran\u00e1 \u2014 Foto: Everson Moreira\/RPC A primavera come\u00e7ou oficialmente \u00e0s 4h50 desta segunda-feira (23). De acordo com o Instituto Nacional de Meteorologia (Inmet), a primavera de 2019 dever\u00e1 [&hellip;]<\/p>\n","protected":false},"author":1,"featured_media":7055,"comment_status":"closed","ping_status":"open","sticky":false,"template":"","format":"standard","meta":{"footnotes":""},"categories":[114,110],"tags":[],"class_list":["post-7053","post","type-post","status-publish","format-standard","has-post-thumbnail","hentry","category-geralecomercio","category-noticiasdestaque"],"_links":{"self":[{"href":"https:\/\/jorgezanoni.com.br\/2019\/wp-json\/wp\/v2\/posts\/7053","targetHints":{"allow":["GET"]}}],"collection":[{"href":"https:\/\/jorgezanoni.com.br\/2019\/wp-json\/wp\/v2\/posts"}],"about":[{"href":"https:\/\/jorgezanoni.com.br\/2019\/wp-json\/wp\/v2\/types\/post"}],"author":[{"embeddable":true,"href":"https:\/\/jorgezanoni.com.br\/2019\/wp-json\/wp\/v2\/users\/1"}],"replies":[{"embeddable":true,"href":"https:\/\/jorgezanoni.com.br\/2019\/wp-json\/wp\/v2\/comments?post=7053"}],"version-history":[{"count":0,"href":"https:\/\/jorgezanoni.com.br\/2019\/wp-json\/wp\/v2\/posts\/7053\/revisions"}],"wp:featuredmedia":[{"embeddable":true,"href":"https:\/\/jorgezanoni.com.br\/2019\/wp-json\/wp\/v2\/media\/7055"}],"wp:attachment":[{"href":"https:\/\/jorgezanoni.com.br\/2019\/wp-json\/wp\/v2\/media?parent=7053"}],"wp:term":[{"taxonomy":"category","embeddable":true,"href":"https:\/\/jorgezanoni.com.br\/2019\/wp-json\/wp\/v2\/categories?post=7053"},{"taxonomy":"post_tag","embeddable":true,"href":"https:\/\/jorgezanoni.com.br\/2019\/wp-json\/wp\/v2\/tags?post=7053"}],"curies":[{"name":"wp","href":"https:\/\/api.w.org\/{rel}","templated":true}]}}