{"id":70510,"date":"2022-10-27T22:58:21","date_gmt":"2022-10-27T22:58:21","guid":{"rendered":"https:\/\/jorgezanoni.com.br\/2019\/?p=70510"},"modified":"2022-10-27T22:58:21","modified_gmt":"2022-10-27T22:58:21","slug":"outubro-rosa-policia-civil-realiza-evento-de-prevencao-ao-cancer-de-mama-em-dracena","status":"publish","type":"post","link":"https:\/\/jorgezanoni.com.br\/2019\/outubro-rosa-policia-civil-realiza-evento-de-prevencao-ao-cancer-de-mama-em-dracena\/","title":{"rendered":"OUTUBRO ROSA: Pol\u00edcia Civil realiza evento de preven\u00e7\u00e3o ao C\u00e2ncer de Mama em Dracena"},"content":{"rendered":"<p style=\"text-align: justify;\">A Pol\u00edcia Civil, por interm\u00e9dio da Delegacia Seccional de Pol\u00edcia de Dracena, em parceria com a Secretaria Municipal de Sa\u00fade de Dracena, realizou nesta quinta-feira (27), um evento sobre sa\u00fade feminina e de conscientiza\u00e7\u00e3o e preven\u00e7\u00e3o ao c\u00e2ncer de mama. O encontro em alus\u00e3o a Campanha \u201cOutubro Rosa\u201d contou com a participa\u00e7\u00e3o de policiais civis femininas e de funcion\u00e1rias terceirizadas, e bate-papo aconteceu na sala de reuni\u00e3o da unidade policial administrativa.<\/p>\n<p style=\"text-align: justify;\">A palestra foi conduzida pela Dr\u00aa Ismaylim Tetila Banar Quaglio, m\u00e9dica da Estrat\u00e9gia Sa\u00fade da Fam\u00edlia, da Secretaria Municipal de Sa\u00fade de Dracena, discorreu sobre a sa\u00fade feminina e a import\u00e2ncia da campanha de conscientiza\u00e7\u00e3o que tem como objetivo a alertar a mulheres sobre a import\u00e2ncia da preven\u00e7\u00e3o e do diagn\u00f3stico precoce do c\u00e2ncer de mama. As participantes tamb\u00e9m puderam tirar d\u00favidas sobre o tema.<\/p>\n<p style=\"text-align: justify;\">Presente no evento, o Delegado Seccional, Dr Alexandre Luengo, ressaltou a import\u00e2ncia do encontro e dos cuidados preventivos com a sa\u00fade das mulheres, visto que a jornada de trabalho feminino, muitas vezes, acumula sobre carga com afazeres profissionais e dom\u00e9sticos, o que acaba mitigando a qualidade de vida. Alunos curso de medicina da Faculdade Unifadra\/Fundec de Dracena tamb\u00e9m prestigiaram a a\u00e7\u00e3o prevencionista.<\/p>\n<p><img loading=\"lazy\" decoding=\"async\" class=\"alignnone size-full wp-image-70512\" src=\"https:\/\/jorgezanoni.com.br\/2019\/wp-content\/uploads\/2022\/10\/z-outu.jpg\" alt=\"\" width=\"700\" height=\"525\" srcset=\"https:\/\/jorgezanoni.com.br\/2019\/wp-content\/uploads\/2022\/10\/z-outu.jpg 700w, https:\/\/jorgezanoni.com.br\/2019\/wp-content\/uploads\/2022\/10\/z-outu-300x225.jpg 300w, https:\/\/jorgezanoni.com.br\/2019\/wp-content\/uploads\/2022\/10\/z-outu-80x60.jpg 80w, https:\/\/jorgezanoni.com.br\/2019\/wp-content\/uploads\/2022\/10\/z-outu-265x198.jpg 265w, https:\/\/jorgezanoni.com.br\/2019\/wp-content\/uploads\/2022\/10\/z-outu-696x522.jpg 696w, https:\/\/jorgezanoni.com.br\/2019\/wp-content\/uploads\/2022\/10\/z-outu-560x420.jpg 560w\" sizes=\"auto, (max-width: 700px) 100vw, 700px\" \/> <img loading=\"lazy\" decoding=\"async\" class=\"alignnone size-full wp-image-70513\" src=\"https:\/\/jorgezanoni.com.br\/2019\/wp-content\/uploads\/2022\/10\/z-outu1.jpg\" alt=\"\" width=\"700\" height=\"525\" srcset=\"https:\/\/jorgezanoni.com.br\/2019\/wp-content\/uploads\/2022\/10\/z-outu1.jpg 700w, https:\/\/jorgezanoni.com.br\/2019\/wp-content\/uploads\/2022\/10\/z-outu1-300x225.jpg 300w, https:\/\/jorgezanoni.com.br\/2019\/wp-content\/uploads\/2022\/10\/z-outu1-80x60.jpg 80w, https:\/\/jorgezanoni.com.br\/2019\/wp-content\/uploads\/2022\/10\/z-outu1-265x198.jpg 265w, https:\/\/jorgezanoni.com.br\/2019\/wp-content\/uploads\/2022\/10\/z-outu1-696x522.jpg 696w, https:\/\/jorgezanoni.com.br\/2019\/wp-content\/uploads\/2022\/10\/z-outu1-560x420.jpg 560w\" sizes=\"auto, (max-width: 700px) 100vw, 700px\" \/> <img loading=\"lazy\" decoding=\"async\" class=\"alignnone size-full wp-image-70514\" src=\"https:\/\/jorgezanoni.com.br\/2019\/wp-content\/uploads\/2022\/10\/z-outu2.jpg\" alt=\"\" width=\"700\" height=\"504\" srcset=\"https:\/\/jorgezanoni.com.br\/2019\/wp-content\/uploads\/2022\/10\/z-outu2.jpg 700w, https:\/\/jorgezanoni.com.br\/2019\/wp-content\/uploads\/2022\/10\/z-outu2-300x216.jpg 300w, https:\/\/jorgezanoni.com.br\/2019\/wp-content\/uploads\/2022\/10\/z-outu2-696x501.jpg 696w, https:\/\/jorgezanoni.com.br\/2019\/wp-content\/uploads\/2022\/10\/z-outu2-583x420.jpg 583w\" sizes=\"auto, (max-width: 700px) 100vw, 700px\" \/><\/p>\n<p style=\"text-align: justify;\">Fonte: Com. Social Pol\u00edcia Civil<\/p>\n","protected":false},"excerpt":{"rendered":"<p>A Pol\u00edcia Civil, por interm\u00e9dio da Delegacia Seccional de Pol\u00edcia de Dracena, em parceria com a Secretaria Municipal de Sa\u00fade de Dracena, realizou nesta quinta-feira (27), um evento sobre sa\u00fade feminina e de conscientiza\u00e7\u00e3o e preven\u00e7\u00e3o ao c\u00e2ncer de mama. O encontro em alus\u00e3o a Campanha \u201cOutubro Rosa\u201d contou com a participa\u00e7\u00e3o de policiais civis [&hellip;]<\/p>\n","protected":false},"author":1,"featured_media":70511,"comment_status":"closed","ping_status":"open","sticky":false,"template":"","format":"standard","meta":{"footnotes":""},"categories":[110,2],"tags":[],"class_list":["post-70510","post","type-post","status-publish","format-standard","has-post-thumbnail","hentry","category-noticiasdestaque","category-policial"],"_links":{"self":[{"href":"https:\/\/jorgezanoni.com.br\/2019\/wp-json\/wp\/v2\/posts\/70510","targetHints":{"allow":["GET"]}}],"collection":[{"href":"https:\/\/jorgezanoni.com.br\/2019\/wp-json\/wp\/v2\/posts"}],"about":[{"href":"https:\/\/jorgezanoni.com.br\/2019\/wp-json\/wp\/v2\/types\/post"}],"author":[{"embeddable":true,"href":"https:\/\/jorgezanoni.com.br\/2019\/wp-json\/wp\/v2\/users\/1"}],"replies":[{"embeddable":true,"href":"https:\/\/jorgezanoni.com.br\/2019\/wp-json\/wp\/v2\/comments?post=70510"}],"version-history":[{"count":1,"href":"https:\/\/jorgezanoni.com.br\/2019\/wp-json\/wp\/v2\/posts\/70510\/revisions"}],"predecessor-version":[{"id":70515,"href":"https:\/\/jorgezanoni.com.br\/2019\/wp-json\/wp\/v2\/posts\/70510\/revisions\/70515"}],"wp:featuredmedia":[{"embeddable":true,"href":"https:\/\/jorgezanoni.com.br\/2019\/wp-json\/wp\/v2\/media\/70511"}],"wp:attachment":[{"href":"https:\/\/jorgezanoni.com.br\/2019\/wp-json\/wp\/v2\/media?parent=70510"}],"wp:term":[{"taxonomy":"category","embeddable":true,"href":"https:\/\/jorgezanoni.com.br\/2019\/wp-json\/wp\/v2\/categories?post=70510"},{"taxonomy":"post_tag","embeddable":true,"href":"https:\/\/jorgezanoni.com.br\/2019\/wp-json\/wp\/v2\/tags?post=70510"}],"curies":[{"name":"wp","href":"https:\/\/api.w.org\/{rel}","templated":true}]}}