{"id":70503,"date":"2022-10-27T22:26:45","date_gmt":"2022-10-27T22:26:45","guid":{"rendered":"https:\/\/jorgezanoni.com.br\/2019\/?p=70503"},"modified":"2022-10-27T22:26:45","modified_gmt":"2022-10-27T22:26:45","slug":"policia-militar-prende-homem-por-furto-a-estabelecimento-comercial-em-dracena","status":"publish","type":"post","link":"https:\/\/jorgezanoni.com.br\/2019\/policia-militar-prende-homem-por-furto-a-estabelecimento-comercial-em-dracena\/","title":{"rendered":"Pol\u00edcia Militar prende homem por furto a estabelecimento comercial em Dracena"},"content":{"rendered":"<p style=\"text-align: justify;\">HOMEM \u00c9 PRESO EM DRACENA\/SP, POR FURTO A ESTABELECIMENTO COMERCIAL.<\/p>\n<p style=\"text-align: justify;\">POL\u00cdCIA MILITAR EM PATRULHAMENTO PREVENTIVO PELA AVENIDA PRESIDENTE ROOSEVELT X RUA MARECHAL DEODORO DA FONSECA, VISUALIZOU UM INDIV\u00cdDUO (HOMEM DE 44 ANOS) EM ATITUDE SUSPEITA COM UM SACO NAS COSTAS, DEVIDO O HOR\u00c1RIO E POR ESTAR OCORRENDO V\u00c1RIOS FURTOS PELO PERIODO NOTURNO O QUE MOTIVOU A ABORDAGEM.<br \/>\nDURANTE A ABORDAGEM FOI LOCALIZADO NO INTERIOR DO SACO, 01 NOTEBOOK, 01 TV 32 POLEGADAS, 02 FRASCOS DE PERFUME, R$ 21.00 EM ESP\u00c9CIE.<br \/>\nAO SER INDAGADO SOBRE A PROCED\u00caNCIA DOS OBJETOS NEGOU A PR\u00c1TICA DO FURTO E DISSE QUE OS OBJETOS ERAM DE SUA RESID\u00caNCIA.<br \/>\nNO NOTEBOOK HAVIA UM NOME E ATRAV\u00c9S DESTE NOME CHEGAMOS AO TELEFONE DA POSS\u00cdVEL V\u00cdTIMA A QUAL DESLOCOU NA REFERIDA CL\u00cdNICA E COM O APOIO DAS EQUIPES POLICIAIS CONSTATOU-SE O FURTO MEDIANTE ESCALADA E ARROMBAMENTO.<br \/>\nDIANTE DOS FATOS FOI DADO VOZ DE PRIS\u00c3O EM FLAGRANTE AO AUTOR, QUE FOI APRESENTADO NA DELEGACIA ONDE A AUTORIDADE POLICIAL PRESENTE TOMOU CI\u00caNCIA DOS FATOS E RATIFICOU A PRIS\u00c3O EM FLAGRANTE, FICANDO O AUTOR PRESO A DISPOSI\u00c7\u00c3O DA JUSTI\u00c7A. SENDO OS OBJETOS SUBTRA\u00cdDOS RESTITUIDOS AO PROPRIET\u00c1RIO.<\/p>\n<p style=\"text-align: justify;\">Fonte: Com. Social Pol\u00edcia Militar<\/p>\n","protected":false},"excerpt":{"rendered":"<p>HOMEM \u00c9 PRESO EM DRACENA\/SP, POR FURTO A ESTABELECIMENTO COMERCIAL. POL\u00cdCIA MILITAR EM PATRULHAMENTO PREVENTIVO PELA AVENIDA PRESIDENTE ROOSEVELT X RUA MARECHAL DEODORO DA FONSECA, VISUALIZOU UM INDIV\u00cdDUO (HOMEM DE 44 ANOS) EM ATITUDE SUSPEITA COM UM SACO NAS COSTAS, DEVIDO O HOR\u00c1RIO E POR ESTAR OCORRENDO V\u00c1RIOS FURTOS PELO PERIODO NOTURNO O QUE MOTIVOU [&hellip;]<\/p>\n","protected":false},"author":1,"featured_media":70505,"comment_status":"closed","ping_status":"open","sticky":false,"template":"","format":"standard","meta":{"footnotes":""},"categories":[110,2],"tags":[],"class_list":["post-70503","post","type-post","status-publish","format-standard","has-post-thumbnail","hentry","category-noticiasdestaque","category-policial"],"_links":{"self":[{"href":"https:\/\/jorgezanoni.com.br\/2019\/wp-json\/wp\/v2\/posts\/70503","targetHints":{"allow":["GET"]}}],"collection":[{"href":"https:\/\/jorgezanoni.com.br\/2019\/wp-json\/wp\/v2\/posts"}],"about":[{"href":"https:\/\/jorgezanoni.com.br\/2019\/wp-json\/wp\/v2\/types\/post"}],"author":[{"embeddable":true,"href":"https:\/\/jorgezanoni.com.br\/2019\/wp-json\/wp\/v2\/users\/1"}],"replies":[{"embeddable":true,"href":"https:\/\/jorgezanoni.com.br\/2019\/wp-json\/wp\/v2\/comments?post=70503"}],"version-history":[{"count":1,"href":"https:\/\/jorgezanoni.com.br\/2019\/wp-json\/wp\/v2\/posts\/70503\/revisions"}],"predecessor-version":[{"id":70506,"href":"https:\/\/jorgezanoni.com.br\/2019\/wp-json\/wp\/v2\/posts\/70503\/revisions\/70506"}],"wp:featuredmedia":[{"embeddable":true,"href":"https:\/\/jorgezanoni.com.br\/2019\/wp-json\/wp\/v2\/media\/70505"}],"wp:attachment":[{"href":"https:\/\/jorgezanoni.com.br\/2019\/wp-json\/wp\/v2\/media?parent=70503"}],"wp:term":[{"taxonomy":"category","embeddable":true,"href":"https:\/\/jorgezanoni.com.br\/2019\/wp-json\/wp\/v2\/categories?post=70503"},{"taxonomy":"post_tag","embeddable":true,"href":"https:\/\/jorgezanoni.com.br\/2019\/wp-json\/wp\/v2\/tags?post=70503"}],"curies":[{"name":"wp","href":"https:\/\/api.w.org\/{rel}","templated":true}]}}