{"id":7049,"date":"2019-09-23T12:33:33","date_gmt":"2019-09-23T12:33:33","guid":{"rendered":"https:\/\/jorgezanoni.com.br\/2019\/?p=7049"},"modified":"2019-09-23T12:34:22","modified_gmt":"2019-09-23T12:34:22","slug":"embriagado-homem-tenta-matar-a-facadas-quatro-pessoas-e-acaba-preso-em-osvaldo-cruz","status":"publish","type":"post","link":"https:\/\/jorgezanoni.com.br\/2019\/embriagado-homem-tenta-matar-a-facadas-quatro-pessoas-e-acaba-preso-em-osvaldo-cruz\/","title":{"rendered":"Embriagado, homem tenta matar a facadas quatro pessoas e acaba preso, em Osvaldo Cruz"},"content":{"rendered":"<h2 class=\"content-head__subtitle\" style=\"text-align: justify;\"><strong>Les\u00f5es aconteceram durante um desentendimento familiar. V\u00edtimas foram o pai, o filho, o cunhado e a irm\u00e3 do indiv\u00edduo.<\/strong><\/h2>\n<p><img loading=\"lazy\" decoding=\"async\" class=\"alignnone size-full wp-image-7050\" src=\"https:\/\/jorgezanoni.com.br\/2019\/wp-content\/uploads\/2019\/09\/oc.jpeg\" alt=\"\" width=\"1000\" height=\"750\" srcset=\"https:\/\/jorgezanoni.com.br\/2019\/wp-content\/uploads\/2019\/09\/oc.jpeg 1000w, https:\/\/jorgezanoni.com.br\/2019\/wp-content\/uploads\/2019\/09\/oc-300x225.jpeg 300w, https:\/\/jorgezanoni.com.br\/2019\/wp-content\/uploads\/2019\/09\/oc-768x576.jpeg 768w, https:\/\/jorgezanoni.com.br\/2019\/wp-content\/uploads\/2019\/09\/oc-80x60.jpeg 80w, https:\/\/jorgezanoni.com.br\/2019\/wp-content\/uploads\/2019\/09\/oc-265x198.jpeg 265w, https:\/\/jorgezanoni.com.br\/2019\/wp-content\/uploads\/2019\/09\/oc-696x522.jpeg 696w, https:\/\/jorgezanoni.com.br\/2019\/wp-content\/uploads\/2019\/09\/oc-560x420.jpeg 560w\" sizes=\"auto, (max-width: 1000px) 100vw, 1000px\" \/>Facas foram apreendidas, em Osvaldo Cruz \u2014 Foto: Pol\u00edcia Militar<\/p>\n<div class=\"mc-column content-text active-extra-styles \" data-block-type=\"unstyled\" data-block-weight=\"29\" data-block-id=\"2\">\n<p class=\"content-text__container \" style=\"text-align: justify;\" data-track-category=\"Link no Texto\" data-track-links=\"\">Um homem de 46 anos tentou matar quatro pessoas, neste domingo (22), no Residencia Sotei Furuguem, em Osvaldo Cruz. Ele foi preso e as facas usadas por ele, apreendidas.<\/p>\n<\/div>\n<div class=\"wall protected-content\">\n<div class=\"mc-column content-text active-extra-styles \" style=\"text-align: justify;\" data-block-type=\"unstyled\" data-block-weight=\"42\" data-block-id=\"3\">\n<p class=\"content-text__container \" data-track-category=\"Link no Texto\" data-track-links=\"\">De acordo com a Pol\u00edcia Militar, o homem estava em casa, embriagado, quando se desentendeu com a fam\u00edlia. A corpora\u00e7\u00e3o, ent\u00e3o, foi acionada e quando chegou ao local se deparou com a Unidade Resgate que realizava o atendimento \u00e0s tr\u00eas v\u00edtimas.<\/p>\n<\/div>\n<div class=\"mc-column content-text active-extra-styles \" style=\"text-align: justify;\" data-block-type=\"unstyled\" data-block-weight=\"22\" data-block-id=\"4\">\n<p class=\"content-text__container \" data-track-category=\"Link no Texto\" data-track-links=\"\">Inicialmente, a PM identificou tr\u00eas feridos: o filho, de 19 anos, o cunhado, de 51, e a irm\u00e3 dele, de 52 anos.<\/p>\n<\/div>\n<div class=\"mc-column content-text active-extra-styles \" style=\"text-align: justify;\" data-block-type=\"unstyled\" data-block-weight=\"59\" data-block-id=\"5\">\n<p class=\"content-text__container \" data-track-category=\"Link no Texto\" data-track-links=\"\">De acordo com a pol\u00edcia, o cunhado sofreu tr\u00eas perfura\u00e7\u00f5es (uma no bra\u00e7o esquerdo, tendo oito pontos, na m\u00e3o direita, tendo 15 pontos, e no peito, tendo dois pontos), a irm\u00e3 sofre ferimentos na m\u00e3o direita (sendo sete pontos) e o filho com uma facada na m\u00e3o esquerda (tendo nove pontos) e outro ferimento em sua m\u00e3o direita.<\/p>\n<\/div>\n<div class=\"mc-column content-text active-extra-styles \" style=\"text-align: justify;\" data-block-type=\"unstyled\" data-block-weight=\"12\" data-block-id=\"6\">\n<p class=\"content-text__container \" data-track-category=\"Link no Texto\" data-track-links=\"\">As v\u00edtimas foram levadas para o Pronto-socorro da cidade, atendidas e liberadas.<\/p>\n<\/div>\n<div class=\"mc-column content-text active-extra-styles \" data-block-type=\"unstyled\" data-block-weight=\"40\" data-block-id=\"7\">\n<p class=\"content-text__container \" style=\"text-align: justify;\" data-track-category=\"Link no Texto\" data-track-links=\"\">Em seguida, os policias passaram procurar o autor das les\u00f5es. Ap\u00f3s 40 minutos de buscas em um matagal aos fundos do Cemit\u00e9rio, os militares localizaram o suspeito em um buraco. Ele apresentava v\u00e1rios ferimentos causados, segundo ele, por pessoas desconhecidas.<\/p>\n<div class=\"mc-column content-text active-extra-styles \" style=\"text-align: justify;\" data-block-type=\"unstyled\" data-block-weight=\"13\" data-block-id=\"9\">\n<p class=\"content-text__container \" data-track-category=\"Link no Texto\" data-track-links=\"\">Ele tamb\u00e9m foi encaminhado para ao Pronto-socorro para atendimento m\u00e9dico e posteriormente liberado.<\/p>\n<\/div>\n<div class=\"mc-column content-text active-extra-styles \" style=\"text-align: justify;\" data-block-type=\"unstyled\" data-block-weight=\"23\" data-block-id=\"10\">\n<p class=\"content-text__container \" data-track-category=\"Link no Texto\" data-track-links=\"\">Durante busca pela casa do suspeito para localizar a arma utilizada no crime. Uma pessoa entregou aos policias uma faca e um fac\u00e3o.<\/p>\n<\/div>\n<div class=\"mc-column content-text active-extra-styles \" style=\"text-align: justify;\" data-block-type=\"unstyled\" data-block-weight=\"37\" data-block-id=\"11\">\n<p class=\"content-text__container \" data-track-category=\"Link no Texto\" data-track-links=\"\">Em continua\u00e7\u00e3o \u00e0s buscas, os policias localizaram o pai do suspeito, que tamb\u00e9m alega ter sido agredido pelo filho com um soco no peito e apresentava um corte no bra\u00e7o. Ele foi encaminhado \u00e0 atendimento m\u00e9dico.<\/p>\n<\/div>\n<div class=\"mc-column content-text active-extra-styles \" style=\"text-align: justify;\" data-block-type=\"unstyled\" data-block-weight=\"43\" data-block-id=\"12\">\n<p class=\"content-text__container \" data-track-category=\"Link no Texto\" data-track-links=\"\">Conforme a PM, durante a apresenta\u00e7\u00e3o da ocorr\u00eancia, v\u00e1rias den\u00fancias an\u00f4nimas indicavam que o homem preso havia praticado diversos furtos na cidade. Diante disso, policias foram at\u00e9 uma propriedade rural onde residia o homem e localizaram objetos de proced\u00eancia duvidosa, que foram apreendidos.<\/p>\n<\/div>\n<div class=\"mc-column content-text active-extra-styles \" style=\"text-align: justify;\" data-block-type=\"unstyled\" data-block-weight=\"8\" data-block-id=\"13\">\n<p class=\"content-text__container \" data-track-category=\"Link no Texto\" data-track-links=\"\">O homem permaneceu detido \u00e0 disposi\u00e7\u00e3o da Justi\u00e7a.<\/p>\n<\/div>\n<div data-track-category=\"multicontent\" data-track-action=\"ultimo chunk conteudo\" data-track-noninteraction=\"false\" data-track-scroll=\"view\">\n<div class=\"row medium-uncollapsed content-media content-photo\" data-block-type=\"backstage-photo\" data-block-id=\"14\">\n<div class=\"mc-column content-media__container\">\n<div class=\"progressive-img can-open-lightbox\" style=\"text-align: justify;\" data-min-size=\"1008x1060\" data-min-size-url=\"https:\/\/s2.glbimg.com\/PoLdXDXiydnbI9SCQoSNUWkUxss=\/0x83:768x891\/1008x0\/smart\/filters:strip_icc()\/i.s3.glbimg.com\/v1\/AUTH_59edd422c0c84a879bd37670ae4f538a\/internal_photos\/bs\/2019\/f\/I\/jyB0fSRA2ewVpj6I4Fqg\/whatsapp-image-2019-09-23-at-07.52.18.jpeg\" data-max-size=\"1600x1683\" data-max-size-url=\"https:\/\/s2.glbimg.com\/WtipsdH9z3g7QLh7UjxWMSIKa5k=\/0x83:768x891\/1600x0\/smart\/filters:strip_icc()\/i.s3.glbimg.com\/v1\/AUTH_59edd422c0c84a879bd37670ae4f538a\/internal_photos\/bs\/2019\/f\/I\/jyB0fSRA2ewVpj6I4Fqg\/whatsapp-image-2019-09-23-at-07.52.18.jpeg\" data-media-index=\"1\">Fonte: G1 e 25\u00ba BPM\/I<\/div>\n<\/div>\n<\/div>\n<\/div>\n<\/div>\n<\/div>\n","protected":false},"excerpt":{"rendered":"<p>Les\u00f5es aconteceram durante um desentendimento familiar. V\u00edtimas foram o pai, o filho, o cunhado e a irm\u00e3 do indiv\u00edduo. Facas foram apreendidas, em Osvaldo Cruz \u2014 Foto: Pol\u00edcia Militar Um homem de 46 anos tentou matar quatro pessoas, neste domingo (22), no Residencia Sotei Furuguem, em Osvaldo Cruz. Ele foi preso e as facas usadas [&hellip;]<\/p>\n","protected":false},"author":1,"featured_media":7051,"comment_status":"closed","ping_status":"open","sticky":false,"template":"","format":"standard","meta":{"footnotes":""},"categories":[110,2],"tags":[],"class_list":["post-7049","post","type-post","status-publish","format-standard","has-post-thumbnail","hentry","category-noticiasdestaque","category-policial"],"_links":{"self":[{"href":"https:\/\/jorgezanoni.com.br\/2019\/wp-json\/wp\/v2\/posts\/7049","targetHints":{"allow":["GET"]}}],"collection":[{"href":"https:\/\/jorgezanoni.com.br\/2019\/wp-json\/wp\/v2\/posts"}],"about":[{"href":"https:\/\/jorgezanoni.com.br\/2019\/wp-json\/wp\/v2\/types\/post"}],"author":[{"embeddable":true,"href":"https:\/\/jorgezanoni.com.br\/2019\/wp-json\/wp\/v2\/users\/1"}],"replies":[{"embeddable":true,"href":"https:\/\/jorgezanoni.com.br\/2019\/wp-json\/wp\/v2\/comments?post=7049"}],"version-history":[{"count":0,"href":"https:\/\/jorgezanoni.com.br\/2019\/wp-json\/wp\/v2\/posts\/7049\/revisions"}],"wp:featuredmedia":[{"embeddable":true,"href":"https:\/\/jorgezanoni.com.br\/2019\/wp-json\/wp\/v2\/media\/7051"}],"wp:attachment":[{"href":"https:\/\/jorgezanoni.com.br\/2019\/wp-json\/wp\/v2\/media?parent=7049"}],"wp:term":[{"taxonomy":"category","embeddable":true,"href":"https:\/\/jorgezanoni.com.br\/2019\/wp-json\/wp\/v2\/categories?post=7049"},{"taxonomy":"post_tag","embeddable":true,"href":"https:\/\/jorgezanoni.com.br\/2019\/wp-json\/wp\/v2\/tags?post=7049"}],"curies":[{"name":"wp","href":"https:\/\/api.w.org\/{rel}","templated":true}]}}