{"id":70476,"date":"2022-10-26T17:14:24","date_gmt":"2022-10-26T17:14:24","guid":{"rendered":"https:\/\/jorgezanoni.com.br\/2019\/?p=70476"},"modified":"2022-10-26T17:14:54","modified_gmt":"2022-10-26T17:14:54","slug":"garoto-da-regiao-passa-em-teste-e-e-convidado-a-fazer-testes-no-flamengo","status":"publish","type":"post","link":"https:\/\/jorgezanoni.com.br\/2019\/garoto-da-regiao-passa-em-teste-e-e-convidado-a-fazer-testes-no-flamengo\/","title":{"rendered":"Garoto da regi\u00e3o passa em peneira e \u00e9 convidado a fazer testes no Flamengo"},"content":{"rendered":"<p style=\"text-align: justify;\"><strong>O garoto Alexandre dos Anjos de Souza de 13 anos, foi um dos escolhidos no &#8220;peneir\u00e3o&#8221; realizado no \u00faltimo final de semana em Ouro Verde.<\/strong><\/p>\n<p style=\"text-align: justify;\">Ele \u00e9 filho de Rafael Melegari de Souza, funcion\u00e1rio da Prefeitura de Dracena.<\/p>\n<p style=\"text-align: justify;\">A pr\u00f3xima etapa ser\u00e1 em Curitiba onde haver\u00e1 avali\u00e7\u00e3o no Clube de Regatas Flamengo N\u00facleo Trieste. Ap\u00f3s uma semana de testes, caso seja aprovado, seguir\u00e1 para o Rio de Janeiro.<\/p>\n<p style=\"text-align: justify;\">Quem fez os trabalhos de escolha dos garotos foi o T\u00e9cnico Marcos Quinto.<\/p>\n<p><img loading=\"lazy\" decoding=\"async\" class=\"alignnone size-full wp-image-70478\" src=\"https:\/\/jorgezanoni.com.br\/2019\/wp-content\/uploads\/2022\/10\/melegari.jpg\" alt=\"\" width=\"720\" height=\"1042\" srcset=\"https:\/\/jorgezanoni.com.br\/2019\/wp-content\/uploads\/2022\/10\/melegari.jpg 720w, https:\/\/jorgezanoni.com.br\/2019\/wp-content\/uploads\/2022\/10\/melegari-207x300.jpg 207w, https:\/\/jorgezanoni.com.br\/2019\/wp-content\/uploads\/2022\/10\/melegari-708x1024.jpg 708w, https:\/\/jorgezanoni.com.br\/2019\/wp-content\/uploads\/2022\/10\/melegari-696x1007.jpg 696w, https:\/\/jorgezanoni.com.br\/2019\/wp-content\/uploads\/2022\/10\/melegari-290x420.jpg 290w\" sizes=\"auto, (max-width: 720px) 100vw, 720px\" \/><\/p>\n<p>por Jorge Zanoni<\/p>\n<p>&nbsp;<\/p>\n<p>&nbsp;<\/p>\n<p>&nbsp;<\/p>\n","protected":false},"excerpt":{"rendered":"<p>O garoto Alexandre dos Anjos de Souza de 13 anos, foi um dos escolhidos no &#8220;peneir\u00e3o&#8221; realizado no \u00faltimo final de semana em Ouro Verde. Ele \u00e9 filho de Rafael Melegari de Souza, funcion\u00e1rio da Prefeitura de Dracena. A pr\u00f3xima etapa ser\u00e1 em Curitiba onde haver\u00e1 avali\u00e7\u00e3o no Clube de Regatas Flamengo N\u00facleo Trieste. Ap\u00f3s [&hellip;]<\/p>\n","protected":false},"author":1,"featured_media":70477,"comment_status":"closed","ping_status":"open","sticky":false,"template":"","format":"standard","meta":{"footnotes":""},"categories":[111,110],"tags":[],"class_list":["post-70476","post","type-post","status-publish","format-standard","has-post-thumbnail","hentry","category-esporteecultura","category-noticiasdestaque"],"_links":{"self":[{"href":"https:\/\/jorgezanoni.com.br\/2019\/wp-json\/wp\/v2\/posts\/70476","targetHints":{"allow":["GET"]}}],"collection":[{"href":"https:\/\/jorgezanoni.com.br\/2019\/wp-json\/wp\/v2\/posts"}],"about":[{"href":"https:\/\/jorgezanoni.com.br\/2019\/wp-json\/wp\/v2\/types\/post"}],"author":[{"embeddable":true,"href":"https:\/\/jorgezanoni.com.br\/2019\/wp-json\/wp\/v2\/users\/1"}],"replies":[{"embeddable":true,"href":"https:\/\/jorgezanoni.com.br\/2019\/wp-json\/wp\/v2\/comments?post=70476"}],"version-history":[{"count":2,"href":"https:\/\/jorgezanoni.com.br\/2019\/wp-json\/wp\/v2\/posts\/70476\/revisions"}],"predecessor-version":[{"id":70481,"href":"https:\/\/jorgezanoni.com.br\/2019\/wp-json\/wp\/v2\/posts\/70476\/revisions\/70481"}],"wp:featuredmedia":[{"embeddable":true,"href":"https:\/\/jorgezanoni.com.br\/2019\/wp-json\/wp\/v2\/media\/70477"}],"wp:attachment":[{"href":"https:\/\/jorgezanoni.com.br\/2019\/wp-json\/wp\/v2\/media?parent=70476"}],"wp:term":[{"taxonomy":"category","embeddable":true,"href":"https:\/\/jorgezanoni.com.br\/2019\/wp-json\/wp\/v2\/categories?post=70476"},{"taxonomy":"post_tag","embeddable":true,"href":"https:\/\/jorgezanoni.com.br\/2019\/wp-json\/wp\/v2\/tags?post=70476"}],"curies":[{"name":"wp","href":"https:\/\/api.w.org\/{rel}","templated":true}]}}