{"id":70441,"date":"2022-10-26T15:14:17","date_gmt":"2022-10-26T15:14:17","guid":{"rendered":"https:\/\/jorgezanoni.com.br\/2019\/?p=70441"},"modified":"2022-10-28T12:40:04","modified_gmt":"2022-10-28T12:40:04","slug":"morador-de-tupi-paulista-e-vitima-fatal-em-acidente-na-vicinal-do-oasis","status":"publish","type":"post","link":"https:\/\/jorgezanoni.com.br\/2019\/morador-de-tupi-paulista-e-vitima-fatal-em-acidente-na-vicinal-do-oasis\/","title":{"rendered":"Morador de Tupi Paulista \u00e9 v\u00edtima fatal em acidente na Vicinal do O\u00e1sis"},"content":{"rendered":"<section class=\"elementor-section elementor-top-section elementor-element elementor-element-748b1b5 elementor-section-boxed elementor-section-height-default elementor-section-height-default\" data-id=\"748b1b5\" data-element_type=\"section\">\n<div class=\"elementor-container elementor-column-gap-default\">\n<div class=\"elementor-column elementor-col-100 elementor-top-column elementor-element elementor-element-1174b14\" data-id=\"1174b14\" data-element_type=\"column\">\n<div class=\"elementor-widget-wrap elementor-element-populated\">\n<div class=\"elementor-element elementor-element-5fca56f elementor-widget elementor-widget-heading\" data-id=\"5fca56f\" data-element_type=\"widget\" data-widget_type=\"heading.default\">\n<div class=\"elementor-widget-container\">\n<p style=\"text-align: justify;\"><strong>David Henrique de Souza Silva de 28 anos, morador de Tupi Paulista \u00e9 a v\u00edtima fatal. Estrada liga Dracena a Tupi Paulista, passando pelo Bairro O\u00e1sis.<\/strong><\/p>\n<p style=\"text-align: justify;\">No final da tarde de ontem (26), nas proximidades de uma cervejaria na vicinal O\u00e1sis, colidiram frontalmente, uma Moto de Tupi Paulista e um ve\u00edculo placas de S\u00e3o Jo\u00e3o do P\u00e1u D&#8217;\u00c1lho.<\/p>\n<p style=\"text-align: justify;\">O motociclista foi socorrido por uma Unidade de Resgate ao Pronto Atendimento de Dracena em estado grave com parada cardiorrespirat\u00f3ria, por\u00e9m n\u00e3o resistiu, vindo a \u00f3bito. O motorista do ve\u00edculo teve apenas ferimentos leves.<\/p>\n<p style=\"text-align: justify;\">Compareceram ao local a Pol\u00edcia Militar e Per\u00edcia T\u00e9cnica que ir\u00e3o apontar as reais causas do acidente.<\/p>\n<p style=\"text-align: justify;\">O corpo do jovem foi velado no Vel\u00f3rio municipal e o Sepultamento ocorreu na manh\u00e3 desta quarta-feira no Cemit\u00e9rio local.<\/p>\n<p><img loading=\"lazy\" decoding=\"async\" class=\"alignnone size-full wp-image-70444\" src=\"https:\/\/jorgezanoni.com.br\/2019\/wp-content\/uploads\/2022\/10\/tupi-3-2.jpg\" alt=\"\" width=\"767\" height=\"784\" srcset=\"https:\/\/jorgezanoni.com.br\/2019\/wp-content\/uploads\/2022\/10\/tupi-3-2.jpg 767w, https:\/\/jorgezanoni.com.br\/2019\/wp-content\/uploads\/2022\/10\/tupi-3-2-293x300.jpg 293w, https:\/\/jorgezanoni.com.br\/2019\/wp-content\/uploads\/2022\/10\/tupi-3-2-356x364.jpg 356w, https:\/\/jorgezanoni.com.br\/2019\/wp-content\/uploads\/2022\/10\/tupi-3-2-696x711.jpg 696w, https:\/\/jorgezanoni.com.br\/2019\/wp-content\/uploads\/2022\/10\/tupi-3-2-411x420.jpg 411w\" sizes=\"auto, (max-width: 767px) 100vw, 767px\" \/> <img loading=\"lazy\" decoding=\"async\" class=\"alignnone size-full wp-image-70445\" src=\"https:\/\/jorgezanoni.com.br\/2019\/wp-content\/uploads\/2022\/10\/Tupi.jpg\" alt=\"\" width=\"720\" height=\"445\" srcset=\"https:\/\/jorgezanoni.com.br\/2019\/wp-content\/uploads\/2022\/10\/Tupi.jpg 720w, https:\/\/jorgezanoni.com.br\/2019\/wp-content\/uploads\/2022\/10\/Tupi-300x185.jpg 300w, https:\/\/jorgezanoni.com.br\/2019\/wp-content\/uploads\/2022\/10\/Tupi-356x220.jpg 356w, https:\/\/jorgezanoni.com.br\/2019\/wp-content\/uploads\/2022\/10\/Tupi-696x430.jpg 696w, https:\/\/jorgezanoni.com.br\/2019\/wp-content\/uploads\/2022\/10\/Tupi-680x420.jpg 680w\" sizes=\"auto, (max-width: 720px) 100vw, 720px\" \/> <img loading=\"lazy\" decoding=\"async\" class=\"alignnone size-full wp-image-70446\" src=\"https:\/\/jorgezanoni.com.br\/2019\/wp-content\/uploads\/2022\/10\/Tupi2-2.jpg\" alt=\"\" width=\"710\" height=\"682\" srcset=\"https:\/\/jorgezanoni.com.br\/2019\/wp-content\/uploads\/2022\/10\/Tupi2-2.jpg 710w, https:\/\/jorgezanoni.com.br\/2019\/wp-content\/uploads\/2022\/10\/Tupi2-2-300x288.jpg 300w, https:\/\/jorgezanoni.com.br\/2019\/wp-content\/uploads\/2022\/10\/Tupi2-2-696x669.jpg 696w, https:\/\/jorgezanoni.com.br\/2019\/wp-content\/uploads\/2022\/10\/Tupi2-2-437x420.jpg 437w\" sizes=\"auto, (max-width: 710px) 100vw, 710px\" \/><span style=\"text-align: justify;\">Jorge Zanoni<\/span><\/p>\n<p>Fotos de Internauta<\/p>\n<p>&nbsp;<\/p>\n<\/div>\n<\/div>\n<\/div>\n<\/div>\n<\/div>\n<\/section>\n","protected":false},"excerpt":{"rendered":"<p>David Henrique de Souza Silva de 28 anos, morador de Tupi Paulista \u00e9 a v\u00edtima fatal. Estrada liga Dracena a Tupi Paulista, passando pelo Bairro O\u00e1sis. No final da tarde de ontem (26), nas proximidades de uma cervejaria na vicinal O\u00e1sis, colidiram frontalmente, uma Moto de Tupi Paulista e um ve\u00edculo placas de S\u00e3o Jo\u00e3o [&hellip;]<\/p>\n","protected":false},"author":1,"featured_media":70443,"comment_status":"closed","ping_status":"open","sticky":false,"template":"","format":"standard","meta":{"footnotes":""},"categories":[170,110],"tags":[],"class_list":["post-70441","post","type-post","status-publish","format-standard","has-post-thumbnail","hentry","category-acidentes","category-noticiasdestaque"],"_links":{"self":[{"href":"https:\/\/jorgezanoni.com.br\/2019\/wp-json\/wp\/v2\/posts\/70441","targetHints":{"allow":["GET"]}}],"collection":[{"href":"https:\/\/jorgezanoni.com.br\/2019\/wp-json\/wp\/v2\/posts"}],"about":[{"href":"https:\/\/jorgezanoni.com.br\/2019\/wp-json\/wp\/v2\/types\/post"}],"author":[{"embeddable":true,"href":"https:\/\/jorgezanoni.com.br\/2019\/wp-json\/wp\/v2\/users\/1"}],"replies":[{"embeddable":true,"href":"https:\/\/jorgezanoni.com.br\/2019\/wp-json\/wp\/v2\/comments?post=70441"}],"version-history":[{"count":3,"href":"https:\/\/jorgezanoni.com.br\/2019\/wp-json\/wp\/v2\/posts\/70441\/revisions"}],"predecessor-version":[{"id":70516,"href":"https:\/\/jorgezanoni.com.br\/2019\/wp-json\/wp\/v2\/posts\/70441\/revisions\/70516"}],"wp:featuredmedia":[{"embeddable":true,"href":"https:\/\/jorgezanoni.com.br\/2019\/wp-json\/wp\/v2\/media\/70443"}],"wp:attachment":[{"href":"https:\/\/jorgezanoni.com.br\/2019\/wp-json\/wp\/v2\/media?parent=70441"}],"wp:term":[{"taxonomy":"category","embeddable":true,"href":"https:\/\/jorgezanoni.com.br\/2019\/wp-json\/wp\/v2\/categories?post=70441"},{"taxonomy":"post_tag","embeddable":true,"href":"https:\/\/jorgezanoni.com.br\/2019\/wp-json\/wp\/v2\/tags?post=70441"}],"curies":[{"name":"wp","href":"https:\/\/api.w.org\/{rel}","templated":true}]}}