{"id":70416,"date":"2022-10-25T15:26:14","date_gmt":"2022-10-25T15:26:14","guid":{"rendered":"https:\/\/jorgezanoni.com.br\/2019\/?p=70416"},"modified":"2022-10-25T15:26:14","modified_gmt":"2022-10-25T15:26:14","slug":"policia-civil-prende-homem-suspeito-por-roubo-agressao-e-violencia-sexual-em-dracena","status":"publish","type":"post","link":"https:\/\/jorgezanoni.com.br\/2019\/policia-civil-prende-homem-suspeito-por-roubo-agressao-e-violencia-sexual-em-dracena\/","title":{"rendered":"Pol\u00edcia Civil prende homem suspeito por roubo, agress\u00e3o e viol\u00eancia sexual em Dracena"},"content":{"rendered":"<p style=\"text-align: justify;\"><strong>A v\u00edtima sofreu agress\u00f5es f\u00edsicas e viol\u00eancia sexual, e teve ainda roubado um celular e a quantia de cerca de R$ 500 reais em dinheiro. O crime ocorreu na madrugada de domingo (23), no bairro Metr\u00f3pole.<\/strong><\/p>\n<p style=\"text-align: justify;\">A Policia Civil, por interm\u00e9dio do Plant\u00e3o Policial Permanente de Dracena, com apoio operacional de agentes da Unidades Especializadas &#8211; DIG\/DISE e do Centro de Intelig\u00eancia Policial, prendeu nesta segunda-feira (24), um homem, de 39 anos, suspeito de roubar e estuprar uma mulher em via p\u00fablica, no bairro Metr\u00f3poles em Dracena.<\/p>\n<p style=\"text-align: justify;\">Na madrugada de domingo (23), a v\u00edtima foi conduzida ao Plant\u00e3o Policial por uma guarni\u00e7\u00e3o de policiais militares, noticiando uma ocorr\u00eancia de roubo e crime contra a dignidade sexual. No hist\u00f3rico do boletim a mulher narrou que caminhava em via p\u00fablica, quando na proximidade do recinto de exposi\u00e7\u00e3o de Dracena, um homem mediante uso de grave amea\u00e7a e viol\u00eancia, com luta, retirou as roupas \u00edntimas da v\u00edtima e na sequencia subtraiu celular e quinhentos reais em dinheiro.<\/p>\n<p style=\"text-align: justify;\">De imediato, ainda durante o registro da ocorr\u00eancia, a equipe plantonista iniciou as investiga\u00e7\u00f5es, baseando-se nas informa\u00e7\u00f5es e detalhes prestados pela v\u00edtima, e com o aux\u00edlio do Centro de Intelig\u00eancia Policial, sendo poss\u00edvel conseguir identifica\u00e7\u00e3o e qualifica\u00e7\u00e3o do suposto autor do crime. Fato que possibilitou pela representa\u00e7\u00e3o junto ao Plant\u00e3o do Poder Judici\u00e1rio pelo pedido de pris\u00e3o tempor\u00e1ria do acusado.<\/p>\n<p style=\"text-align: justify;\">O mandado de pris\u00e3o decretado e expedido, e nesta segunda-feira (24), foi cumprido por agentes da Unidades Especializadas, que localizaram o suspeito na resid\u00eancia de sua genitora. Durante a pris\u00e3o o suspeito n\u00e3o ofereceu resist\u00eancia.<\/p>\n<p style=\"text-align: justify;\">O acusado foi conduzido para sede da Pol\u00edcia Civil, onde se cumpriu a ordem de pris\u00e3o tempor\u00e1ria que consta com prazo de 30 dias, podendo ser prorrogado por tempo igual per\u00edodo. Investigado submetido a procedimento de reconhecimento que restou positivo.<\/p>\n<p style=\"text-align: justify;\">O homem j\u00e1 possui antecedentes criminais pelos crimes de porte arma, posse de drogas, tentativa de homic\u00eddio, roubo, amea\u00e7a e homic\u00eddio. No sistema de movimenta\u00e7\u00e3o prisional consta que o suspeito \u00e9 egresso, 24\/6\/2022, por ter recebido o benef\u00edcio de progress\u00e3o ao regime aberto.<\/p>\n<p><img loading=\"lazy\" decoding=\"async\" class=\"alignnone size-full wp-image-70418\" src=\"https:\/\/jorgezanoni.com.br\/2019\/wp-content\/uploads\/2022\/10\/pc1-2.jpg\" alt=\"\" width=\"700\" height=\"504\" srcset=\"https:\/\/jorgezanoni.com.br\/2019\/wp-content\/uploads\/2022\/10\/pc1-2.jpg 700w, https:\/\/jorgezanoni.com.br\/2019\/wp-content\/uploads\/2022\/10\/pc1-2-300x216.jpg 300w, https:\/\/jorgezanoni.com.br\/2019\/wp-content\/uploads\/2022\/10\/pc1-2-696x501.jpg 696w, https:\/\/jorgezanoni.com.br\/2019\/wp-content\/uploads\/2022\/10\/pc1-2-583x420.jpg 583w\" sizes=\"auto, (max-width: 700px) 100vw, 700px\" \/> <img loading=\"lazy\" decoding=\"async\" class=\"alignnone size-full wp-image-70419\" src=\"https:\/\/jorgezanoni.com.br\/2019\/wp-content\/uploads\/2022\/10\/pc2-1.jpg\" alt=\"\" width=\"700\" height=\"548\" srcset=\"https:\/\/jorgezanoni.com.br\/2019\/wp-content\/uploads\/2022\/10\/pc2-1.jpg 700w, https:\/\/jorgezanoni.com.br\/2019\/wp-content\/uploads\/2022\/10\/pc2-1-300x235.jpg 300w, https:\/\/jorgezanoni.com.br\/2019\/wp-content\/uploads\/2022\/10\/pc2-1-696x545.jpg 696w, https:\/\/jorgezanoni.com.br\/2019\/wp-content\/uploads\/2022\/10\/pc2-1-536x420.jpg 536w\" sizes=\"auto, (max-width: 700px) 100vw, 700px\" \/>Fonte: Com. Social Pol\u00edcia Civil<\/p>\n","protected":false},"excerpt":{"rendered":"<p>A v\u00edtima sofreu agress\u00f5es f\u00edsicas e viol\u00eancia sexual, e teve ainda roubado um celular e a quantia de cerca de R$ 500 reais em dinheiro. O crime ocorreu na madrugada de domingo (23), no bairro Metr\u00f3pole. A Policia Civil, por interm\u00e9dio do Plant\u00e3o Policial Permanente de Dracena, com apoio operacional de agentes da Unidades Especializadas [&hellip;]<\/p>\n","protected":false},"author":1,"featured_media":70417,"comment_status":"closed","ping_status":"open","sticky":false,"template":"","format":"standard","meta":{"footnotes":""},"categories":[110,2],"tags":[],"class_list":["post-70416","post","type-post","status-publish","format-standard","has-post-thumbnail","hentry","category-noticiasdestaque","category-policial"],"_links":{"self":[{"href":"https:\/\/jorgezanoni.com.br\/2019\/wp-json\/wp\/v2\/posts\/70416","targetHints":{"allow":["GET"]}}],"collection":[{"href":"https:\/\/jorgezanoni.com.br\/2019\/wp-json\/wp\/v2\/posts"}],"about":[{"href":"https:\/\/jorgezanoni.com.br\/2019\/wp-json\/wp\/v2\/types\/post"}],"author":[{"embeddable":true,"href":"https:\/\/jorgezanoni.com.br\/2019\/wp-json\/wp\/v2\/users\/1"}],"replies":[{"embeddable":true,"href":"https:\/\/jorgezanoni.com.br\/2019\/wp-json\/wp\/v2\/comments?post=70416"}],"version-history":[{"count":1,"href":"https:\/\/jorgezanoni.com.br\/2019\/wp-json\/wp\/v2\/posts\/70416\/revisions"}],"predecessor-version":[{"id":70420,"href":"https:\/\/jorgezanoni.com.br\/2019\/wp-json\/wp\/v2\/posts\/70416\/revisions\/70420"}],"wp:featuredmedia":[{"embeddable":true,"href":"https:\/\/jorgezanoni.com.br\/2019\/wp-json\/wp\/v2\/media\/70417"}],"wp:attachment":[{"href":"https:\/\/jorgezanoni.com.br\/2019\/wp-json\/wp\/v2\/media?parent=70416"}],"wp:term":[{"taxonomy":"category","embeddable":true,"href":"https:\/\/jorgezanoni.com.br\/2019\/wp-json\/wp\/v2\/categories?post=70416"},{"taxonomy":"post_tag","embeddable":true,"href":"https:\/\/jorgezanoni.com.br\/2019\/wp-json\/wp\/v2\/tags?post=70416"}],"curies":[{"name":"wp","href":"https:\/\/api.w.org\/{rel}","templated":true}]}}