{"id":70395,"date":"2022-10-25T00:36:10","date_gmt":"2022-10-25T00:36:10","guid":{"rendered":"https:\/\/jorgezanoni.com.br\/2019\/?p=70395"},"modified":"2022-10-25T00:36:10","modified_gmt":"2022-10-25T00:36:10","slug":"fundec-abre-processo-seletivo-para-contratacao-de-professores","status":"publish","type":"post","link":"https:\/\/jorgezanoni.com.br\/2019\/fundec-abre-processo-seletivo-para-contratacao-de-professores\/","title":{"rendered":"Fundec abre processo seletivo para contrata\u00e7\u00e3o de professores"},"content":{"rendered":"<p style=\"text-align: justify;\"><span style=\"font-size: large;\">A Funda\u00e7\u00e3o Dracenense de Educa\u00e7\u00e3o e Cultura (Fundec) est\u00e1 contratando para vagas de doc\u00eancia e abriu inscri\u00e7\u00f5es para o Processo Seletivo 04\/2022. O edital est\u00e1 dispon\u00edvel no link <a href=\"https:\/\/fundec.edu.br\/editais\" target=\"_blank\" rel=\"noopener noreferrer\">https:\/\/fundec.edu.br\/editais<\/a>\u00a0e os interessados devem acessar o bot\u00e3o &#8220;Portal de Inscri\u00e7\u00f5es&#8221; para se candidatar \u00e0s vagas, at\u00e9 o dia 10\/11\/2022.<\/span><\/p>\n<p><span style=\"font-size: large;\">Os cargos s\u00e3o para professores do Ensino Profissionalizante (T\u00e9cnico em Enfermagem) e do Ensino Superior (Educa\u00e7\u00e3o F\u00edsica &#8211; Hist\u00f3ria da Educa\u00e7\u00e3o F\u00edsica \/ Educa\u00e7\u00e3o F\u00edsica &#8211; Aprendizagem e Controle Motor \/ Enfermagem &#8211; Est\u00e1gio Supervisionado em Aten\u00e7\u00e3o Hospitalar \/ Medicina).<\/span><\/p>\n<p><span style=\"font-size: large;\">A prova escrita ser\u00e1 realizada no dia 19\/11, \u00e0s 9h, na Unifadra. O resultado ser\u00e1 divulgado no dia 25\/11. Os candidatos classificados ser\u00e3o convocados para a prova did\u00e1tica pr\u00e1tica.<\/span><\/p>\n<p>Fonte: Depto. Comunica\u00e7\u00e3o Fundec<\/p>\n","protected":false},"excerpt":{"rendered":"<p>A Funda\u00e7\u00e3o Dracenense de Educa\u00e7\u00e3o e Cultura (Fundec) est\u00e1 contratando para vagas de doc\u00eancia e abriu inscri\u00e7\u00f5es para o Processo Seletivo 04\/2022. O edital est\u00e1 dispon\u00edvel no link https:\/\/fundec.edu.br\/editais\u00a0e os interessados devem acessar o bot\u00e3o &#8220;Portal de Inscri\u00e7\u00f5es&#8221; para se candidatar \u00e0s vagas, at\u00e9 o dia 10\/11\/2022. Os cargos s\u00e3o para professores do Ensino Profissionalizante [&hellip;]<\/p>\n","protected":false},"author":1,"featured_media":70396,"comment_status":"closed","ping_status":"open","sticky":false,"template":"","format":"standard","meta":{"footnotes":""},"categories":[110,122],"tags":[],"class_list":["post-70395","post","type-post","status-publish","format-standard","has-post-thumbnail","hentry","category-noticiasdestaque","category-saudeeducacaoeconcurso"],"_links":{"self":[{"href":"https:\/\/jorgezanoni.com.br\/2019\/wp-json\/wp\/v2\/posts\/70395","targetHints":{"allow":["GET"]}}],"collection":[{"href":"https:\/\/jorgezanoni.com.br\/2019\/wp-json\/wp\/v2\/posts"}],"about":[{"href":"https:\/\/jorgezanoni.com.br\/2019\/wp-json\/wp\/v2\/types\/post"}],"author":[{"embeddable":true,"href":"https:\/\/jorgezanoni.com.br\/2019\/wp-json\/wp\/v2\/users\/1"}],"replies":[{"embeddable":true,"href":"https:\/\/jorgezanoni.com.br\/2019\/wp-json\/wp\/v2\/comments?post=70395"}],"version-history":[{"count":1,"href":"https:\/\/jorgezanoni.com.br\/2019\/wp-json\/wp\/v2\/posts\/70395\/revisions"}],"predecessor-version":[{"id":70397,"href":"https:\/\/jorgezanoni.com.br\/2019\/wp-json\/wp\/v2\/posts\/70395\/revisions\/70397"}],"wp:featuredmedia":[{"embeddable":true,"href":"https:\/\/jorgezanoni.com.br\/2019\/wp-json\/wp\/v2\/media\/70396"}],"wp:attachment":[{"href":"https:\/\/jorgezanoni.com.br\/2019\/wp-json\/wp\/v2\/media?parent=70395"}],"wp:term":[{"taxonomy":"category","embeddable":true,"href":"https:\/\/jorgezanoni.com.br\/2019\/wp-json\/wp\/v2\/categories?post=70395"},{"taxonomy":"post_tag","embeddable":true,"href":"https:\/\/jorgezanoni.com.br\/2019\/wp-json\/wp\/v2\/tags?post=70395"}],"curies":[{"name":"wp","href":"https:\/\/api.w.org\/{rel}","templated":true}]}}