{"id":70377,"date":"2022-10-24T16:10:27","date_gmt":"2022-10-24T16:10:27","guid":{"rendered":"https:\/\/jorgezanoni.com.br\/2019\/?p=70377"},"modified":"2022-10-24T16:10:27","modified_gmt":"2022-10-24T16:10:27","slug":"juridicando-entrevista-juiz-de-direito-responsavel-por-projetos-sociais-inovadores-em-sao-paulo","status":"publish","type":"post","link":"https:\/\/jorgezanoni.com.br\/2019\/juridicando-entrevista-juiz-de-direito-responsavel-por-projetos-sociais-inovadores-em-sao-paulo\/","title":{"rendered":"JURIDICANDO entrevista Juiz de Direito respons\u00e1vel por projetos sociais inovadores em S\u00e3o Paulo"},"content":{"rendered":"<p style=\"text-align: justify;\"><strong><em>JURIDICANDO <\/em><\/strong><strong>entrevista Juiz de Direito respons\u00e1vel por projetos sociais inovadores em S\u00e3o Paulo.<\/strong><\/p>\n<p style=\"text-align: justify;\"><strong>Prof. Me. Jos\u00e9 Eduardo Lourencini<\/strong><\/p>\n<p style=\"text-align: justify;\">O <em>Juridicando, <\/em>podquest do Curso de Direito da UNIFAI, produzido em parceria com a R\u00e1dio Cultura FM 99,3 Mhz, com produ\u00e7\u00e3o e apresenta\u00e7\u00e3o dos professores Igor Terraz Pinto e Jos\u00e9 Eduardo Lima Lourencini, entrevistou o Juiz de Direito Titular da Vara da Inf\u00e2ncia e Juventude e assessor da Corregedoria Geral de Justi\u00e7a de S\u00e3o Paulo Iber\u00ea de Castro Dias.<\/p>\n<p style=\"text-align: justify;\">Na entrevista, Iber\u00ea destacou sua forma\u00e7\u00e3o profissional e os desafios da carreira da magistratura, com especial enfoque aos problemas sociais enfrentados por crian\u00e7as e adolescentes na regi\u00e3o metropolitana de S\u00e3o Paulo.<\/p>\n<p style=\"text-align: justify;\"><strong>Projetos<\/strong><\/p>\n<p style=\"text-align: justify;\">Grande entusiasta da cultura e do esporte, o entrevistado ressaltou que o acesso a crian\u00e7as e adolescentes a manifesta\u00e7\u00f5es culturais e desportivas s\u00e3o verdadeiras garantias constitucionais e n\u00e3o meras normas de car\u00e1ter program\u00e1tico, bem como s\u00e3o fundamentais para o desenvolvimento f\u00edsico e cognitivo dos menores.<\/p>\n<p style=\"text-align: justify;\">Nesse sentido, destacou dois projetos os quais coordena, desenvolvidos em parceria com a Corregedoria Geral de Justi\u00e7a de S\u00e3o Paulo: o \u201cSua que \u00e9 sua\u201d, incentivando crian\u00e7as e adolescentes em situa\u00e7\u00e3o de risco a participarem de corridas de rua, e, ainda o \u201cApadrArte\u201d, que busca parceiros, pessoas f\u00edsicas ou jur\u00eddicas, que financiem o acesso destes menores a toda e qualquer manifesta\u00e7\u00e3o de arte.<\/p>\n<p style=\"text-align: justify;\"><strong>Juridicando nas redes<\/strong><\/p>\n<p style=\"text-align: justify;\">Ficou curioso? Quer saber mais sobre esta conversa e as demais conduzidas no <em>Juridicando<\/em>?<\/p>\n<p style=\"text-align: justify;\">Acompanhe nosso programa, em dois hor\u00e1rios, na R\u00e1dio Cultura FM 99,3 Mhz: As ter\u00e7as-feiras, \u00e0s 22h, e as quartas-feiras, \u00e0s 15h.<\/p>\n<p style=\"text-align: justify;\">Todas as entrevistas voc\u00ea encontra no <em>Youtube<\/em> e no <em>Spotify<\/em> oficiais do programa. \u00c9 s\u00f3 buscar \u201cJuridicando Unifai\u201d.<\/p>\n<p style=\"text-align: justify;\">Texto enviado pelo Prof. S\u00e9rgio Barbosa<\/p>\n","protected":false},"excerpt":{"rendered":"<p>JURIDICANDO entrevista Juiz de Direito respons\u00e1vel por projetos sociais inovadores em S\u00e3o Paulo. Prof. Me. Jos\u00e9 Eduardo Lourencini O Juridicando, podquest do Curso de Direito da UNIFAI, produzido em parceria com a R\u00e1dio Cultura FM 99,3 Mhz, com produ\u00e7\u00e3o e apresenta\u00e7\u00e3o dos professores Igor Terraz Pinto e Jos\u00e9 Eduardo Lima Lourencini, entrevistou o Juiz de [&hellip;]<\/p>\n","protected":false},"author":1,"featured_media":70378,"comment_status":"closed","ping_status":"open","sticky":false,"template":"","format":"standard","meta":{"footnotes":""},"categories":[120,110],"tags":[],"class_list":["post-70377","post","type-post","status-publish","format-standard","has-post-thumbnail","hentry","category-justicahabitacaotecnologia","category-noticiasdestaque"],"_links":{"self":[{"href":"https:\/\/jorgezanoni.com.br\/2019\/wp-json\/wp\/v2\/posts\/70377","targetHints":{"allow":["GET"]}}],"collection":[{"href":"https:\/\/jorgezanoni.com.br\/2019\/wp-json\/wp\/v2\/posts"}],"about":[{"href":"https:\/\/jorgezanoni.com.br\/2019\/wp-json\/wp\/v2\/types\/post"}],"author":[{"embeddable":true,"href":"https:\/\/jorgezanoni.com.br\/2019\/wp-json\/wp\/v2\/users\/1"}],"replies":[{"embeddable":true,"href":"https:\/\/jorgezanoni.com.br\/2019\/wp-json\/wp\/v2\/comments?post=70377"}],"version-history":[{"count":1,"href":"https:\/\/jorgezanoni.com.br\/2019\/wp-json\/wp\/v2\/posts\/70377\/revisions"}],"predecessor-version":[{"id":70379,"href":"https:\/\/jorgezanoni.com.br\/2019\/wp-json\/wp\/v2\/posts\/70377\/revisions\/70379"}],"wp:featuredmedia":[{"embeddable":true,"href":"https:\/\/jorgezanoni.com.br\/2019\/wp-json\/wp\/v2\/media\/70378"}],"wp:attachment":[{"href":"https:\/\/jorgezanoni.com.br\/2019\/wp-json\/wp\/v2\/media?parent=70377"}],"wp:term":[{"taxonomy":"category","embeddable":true,"href":"https:\/\/jorgezanoni.com.br\/2019\/wp-json\/wp\/v2\/categories?post=70377"},{"taxonomy":"post_tag","embeddable":true,"href":"https:\/\/jorgezanoni.com.br\/2019\/wp-json\/wp\/v2\/tags?post=70377"}],"curies":[{"name":"wp","href":"https:\/\/api.w.org\/{rel}","templated":true}]}}