{"id":70354,"date":"2022-10-23T22:24:16","date_gmt":"2022-10-23T22:24:16","guid":{"rendered":"https:\/\/jorgezanoni.com.br\/2019\/?p=70354"},"modified":"2022-10-23T22:24:16","modified_gmt":"2022-10-23T22:24:16","slug":"policia-militar-rodoviaria-recupera-veiculo-com-queixa-de-furto-envolvido-em-sinistro-de-transito","status":"publish","type":"post","link":"https:\/\/jorgezanoni.com.br\/2019\/policia-militar-rodoviaria-recupera-veiculo-com-queixa-de-furto-envolvido-em-sinistro-de-transito\/","title":{"rendered":"Pol\u00edcia Militar Rodovi\u00e1ria recupera ve\u00edculo com Queixa de Furto, envolvido em Sinistro de Tr\u00e2nsito"},"content":{"rendered":"<p style=\"text-align: justify;\"><strong>Acidente foi regisrrado hoje (23) \u00e0s 09:30 Horas, na SPA 001\/563 &#8211; Acesso Rod. Euclides de Oliveira Figueiredo &#8211; km 014,600 &#8211; Pista Leste, munic\u00edpio de Sandovalina.<\/strong><\/p>\n<p style=\"text-align: justify;\">Pol\u00edcia militar rodovi\u00e1ria foi acionada para atendimento de um sinistro de tr\u00e2nsito do tipo choque seguido de capotamento, envolvendo apenas o ve\u00edculo VW\/GOL CL de Mirante do Paranapanema\/SP, tendo o condutor evadido, e ap\u00f3s consultas via sistema Prodesp, verificou-se que o ve\u00edculo estava com \u201cQUEIXA DE FURTO\u201d com fato registrado em 23\/10\/2022 \u00e0s 01h18min, por Teodoro Sampaio\/SP.<\/p>\n<p><img loading=\"lazy\" decoding=\"async\" class=\"alignnone size-full wp-image-70356\" src=\"https:\/\/jorgezanoni.com.br\/2019\/wp-content\/uploads\/2022\/10\/capote1.jpg\" alt=\"\" width=\"1280\" height=\"940\" srcset=\"https:\/\/jorgezanoni.com.br\/2019\/wp-content\/uploads\/2022\/10\/capote1.jpg 1280w, https:\/\/jorgezanoni.com.br\/2019\/wp-content\/uploads\/2022\/10\/capote1-300x220.jpg 300w, https:\/\/jorgezanoni.com.br\/2019\/wp-content\/uploads\/2022\/10\/capote1-1024x752.jpg 1024w, https:\/\/jorgezanoni.com.br\/2019\/wp-content\/uploads\/2022\/10\/capote1-768x564.jpg 768w, https:\/\/jorgezanoni.com.br\/2019\/wp-content\/uploads\/2022\/10\/capote1-80x60.jpg 80w, https:\/\/jorgezanoni.com.br\/2019\/wp-content\/uploads\/2022\/10\/capote1-696x511.jpg 696w, https:\/\/jorgezanoni.com.br\/2019\/wp-content\/uploads\/2022\/10\/capote1-1068x784.jpg 1068w, https:\/\/jorgezanoni.com.br\/2019\/wp-content\/uploads\/2022\/10\/capote1-572x420.jpg 572w\" sizes=\"auto, (max-width: 1280px) 100vw, 1280px\" \/> <img loading=\"lazy\" decoding=\"async\" class=\"alignnone size-full wp-image-70357\" src=\"https:\/\/jorgezanoni.com.br\/2019\/wp-content\/uploads\/2022\/10\/capote2.jpg\" alt=\"\" width=\"576\" height=\"1280\" srcset=\"https:\/\/jorgezanoni.com.br\/2019\/wp-content\/uploads\/2022\/10\/capote2.jpg 576w, https:\/\/jorgezanoni.com.br\/2019\/wp-content\/uploads\/2022\/10\/capote2-135x300.jpg 135w, https:\/\/jorgezanoni.com.br\/2019\/wp-content\/uploads\/2022\/10\/capote2-461x1024.jpg 461w, https:\/\/jorgezanoni.com.br\/2019\/wp-content\/uploads\/2022\/10\/capote2-189x420.jpg 189w\" sizes=\"auto, (max-width: 576px) 100vw, 576px\" \/><\/p>\n<p>Fonte: PMR<\/p>\n","protected":false},"excerpt":{"rendered":"<p>Acidente foi regisrrado hoje (23) \u00e0s 09:30 Horas, na SPA 001\/563 &#8211; Acesso Rod. Euclides de Oliveira Figueiredo &#8211; km 014,600 &#8211; Pista Leste, munic\u00edpio de Sandovalina. Pol\u00edcia militar rodovi\u00e1ria foi acionada para atendimento de um sinistro de tr\u00e2nsito do tipo choque seguido de capotamento, envolvendo apenas o ve\u00edculo VW\/GOL CL de Mirante do Paranapanema\/SP, [&hellip;]<\/p>\n","protected":false},"author":1,"featured_media":70355,"comment_status":"closed","ping_status":"open","sticky":false,"template":"","format":"standard","meta":{"footnotes":""},"categories":[170,110],"tags":[],"class_list":["post-70354","post","type-post","status-publish","format-standard","has-post-thumbnail","hentry","category-acidentes","category-noticiasdestaque"],"_links":{"self":[{"href":"https:\/\/jorgezanoni.com.br\/2019\/wp-json\/wp\/v2\/posts\/70354","targetHints":{"allow":["GET"]}}],"collection":[{"href":"https:\/\/jorgezanoni.com.br\/2019\/wp-json\/wp\/v2\/posts"}],"about":[{"href":"https:\/\/jorgezanoni.com.br\/2019\/wp-json\/wp\/v2\/types\/post"}],"author":[{"embeddable":true,"href":"https:\/\/jorgezanoni.com.br\/2019\/wp-json\/wp\/v2\/users\/1"}],"replies":[{"embeddable":true,"href":"https:\/\/jorgezanoni.com.br\/2019\/wp-json\/wp\/v2\/comments?post=70354"}],"version-history":[{"count":1,"href":"https:\/\/jorgezanoni.com.br\/2019\/wp-json\/wp\/v2\/posts\/70354\/revisions"}],"predecessor-version":[{"id":70358,"href":"https:\/\/jorgezanoni.com.br\/2019\/wp-json\/wp\/v2\/posts\/70354\/revisions\/70358"}],"wp:featuredmedia":[{"embeddable":true,"href":"https:\/\/jorgezanoni.com.br\/2019\/wp-json\/wp\/v2\/media\/70355"}],"wp:attachment":[{"href":"https:\/\/jorgezanoni.com.br\/2019\/wp-json\/wp\/v2\/media?parent=70354"}],"wp:term":[{"taxonomy":"category","embeddable":true,"href":"https:\/\/jorgezanoni.com.br\/2019\/wp-json\/wp\/v2\/categories?post=70354"},{"taxonomy":"post_tag","embeddable":true,"href":"https:\/\/jorgezanoni.com.br\/2019\/wp-json\/wp\/v2\/tags?post=70354"}],"curies":[{"name":"wp","href":"https:\/\/api.w.org\/{rel}","templated":true}]}}