{"id":7034,"date":"2019-09-23T02:26:06","date_gmt":"2019-09-23T02:26:06","guid":{"rendered":"https:\/\/jorgezanoni.com.br\/2019\/?p=7034"},"modified":"2019-09-23T02:27:27","modified_gmt":"2019-09-23T02:27:27","slug":"garota-de-dracena-que-estava-desaparecida-foi-localizada-em-cidade-do-ms","status":"publish","type":"post","link":"https:\/\/jorgezanoni.com.br\/2019\/garota-de-dracena-que-estava-desaparecida-foi-localizada-em-cidade-do-ms\/","title":{"rendered":"Garota de Dracena que estava desaparecida foi localizada em cidade do MS"},"content":{"rendered":"<p style=\"text-align: justify;\">A jovem de 15 anos de idade, TAMIRES SANTOS GON\u00c7ALVES, que estava desaparecida desde a \u00faltima sexta-feira quando foi para a Escola Isac e n\u00e3o retornou, foi localizada em \u00c1guas Claras no Mato Grosso do Sul e est\u00e1 bem.<\/p>\n<p style=\"text-align: justify;\">O Conselho Tutelar est\u00e1 com o caso da garota que est\u00e1 viajando neste momento para Dracena onde ser\u00e1 entregue aos pais.<\/p>\n<p style=\"text-align: justify;\">As informa\u00e7\u00f5es foram prestadas por familiares que agradecem a todos que compartilharam a mat\u00e9ria do Site JZ e ajudaram a resolver o caso.<\/p>\n<p>&nbsp;<\/p>\n<p>&nbsp;<\/p>\n","protected":false},"excerpt":{"rendered":"<p>A jovem de 15 anos de idade, TAMIRES SANTOS GON\u00c7ALVES, que estava desaparecida desde a \u00faltima sexta-feira quando foi para a Escola Isac e n\u00e3o retornou, foi localizada em \u00c1guas Claras no Mato Grosso do Sul e est\u00e1 bem. O Conselho Tutelar est\u00e1 com o caso da garota que est\u00e1 viajando neste momento para Dracena [&hellip;]<\/p>\n","protected":false},"author":1,"featured_media":7035,"comment_status":"closed","ping_status":"open","sticky":false,"template":"","format":"standard","meta":{"footnotes":""},"categories":[110,2],"tags":[],"class_list":["post-7034","post","type-post","status-publish","format-standard","has-post-thumbnail","hentry","category-noticiasdestaque","category-policial"],"_links":{"self":[{"href":"https:\/\/jorgezanoni.com.br\/2019\/wp-json\/wp\/v2\/posts\/7034","targetHints":{"allow":["GET"]}}],"collection":[{"href":"https:\/\/jorgezanoni.com.br\/2019\/wp-json\/wp\/v2\/posts"}],"about":[{"href":"https:\/\/jorgezanoni.com.br\/2019\/wp-json\/wp\/v2\/types\/post"}],"author":[{"embeddable":true,"href":"https:\/\/jorgezanoni.com.br\/2019\/wp-json\/wp\/v2\/users\/1"}],"replies":[{"embeddable":true,"href":"https:\/\/jorgezanoni.com.br\/2019\/wp-json\/wp\/v2\/comments?post=7034"}],"version-history":[{"count":0,"href":"https:\/\/jorgezanoni.com.br\/2019\/wp-json\/wp\/v2\/posts\/7034\/revisions"}],"wp:featuredmedia":[{"embeddable":true,"href":"https:\/\/jorgezanoni.com.br\/2019\/wp-json\/wp\/v2\/media\/7035"}],"wp:attachment":[{"href":"https:\/\/jorgezanoni.com.br\/2019\/wp-json\/wp\/v2\/media?parent=7034"}],"wp:term":[{"taxonomy":"category","embeddable":true,"href":"https:\/\/jorgezanoni.com.br\/2019\/wp-json\/wp\/v2\/categories?post=7034"},{"taxonomy":"post_tag","embeddable":true,"href":"https:\/\/jorgezanoni.com.br\/2019\/wp-json\/wp\/v2\/tags?post=7034"}],"curies":[{"name":"wp","href":"https:\/\/api.w.org\/{rel}","templated":true}]}}