{"id":70327,"date":"2022-10-22T20:09:59","date_gmt":"2022-10-22T20:09:59","guid":{"rendered":"https:\/\/jorgezanoni.com.br\/2019\/?p=70327"},"modified":"2022-10-22T20:09:59","modified_gmt":"2022-10-22T20:09:59","slug":"acidente-de-transito-foi-registrado-na-tarde-desta-sexta-feira","status":"publish","type":"post","link":"https:\/\/jorgezanoni.com.br\/2019\/acidente-de-transito-foi-registrado-na-tarde-desta-sexta-feira\/","title":{"rendered":"Acidente de tr\u00e2nsito foi registrado na tarde desta sexta-feira"},"content":{"rendered":"<p style=\"text-align: justify;\"><strong>Bateram um ve\u00edculo e uma motocicleta. Duas Mulheres foram socorridas ao PAM.<\/strong><\/p>\n<p style=\"text-align: justify;\">Por volta de 16:00 Horas desta sexta-feira (21), aconteceu um acidente de tr\u00e2nsito na esquina das Ruas Monte Castelo com Vendramim.<\/p>\n<p style=\"text-align: justify;\">Segundo informa\u00e7\u00f5es obtidas no local pela reportagem do Site JZ, uma mulher de 42 anos, fazia o sentido Escola Isac \u00e0 Pra\u00e7a da Matriz pela Rua Vendramim com seu ve\u00edculo Corsa e outra mulher de 53 anos, com sua Motocicleta, fazia o sentido bairro-centro pela Monte Castelo.<\/p>\n<p style=\"text-align: justify;\">Com o impacto da batida a senhora da moto caiu ao solo e a do ve\u00edculo n\u00e3o se sentiu bem e as duas acabaram sendo socorridas por uma Unidade de Resgate do Corpo do Bombeiros para o Pronto Atendimento Municipal.<\/p>\n<p style=\"text-align: justify;\">A Pol\u00edcia Militar e a Per\u00edcia T\u00e9cnica compareceram ao local para os levantamentos que ir\u00e3o apontar as causas do acidente.<\/p>\n<p><img loading=\"lazy\" decoding=\"async\" class=\"alignnone size-full wp-image-70328\" src=\"https:\/\/jorgezanoni.com.br\/2019\/wp-content\/uploads\/2022\/10\/IMG_1866-Pequeno.jpg\" alt=\"\" width=\"640\" height=\"480\" srcset=\"https:\/\/jorgezanoni.com.br\/2019\/wp-content\/uploads\/2022\/10\/IMG_1866-Pequeno.jpg 640w, https:\/\/jorgezanoni.com.br\/2019\/wp-content\/uploads\/2022\/10\/IMG_1866-Pequeno-300x225.jpg 300w, https:\/\/jorgezanoni.com.br\/2019\/wp-content\/uploads\/2022\/10\/IMG_1866-Pequeno-80x60.jpg 80w, https:\/\/jorgezanoni.com.br\/2019\/wp-content\/uploads\/2022\/10\/IMG_1866-Pequeno-265x198.jpg 265w, https:\/\/jorgezanoni.com.br\/2019\/wp-content\/uploads\/2022\/10\/IMG_1866-Pequeno-560x420.jpg 560w\" sizes=\"auto, (max-width: 640px) 100vw, 640px\" \/> <img loading=\"lazy\" decoding=\"async\" class=\"alignnone size-full wp-image-70329\" src=\"https:\/\/jorgezanoni.com.br\/2019\/wp-content\/uploads\/2022\/10\/IMG_1867-Pequeno.jpg\" alt=\"\" width=\"640\" height=\"480\" srcset=\"https:\/\/jorgezanoni.com.br\/2019\/wp-content\/uploads\/2022\/10\/IMG_1867-Pequeno.jpg 640w, https:\/\/jorgezanoni.com.br\/2019\/wp-content\/uploads\/2022\/10\/IMG_1867-Pequeno-300x225.jpg 300w, https:\/\/jorgezanoni.com.br\/2019\/wp-content\/uploads\/2022\/10\/IMG_1867-Pequeno-80x60.jpg 80w, https:\/\/jorgezanoni.com.br\/2019\/wp-content\/uploads\/2022\/10\/IMG_1867-Pequeno-265x198.jpg 265w, https:\/\/jorgezanoni.com.br\/2019\/wp-content\/uploads\/2022\/10\/IMG_1867-Pequeno-560x420.jpg 560w\" sizes=\"auto, (max-width: 640px) 100vw, 640px\" \/><\/p>\n<p style=\"text-align: justify;\">Jorge Zanoni<\/p>\n","protected":false},"excerpt":{"rendered":"<p>Bateram um ve\u00edculo e uma motocicleta. Duas Mulheres foram socorridas ao PAM. Por volta de 16:00 Horas desta sexta-feira (21), aconteceu um acidente de tr\u00e2nsito na esquina das Ruas Monte Castelo com Vendramim. Segundo informa\u00e7\u00f5es obtidas no local pela reportagem do Site JZ, uma mulher de 42 anos, fazia o sentido Escola Isac \u00e0 Pra\u00e7a [&hellip;]<\/p>\n","protected":false},"author":1,"featured_media":70330,"comment_status":"closed","ping_status":"open","sticky":false,"template":"","format":"standard","meta":{"footnotes":""},"categories":[170,110],"tags":[],"class_list":["post-70327","post","type-post","status-publish","format-standard","has-post-thumbnail","hentry","category-acidentes","category-noticiasdestaque"],"_links":{"self":[{"href":"https:\/\/jorgezanoni.com.br\/2019\/wp-json\/wp\/v2\/posts\/70327","targetHints":{"allow":["GET"]}}],"collection":[{"href":"https:\/\/jorgezanoni.com.br\/2019\/wp-json\/wp\/v2\/posts"}],"about":[{"href":"https:\/\/jorgezanoni.com.br\/2019\/wp-json\/wp\/v2\/types\/post"}],"author":[{"embeddable":true,"href":"https:\/\/jorgezanoni.com.br\/2019\/wp-json\/wp\/v2\/users\/1"}],"replies":[{"embeddable":true,"href":"https:\/\/jorgezanoni.com.br\/2019\/wp-json\/wp\/v2\/comments?post=70327"}],"version-history":[{"count":1,"href":"https:\/\/jorgezanoni.com.br\/2019\/wp-json\/wp\/v2\/posts\/70327\/revisions"}],"predecessor-version":[{"id":70331,"href":"https:\/\/jorgezanoni.com.br\/2019\/wp-json\/wp\/v2\/posts\/70327\/revisions\/70331"}],"wp:featuredmedia":[{"embeddable":true,"href":"https:\/\/jorgezanoni.com.br\/2019\/wp-json\/wp\/v2\/media\/70330"}],"wp:attachment":[{"href":"https:\/\/jorgezanoni.com.br\/2019\/wp-json\/wp\/v2\/media?parent=70327"}],"wp:term":[{"taxonomy":"category","embeddable":true,"href":"https:\/\/jorgezanoni.com.br\/2019\/wp-json\/wp\/v2\/categories?post=70327"},{"taxonomy":"post_tag","embeddable":true,"href":"https:\/\/jorgezanoni.com.br\/2019\/wp-json\/wp\/v2\/tags?post=70327"}],"curies":[{"name":"wp","href":"https:\/\/api.w.org\/{rel}","templated":true}]}}