{"id":70321,"date":"2022-10-22T18:23:02","date_gmt":"2022-10-22T18:23:02","guid":{"rendered":"https:\/\/jorgezanoni.com.br\/2019\/?p=70321"},"modified":"2022-10-22T18:23:02","modified_gmt":"2022-10-22T18:23:02","slug":"policia-civil-compoem-forcas-de-seguranca-em-acao-de-fiscalizacao-de-transito-em-dracena","status":"publish","type":"post","link":"https:\/\/jorgezanoni.com.br\/2019\/policia-civil-compoem-forcas-de-seguranca-em-acao-de-fiscalizacao-de-transito-em-dracena\/","title":{"rendered":"Pol\u00edcia Civil comp\u00f5em for\u00e7as de seguran\u00e7a em A\u00e7\u00e3o de Fiscaliza\u00e7\u00e3o de Tr\u00e2nsito em Dracena"},"content":{"rendered":"<p style=\"text-align: justify;\"><strong>OPERA\u00c7\u00c3O DIRE\u00c7\u00c3O SEGURA INTEGRADA: POL\u00cdCIA CIVIL COMP\u00d5EM FOR\u00c7AS DE SEGURAN\u00c7A EM A\u00c7\u00c3O DE FISCALIZA\u00c7\u00c3O DE TR\u00c2NSITO EM DRACENA.<\/strong><\/p>\n<p style=\"text-align: justify;\">A Pol\u00edcia Civil, por interm\u00e9dio da Delegacia Seccional de Pol\u00edcia de Dracena, participou entre a noite desta sexta-feira (21) e madrugada de s\u00e1bado (22), da Opera\u00e7\u00e3o Dire\u00e7\u00e3o Segura Integrada, em conjunto com a Pol\u00edcia Militar e coordenada pelo Detran-SP.<\/p>\n<p style=\"text-align: justify;\">A a\u00e7\u00e3o de fiscaliza\u00e7\u00e3o de tr\u00e2nsito visou a orienta\u00e7\u00e3o dos condutores e coibir principalmente os casos de embriaguez ao volante.<\/p>\n<p style=\"text-align: justify;\">Foram montadas blitze, em pontos estrat\u00e9gicos, nas avenidas Presidente Roosevelt e Washington Luiz. E o condutor do ve\u00edculo, ao ser abordado, al\u00e9m da verifica\u00e7\u00e3o da documenta\u00e7\u00e3o obrigat\u00f3ria, ou seja, CNH a CRLV, era tamb\u00e9m convidado a fazer o teste de aferi\u00e7\u00e3o de alcoolemia com o uso do etil\u00f4metro (baf\u00f4metro).<\/p>\n<p style=\"text-align: justify;\">No \u00e2mbito de pol\u00edcia judici\u00e1ria, durante o transcorrer da a\u00e7\u00e3o de fiscaliza\u00e7\u00e3o de tr\u00e2nsito houve o registro de dois procedimentos versando sobre o crime de embriaguez ao volante.<br \/>\nNo primeiro caso, foi elaborado um auto de pris\u00e3o flagrante delito em raz\u00e3o do autor ap\u00f3s ser convidado, em realizar o teste de aferi\u00e7\u00e3o de embriaguez no aparelho denominado etil\u00f4metro, que resultou no valor de 0,64 mg\/l &#8211; miligramas de \u00e1lcool por litro de ar alveolar. J\u00e1 o segundo caso, o condutor recusou-se a assoprar o etil\u00f4metro, por\u00e9m autorizou a coleta de material hem\u00e1tico (sangue) para verifica\u00e7\u00e3o da dosagem de alcoolemia, sendo confeccionado um boletim de ocorr\u00eancia para posterior instaura\u00e7\u00e3o de inqu\u00e9rito policial.<\/p>\n<p><img loading=\"lazy\" decoding=\"async\" class=\"alignnone size-full wp-image-70322\" src=\"https:\/\/jorgezanoni.com.br\/2019\/wp-content\/uploads\/2022\/10\/civil2-Pequeno.jpg\" alt=\"\" width=\"640\" height=\"480\" srcset=\"https:\/\/jorgezanoni.com.br\/2019\/wp-content\/uploads\/2022\/10\/civil2-Pequeno.jpg 640w, https:\/\/jorgezanoni.com.br\/2019\/wp-content\/uploads\/2022\/10\/civil2-Pequeno-300x225.jpg 300w, https:\/\/jorgezanoni.com.br\/2019\/wp-content\/uploads\/2022\/10\/civil2-Pequeno-80x60.jpg 80w, https:\/\/jorgezanoni.com.br\/2019\/wp-content\/uploads\/2022\/10\/civil2-Pequeno-265x198.jpg 265w, https:\/\/jorgezanoni.com.br\/2019\/wp-content\/uploads\/2022\/10\/civil2-Pequeno-560x420.jpg 560w\" sizes=\"auto, (max-width: 640px) 100vw, 640px\" \/> <img loading=\"lazy\" decoding=\"async\" class=\"alignnone size-full wp-image-70323\" src=\"https:\/\/jorgezanoni.com.br\/2019\/wp-content\/uploads\/2022\/10\/civil3-Pequeno.jpg\" alt=\"\" width=\"640\" height=\"480\" srcset=\"https:\/\/jorgezanoni.com.br\/2019\/wp-content\/uploads\/2022\/10\/civil3-Pequeno.jpg 640w, https:\/\/jorgezanoni.com.br\/2019\/wp-content\/uploads\/2022\/10\/civil3-Pequeno-300x225.jpg 300w, https:\/\/jorgezanoni.com.br\/2019\/wp-content\/uploads\/2022\/10\/civil3-Pequeno-80x60.jpg 80w, https:\/\/jorgezanoni.com.br\/2019\/wp-content\/uploads\/2022\/10\/civil3-Pequeno-265x198.jpg 265w, https:\/\/jorgezanoni.com.br\/2019\/wp-content\/uploads\/2022\/10\/civil3-Pequeno-560x420.jpg 560w\" sizes=\"auto, (max-width: 640px) 100vw, 640px\" \/> <img loading=\"lazy\" decoding=\"async\" class=\"alignnone size-full wp-image-70325\" src=\"https:\/\/jorgezanoni.com.br\/2019\/wp-content\/uploads\/2022\/10\/civil1-Pequeno.jpg\" alt=\"\" width=\"640\" height=\"480\" srcset=\"https:\/\/jorgezanoni.com.br\/2019\/wp-content\/uploads\/2022\/10\/civil1-Pequeno.jpg 640w, https:\/\/jorgezanoni.com.br\/2019\/wp-content\/uploads\/2022\/10\/civil1-Pequeno-300x225.jpg 300w, https:\/\/jorgezanoni.com.br\/2019\/wp-content\/uploads\/2022\/10\/civil1-Pequeno-80x60.jpg 80w, https:\/\/jorgezanoni.com.br\/2019\/wp-content\/uploads\/2022\/10\/civil1-Pequeno-265x198.jpg 265w, https:\/\/jorgezanoni.com.br\/2019\/wp-content\/uploads\/2022\/10\/civil1-Pequeno-560x420.jpg 560w\" sizes=\"auto, (max-width: 640px) 100vw, 640px\" \/><\/p>\n<p style=\"text-align: justify;\">Fonte: Com. Social Pol\u00edcia Civil<\/p>\n","protected":false},"excerpt":{"rendered":"<p>OPERA\u00c7\u00c3O DIRE\u00c7\u00c3O SEGURA INTEGRADA: POL\u00cdCIA CIVIL COMP\u00d5EM FOR\u00c7AS DE SEGURAN\u00c7A EM A\u00c7\u00c3O DE FISCALIZA\u00c7\u00c3O DE TR\u00c2NSITO EM DRACENA. A Pol\u00edcia Civil, por interm\u00e9dio da Delegacia Seccional de Pol\u00edcia de Dracena, participou entre a noite desta sexta-feira (21) e madrugada de s\u00e1bado (22), da Opera\u00e7\u00e3o Dire\u00e7\u00e3o Segura Integrada, em conjunto com a Pol\u00edcia Militar e coordenada [&hellip;]<\/p>\n","protected":false},"author":1,"featured_media":70324,"comment_status":"closed","ping_status":"open","sticky":false,"template":"","format":"standard","meta":{"footnotes":""},"categories":[180,110,2],"tags":[],"class_list":["post-70321","post","type-post","status-publish","format-standard","has-post-thumbnail","hentry","category-estradastransitoveiculos","category-noticiasdestaque","category-policial"],"_links":{"self":[{"href":"https:\/\/jorgezanoni.com.br\/2019\/wp-json\/wp\/v2\/posts\/70321","targetHints":{"allow":["GET"]}}],"collection":[{"href":"https:\/\/jorgezanoni.com.br\/2019\/wp-json\/wp\/v2\/posts"}],"about":[{"href":"https:\/\/jorgezanoni.com.br\/2019\/wp-json\/wp\/v2\/types\/post"}],"author":[{"embeddable":true,"href":"https:\/\/jorgezanoni.com.br\/2019\/wp-json\/wp\/v2\/users\/1"}],"replies":[{"embeddable":true,"href":"https:\/\/jorgezanoni.com.br\/2019\/wp-json\/wp\/v2\/comments?post=70321"}],"version-history":[{"count":1,"href":"https:\/\/jorgezanoni.com.br\/2019\/wp-json\/wp\/v2\/posts\/70321\/revisions"}],"predecessor-version":[{"id":70326,"href":"https:\/\/jorgezanoni.com.br\/2019\/wp-json\/wp\/v2\/posts\/70321\/revisions\/70326"}],"wp:featuredmedia":[{"embeddable":true,"href":"https:\/\/jorgezanoni.com.br\/2019\/wp-json\/wp\/v2\/media\/70324"}],"wp:attachment":[{"href":"https:\/\/jorgezanoni.com.br\/2019\/wp-json\/wp\/v2\/media?parent=70321"}],"wp:term":[{"taxonomy":"category","embeddable":true,"href":"https:\/\/jorgezanoni.com.br\/2019\/wp-json\/wp\/v2\/categories?post=70321"},{"taxonomy":"post_tag","embeddable":true,"href":"https:\/\/jorgezanoni.com.br\/2019\/wp-json\/wp\/v2\/tags?post=70321"}],"curies":[{"name":"wp","href":"https:\/\/api.w.org\/{rel}","templated":true}]}}